{"id":4543,"date":"2009-03-03T18:55:43","date_gmt":"2009-03-03T16:55:43","guid":{"rendered":"http:\/\/www.korhanyilmaz.com\/?p=4543"},"modified":"2009-03-03T18:55:43","modified_gmt":"2009-03-03T16:55:43","slug":"protokolde-seyh-var","status":"publish","type":"post","link":"http:\/\/www.korhanyilmaz.com\/?p=4543","title":{"rendered":"Protokolde &#039;\u015feyh&#039; var"},"content":{"rendered":"<p style=\"text-align: center;\"><img loading=\"lazy\" decoding=\"async\" class=\"aligncenter size-full wp-image-4544\" title=\"Protokolde '\u015feyh' var \" src=\"http:\/\/www.korhanyilmaz.com\/wp-content\/uploads\/2009\/03\/030320091852160294572.jpg\" alt=\"Protokolde '\u015feyh' var \" width=\"376\" height=\"240\" \/><\/p>\n<p style=\"text-align: justify;\"><strong>Manisa Valisi&#8217;nin yan\u0131nda oturdu, fark edilince ikinci s\u0131raya al\u0131nd\u0131<\/strong>.<\/p>\n<p style=\"text-align: justify;\">MAN\u0130SA&#8217;da restore edilen Yakup A\u011fa Subyan Mektebi&#8217;nin a\u00e7\u0131l\u0131\u015f\u0131 protokol skandal\u0131na sahne oldu. \u00c7evresinde &#8216;\u015feyh&#8217; diye hitap etti\u011fi sakall\u0131, sar\u0131kl\u0131 ve c\u00fcppeli Mehmet Salih ad\u0131ndaki ki\u015fi, AKP Manisa Milletvekili B\u00fclent Ar\u0131n\u00e7, Vali Celalettin G\u00fcven\u00e7 ve Manisa Belediye Ba\u015fkan\u0131 AKP&#8217;li B\u00fclent Kar&#8217;\u0131n da yer ald\u0131\u011f\u0131 protokol\u00fcn birinci s\u0131ras\u0131na oturunca dikkatleri \u00fczerine \u00e7ekti. Vali G\u00fcven\u00e7&#8217;in yan\u0131 ba\u015f\u0131ndaki ye\u015fil c\u00fcppeli Mehmet Salih, gazetecilerin kendisini g\u00f6r\u00fcnt\u00fclemesi \u00fczerine Ar\u0131n\u00e7&#8217;\u0131n korumalar\u0131 taraf\u0131ndan yerinden kald\u0131r\u0131l\u0131p ikinci s\u0131raya g\u00f6nderildi. Bunun \u00fczerine \u0130l Genel Meclisi Ba\u015fkan\u0131 AKP&#8217;li Hayrullah Solmaz, yan\u0131na gidip g\u00f6nl\u00fcn\u00fc ald\u0131 ve gazetecilere de &#8216;olumsuz haber yapmay\u0131n&#8217; dedi.<br \/>\n<!--more--><br \/>\nManisa Belediyesi ve Milenyum Memurlar Derne\u011fi taraf\u0131ndan restore ettirilen kentin Ege Mahallesi&#8217;ndeki Yakup A\u011fa Subyan Mektebi bug\u00fcn t\u00f6renle a\u00e7\u0131ld\u0131. \u00c7ocuklar i\u00e7in bilgisayar salonu ve okuma odas\u0131na d\u00f6n\u00fc\u015ft\u00fcr\u00fclen mektebin a\u00e7\u0131l\u0131\u015f\u0131na AKP Manisa Milletvekili B\u00fclent Ar\u0131n\u00e7, Vali Celalettin G\u00fcven\u00e7, Belediye Ba\u015fkan\u0131 AKP&#8217;li B\u00fclent Kar ve \u0130l Genel Meclisi Ba\u015fkan\u0131 AKP&#8217;li Hayrullah Solmaz&#8217;\u0131n yan\u0131 s\u0131ra \u00e7ok say\u0131da ki\u015fi kat\u0131ld\u0131.\n<\/p>\n<p style=\"text-align: justify;\"><strong>VAL\u0130N\u0130N YANINA OTURDU<\/strong><\/p>\n<p style=\"text-align: justify;\">T\u00f6rende, mahalle sakinleri taraf\u0131ndan &#8216;\u015feyh&#8217; diye bilinen, sakall\u0131, sar\u0131kl\u0131 ve c\u00fcppeli 60 ya\u015flar\u0131ndaki Mehmet Salih adl\u0131 ki\u015fi, protokol\u00fcn ilk s\u0131ras\u0131nda yer ald\u0131. Vali G\u00fcven\u00e7&#8217;in hemen yan\u0131na oturan ve oradakilerden yo\u011fun ilgi g\u00f6sterdi\u011fi Mehmet salih adl\u0131 ki\u015fi, gazetecilerin kendisini g\u00f6r\u00fcnt\u00fclemesi \u00fczerine y\u00fcz\u00fcn\u00fc gizlemeye \u00e7al\u0131\u015ft\u0131.<\/p>\n<p style=\"text-align: justify;\">Bu g\u00f6r\u00fcnt\u00fc dikkat \u00e7ekerken, durumu fark eden B\u00fclent Ar\u0131n\u00e7&#8217;\u0131n korumalar\u0131 taraf\u0131ndan yerinden kald\u0131r\u0131lan Mehmet Salih, konu\u015fmalar devam ederken protokol\u00fcn ikinci s\u0131ras\u0131na g\u00f6nderildi. Vali G\u00fcven\u00e7&#8217;in de son derece gerildi\u011fi ve Mehmet Salih ile g\u00f6z g\u00f6ze gelmemeye \u00e7al\u0131\u015ft\u0131\u011f\u0131 anlar\u0131n ard\u0131ndan \u0130l Genel Meclisi Ba\u015fkan\u0131 AKP&#8217;li Hayrullah Solmaz devreye girdi. Yerinden kalkt\u0131\u011f\u0131 i\u00e7in k\u0131r\u0131ld\u0131\u011f\u0131 g\u00f6zlenen c\u00fcppeli Mehmet Salih&#8217;i teselli etmek Solmaz&#8217;a d\u00fc\u015ft\u00fc.<\/p>\n<p style=\"text-align: justify;\">AKP&#8217;li B\u00fclent Ar\u0131n\u00e7 ise k\u00fcrs\u00fcden yapt\u0131\u011f\u0131 konu\u015fmas\u0131nda, Manisa Belediyesi ile Milenyum Memurlar Derne\u011fi&#8217;ne \u00f6vg\u00fcler ya\u011fd\u0131rd\u0131. Ar\u0131n\u00e7, &#8220;Tarihi de\u011ferlerimiz kamu ve \u00f6zel sekt\u00f6r i\u015fbirli\u011fi ile g\u00fcny\u00fcz\u00fcne \u00e7\u0131kmaya devam ediyor. Mahalleli \u00e7ocuklar\u0131n ders \u00e7al\u0131\u015fmalar\u0131 i\u00e7in dizayn edilen bu mektebi koruyun, kollay\u0131n ve bozulmas\u0131na izin vermeyin&#8221; dedi.<\/p>\n<p style=\"text-align: justify;\"><strong>AKP&#8217;L\u0130 BA\u015eKAN EL\u0130N\u0130 SIKTI<\/strong><\/p>\n<p style=\"text-align: justify;\">Konu\u015fmalar\u0131n sonras\u0131nda, a\u00e7\u0131l\u0131\u015f yap\u0131lmak \u00fczere, Yakup A\u011fa Subyan Mektebi&#8217;nin bah\u00e7e k\u0131sm\u0131ndaki merdivenlerden a\u015fa\u011f\u0131ya inildi. Bu s\u0131rada Manisa Belediye Ba\u015fkan\u0131 AKP&#8217;li B\u00fclent Kar da Mehmet Salih&#8217;in yan\u0131na giderek elini s\u0131kt\u0131 ve bir s\u00fcre sohbet etti. A\u00e7\u0131l\u0131\u015f kurdelesinin kesildi\u011fi yere gitmemeyi tercih eden c\u00fcppeli Mehmet Salih, mektep bah\u00e7esini terk etmek istedi.<\/p>\n<p style=\"text-align: justify;\">Ar\u0131n\u00e7&#8217;\u0131n kurdeleyi mahalleli \u00e7ocuklar ile birlikte kesip ayr\u0131lmas\u0131n\u0131n ard\u0131ndan \u0130l Genel Meclisi Ba\u015fkan\u0131 Solmaz bir kez daha &#8216;\u015feyh&#8217; olarak bilinen Mehmet Salih&#8217;in yan\u0131na gidip sohbet etti.<\/p>\n<p style=\"text-align: justify;\">AKP&#8217;li Solmaz, protokol\u00fcn birinci s\u0131ras\u0131na oturan c\u00fcppeli Mehmet Salih&#8217;in kim oldu\u011funu soran DHA muhabirine, &#8220;Mehmet Salih a\u011fabeyimiz hem\u015fehrimizdir. Kendisini \u00e7ok sever ve sayar\u0131z. Kendisi Manisa&#8217;n\u0131n ve bu mahallenin ileri gelenlerindendir. Fevkalade sevilen bir insand\u0131r. H\u00fcrmet etti\u011fimiz bir insand\u0131r. Biz de h\u00fcrmete sayg\u0131 g\u00f6sterdik. Bu s\u00f6ylediklerimin d\u0131\u015f\u0131nda bir haber yaz\u0131lmas\u0131n\u0131 istemiyorum&#8221; diyerek uyar\u0131da bulundu.<\/p>\n<p style=\"text-align: justify;\">Sakal\u0131, sar\u0131\u011f\u0131 ve c\u00fcppesiyle protokolde yer alan Mehmet Salih, daha sonra sessizce t\u00f6ren alan\u0131ndan ayr\u0131ld\u0131. Mehmet Salih&#8217;i tan\u0131yanlar, herhangi bir i\u015f yapmad\u0131\u011f\u0131n\u0131, sahibi oldu\u011fu birka\u00e7 d\u00fckkan\u0131n kira gelirleriyle ge\u00e7indi\u011fi s\u00f6yledi.<\/p>\n<p style=\"text-align: justify;\"><span style=\"color: #888888;\">Kaynak : Vatan Gazetesi<\/span><\/p>\n","protected":false},"excerpt":{"rendered":"<p style=\"text-align: center;\">\n<p style=\"text-align: justify;\">Manisa Valisi&#8217;nin yan\u0131nda oturdu, fark edilince ikinci s\u0131raya al\u0131nd\u0131.<\/p>\n<p style=\"text-align: justify;\">MAN\u0130SA&#8217;da restore edilen Yakup A\u011fa Subyan Mektebi&#8217;nin a\u00e7\u0131l\u0131\u015f\u0131 protokol skandal\u0131na sahne oldu. \u00c7evresinde &#8216;\u015feyh&#8217; diye hitap etti\u011fi sakall\u0131, sar\u0131kl\u0131 ve c\u00fcppeli Mehmet Salih ad\u0131ndaki ki\u015fi, AKP Manisa Milletvekili B\u00fclent Ar\u0131n\u00e7, Vali Celalettin G\u00fcven\u00e7 ve Manisa Belediye Ba\u015fkan\u0131 AKP&#8217;li B\u00fclent <\/p>\n","protected":false},"author":1,"featured_media":0,"comment_status":"open","ping_status":"closed","sticky":false,"template":"","format":"standard","meta":{"footnotes":""},"categories":[105],"tags":[],"class_list":["post-4543","post","type-post","status-publish","format-standard","hentry","category-gundem","odd"],"_links":{"self":[{"href":"http:\/\/www.korhanyilmaz.com\/index.php?rest_route=\/wp\/v2\/posts\/4543","targetHints":{"allow":["GET"]}}],"collection":[{"href":"http:\/\/www.korhanyilmaz.com\/index.php?rest_route=\/wp\/v2\/posts"}],"about":[{"href":"http:\/\/www.korhanyilmaz.com\/index.php?rest_route=\/wp\/v2\/types\/post"}],"author":[{"embeddable":true,"href":"http:\/\/www.korhanyilmaz.com\/index.php?rest_route=\/wp\/v2\/users\/1"}],"replies":[{"embeddable":true,"href":"http:\/\/www.korhanyilmaz.com\/index.php?rest_route=%2Fwp%2Fv2%2Fcomments&post=4543"}],"version-history":[{"count":0,"href":"http:\/\/www.korhanyilmaz.com\/index.php?rest_route=\/wp\/v2\/posts\/4543\/revisions"}],"wp:attachment":[{"href":"http:\/\/www.korhanyilmaz.com\/index.php?rest_route=%2Fwp%2Fv2%2Fmedia&parent=4543"}],"wp:term":[{"taxonomy":"category","embeddable":true,"href":"http:\/\/www.korhanyilmaz.com\/index.php?rest_route=%2Fwp%2Fv2%2Fcategories&post=4543"},{"taxonomy":"post_tag","embeddable":true,"href":"http:\/\/www.korhanyilmaz.com\/index.php?rest_route=%2Fwp%2Fv2%2Ftags&post=4543"}],"curies":[{"name":"wp","href":"https:\/\/api.w.org\/{rel}","templated":true}]}}