{"id":45428,"date":"2011-12-27T23:50:55","date_gmt":"2011-12-27T21:50:55","guid":{"rendered":"http:\/\/www.korhanyilmaz.com\/?p=45428"},"modified":"2011-12-28T01:40:35","modified_gmt":"2011-12-27T23:40:35","slug":"fukara-vekilden-hayir-gelmez","status":"publish","type":"post","link":"http:\/\/www.korhanyilmaz.com\/?p=45428","title":{"rendered":"&#8220;Fukara vekilden hay\u0131r gelmez&#8221;"},"content":{"rendered":"<p style=\"text-align: center;\"><a href=\"http:\/\/www.korhanyilmaz.com\/wp-content\/uploads\/2011\/12\/8799.jpg\"  class=\"lightview\"><img loading=\"lazy\" decoding=\"async\" class=\"aligncenter  wp-image-45429\" src=\"http:\/\/www.korhanyilmaz.com\/wp-content\/uploads\/2011\/12\/8799.jpg\" alt=\"\" width=\"322\" height=\"241\" \/><\/a><\/p>\n<p style=\"text-align: justify;\"><strong>Habert\u00fcrk&#8217;\u00fcn yay\u0131n\u0131na kat\u0131lan Burhan Kuzu&#8217;dan tart\u0131\u015f\u0131lacak s\u00f6zler: <span style=\"text-decoration: underline;\">Fukara vekilden hay\u0131r gelmez.<\/span><\/strong><\/p>\n<p style=\"text-align: justify;\">\u0130stanbul- Habert\u00fcrk televizyonunda Fatih Altayl\u0131&#8217;n\u0131n sorular\u0131n\u0131 yan\u0131tlayan AKP Milletvekili ve TBMM Anayasa Komisyonu Ba\u015fkan\u0131 Burhan Kuzu emekli vekillerin maa\u015f\u0131na yap\u0131lan zamla ilgili olarak &#8220;Prensip olarak milletvekillerinin durumunun iyi olmas\u0131ndan yanay\u0131m&#8221; dedi.\u00a0<!--more--><\/p>\n<p style=\"text-align: justify;\">Yasan\u0131n yanl\u0131\u015f aktar\u0131ld\u0131\u011f\u0131n\u0131 iddia eden Kuzu, s\u00f6z edilen maa\u015f\u0131n al\u0131nabilmesi i\u00e7in 23 y\u0131ll\u0131k \u00e7al\u0131\u015fma, en az iki y\u0131ll\u0131k vekillik \u015fart\u0131n\u0131n oldu\u011funu ayr\u0131ca emeklilik ya\u015f\u0131na gelince bu haktan yararlan\u0131laca\u011f\u0131n\u0131 s\u00f6yledi.<\/p>\n<p style=\"text-align: justify;\">\u0130smini vermedi\u011fi eski bir Meclis Ba\u015fkan\u0131&#8217;n\u0131n odas\u0131nda &#8220;h\u00fcng\u00fcr h\u00fcng\u00fcr a\u011flad\u0131\u011f\u0131n\u0131&#8221; s\u00f6yleyen Kuzu, &#8220;2500 lira kira veriyordu, 4000 lira maa\u015f al\u0131yordu&#8221; dedi.<\/p>\n<p style=\"text-align: justify;\">&#8220;Milletvekilinin ald\u0131\u011f\u0131 emekli maa\u015f\u0131 bir generalin emekli maa\u015f\u0131 ile ayn\u0131. O mesele edilmiyor. &#8216;General als\u0131n, milletvekili almas\u0131n&#8217; diyorsan\u0131z can\u0131n\u0131z sa\u011folsun&#8221; diyen Burhan Kuzu, \u00f6nergede 3 partiden vekillerin imzas\u0131 oldu\u011funu kaydetti. \u00d6nergenin verildi\u011fi oturumu y\u00f6neten Meral Ak\u015fener&#8217;in b\u00fct\u00fcn partilerin grup ba\u015fkanvekillerine sordu\u011funu ve d\u00f6rt partiden olumlu yan\u0131t ald\u0131\u011f\u0131n\u0131 s\u00f6yleyen Kuzu, tart\u0131\u015fman\u0131n perde arkas\u0131nda bir &#8220;pazarl\u0131k&#8221; oldu\u011funu \u00f6ne s\u00fcrd\u00fc: &#8220;(Ergenekon&#8217;dan Silivri&#8217;de yatanlar \u00e7\u0131ks\u0131n, biz de buna imza verlim) diyorlar. S\u00f6yler misiniz, ne alakas\u0131 var? O zaman bu maa\u015f art\u0131\u015f\u0131 yanl\u0131\u015f olmayacak m\u0131yd\u0131?&#8221;<\/p>\n<p style=\"text-align: justify;\">Burhan Kuzu \u015f\u00f6yle devam etti:<\/p>\n<p style=\"text-align: justify;\">&#8220;Fakir fukara, onun eline bakan vekilden hay\u0131r gelmez. Misafirin gelmi\u015f, yatacak yer bulam\u0131yorsun, adam inanmaz buna. O zaman da g\u00fc\u00e7 odaklar\u0131 bana i\u015f yapt\u0131racak. Millet bunu mu istiyor? D\u00fcnya ile mukayese edelim. Bu paray\u0131 biz hi\u00e7 almazsak T\u00fcrkiye&#8217;deki emekliye 25 kuru\u015f d\u00fc\u015fmez&#8221;<\/p>\n<p style=\"text-align: justify;\"><a href=\"http:\/\/www.cumhuriyet.com.tr\/?hn=303580\" target=\"_blank\">Kaynak : Cumhuriyet Haber Portal\u0131<\/a><\/p>\n","protected":false},"excerpt":{"rendered":"<p style=\"text-align: center;\">\n<p style=\"text-align: justify;\">Habert\u00fcrk&#8217;\u00fcn yay\u0131n\u0131na kat\u0131lan Burhan Kuzu&#8217;dan tart\u0131\u015f\u0131lacak s\u00f6zler: Fukara vekilden hay\u0131r gelmez.<\/p>\n<p style=\"text-align: justify;\">\u0130stanbul- Habert\u00fcrk televizyonunda Fatih Altayl\u0131&#8217;n\u0131n sorular\u0131n\u0131 yan\u0131tlayan AKP Milletvekili ve TBMM Anayasa Komisyonu Ba\u015fkan\u0131 Burhan Kuzu emekli vekillerin maa\u015f\u0131na yap\u0131lan zamla ilgili olarak &#8220;Prensip olarak milletvekillerinin durumunun iyi olmas\u0131ndan yanay\u0131m&#8221; dedi. <\/p>\n","protected":false},"author":1,"featured_media":0,"comment_status":"open","ping_status":"open","sticky":false,"template":"","format":"standard","meta":{"footnotes":""},"categories":[105],"tags":[602],"class_list":["post-45428","post","type-post","status-publish","format-standard","hentry","category-gundem","tag-burhan-kuzu","odd"],"_links":{"self":[{"href":"http:\/\/www.korhanyilmaz.com\/index.php?rest_route=\/wp\/v2\/posts\/45428","targetHints":{"allow":["GET"]}}],"collection":[{"href":"http:\/\/www.korhanyilmaz.com\/index.php?rest_route=\/wp\/v2\/posts"}],"about":[{"href":"http:\/\/www.korhanyilmaz.com\/index.php?rest_route=\/wp\/v2\/types\/post"}],"author":[{"embeddable":true,"href":"http:\/\/www.korhanyilmaz.com\/index.php?rest_route=\/wp\/v2\/users\/1"}],"replies":[{"embeddable":true,"href":"http:\/\/www.korhanyilmaz.com\/index.php?rest_route=%2Fwp%2Fv2%2Fcomments&post=45428"}],"version-history":[{"count":0,"href":"http:\/\/www.korhanyilmaz.com\/index.php?rest_route=\/wp\/v2\/posts\/45428\/revisions"}],"wp:attachment":[{"href":"http:\/\/www.korhanyilmaz.com\/index.php?rest_route=%2Fwp%2Fv2%2Fmedia&parent=45428"}],"wp:term":[{"taxonomy":"category","embeddable":true,"href":"http:\/\/www.korhanyilmaz.com\/index.php?rest_route=%2Fwp%2Fv2%2Fcategories&post=45428"},{"taxonomy":"post_tag","embeddable":true,"href":"http:\/\/www.korhanyilmaz.com\/index.php?rest_route=%2Fwp%2Fv2%2Ftags&post=45428"}],"curies":[{"name":"wp","href":"https:\/\/api.w.org\/{rel}","templated":true}]}}