{"id":45417,"date":"2011-12-27T22:21:50","date_gmt":"2011-12-27T20:21:50","guid":{"rendered":"http:\/\/www.korhanyilmaz.com\/?p=45417"},"modified":"2011-12-28T00:21:54","modified_gmt":"2011-12-27T22:21:54","slug":"gul-yakisiksiz-bir-durum-cozulmeli","status":"publish","type":"post","link":"http:\/\/www.korhanyilmaz.com\/?p=45417","title":{"rendered":"G\u00fcl: Yak\u0131\u015f\u0131ks\u0131z bir durum, \u00e7\u00f6z\u00fclmeli"},"content":{"rendered":"<p style=\"text-align: center;\"><a href=\"http:\/\/www.korhanyilmaz.com\/wp-content\/uploads\/2011\/12\/8795.jpg\"  class=\"lightview\"><img loading=\"lazy\" decoding=\"async\" class=\"aligncenter  wp-image-45418\" src=\"http:\/\/www.korhanyilmaz.com\/wp-content\/uploads\/2011\/12\/8795.jpg\" alt=\"\" width=\"389\" height=\"218\" \/><\/a><\/p>\n<p style=\"text-align: justify;\">&#8220;Yak\u0131\u015f\u0131k almayan bir durum&#8221; diyen Cumhurba\u015fkan\u0131 Abdullah G\u00fcl, g\u00f6rev s\u00fcresiyle ilgili karar\u0131n bir an \u00f6nce netle\u015fmesini arzu etti\u011fini s\u00f6yledi.<\/p>\n<p style=\"text-align: justify;\">Cumhurba\u015fkan\u0131 Abdullah G\u00fcl, g\u00f6rev s\u00fcresiyle ilgili konu\u015ftu.<\/p>\n<p style=\"text-align: justify;\">S\u00fcreyle ilgili bir \u015fey s\u00f6ylemeyece\u011fini dile getiren G\u00fcl, &#8220;yak\u0131\u015f\u0131ks\u0131z bir durum ortaya \u00e7\u0131k\u0131yor&#8221; de\u011ferlendirmesinde bulundu ve konunun bir an \u00f6nce \u00e7\u00f6z\u00fclmesini arzu etti\u011fini ifade etti.\u00a0<!--more--><\/p>\n<p style=\"text-align: justify;\">G\u00fcl, siyasetle ilgii herhangi bir beklentisi olmad\u0131\u011f\u0131n\u0131 da kaydetti.<\/p>\n<p style=\"text-align: justify;\"><span style=\"text-decoration: underline;\">Kanal 24&#8217;te kat\u0131ld\u0131\u011f\u0131 canl\u0131 yay\u0131nda gazetecilerin sorular\u0131 \u00fczerine G\u00fcl \u015funlar\u0131 s\u00f6yledi<\/span>:<\/p>\n<p style=\"text-align: justify;\">&#8221;Cumhurba\u015fkan\u0131 olarak g\u00f6rev s\u00fcremle ilgili bir \u015fey s\u00f6ylemem.<\/p>\n<p style=\"text-align: justify;\">Yap\u0131lan tart\u0131\u015fmalar bazen o noktaya geliyor ki, beni siyasetin bir par\u00e7as\u0131 gibi g\u00f6r\u00fcp konu\u015fanlar \u00e7ok oluyor. Halbuki ben cumhurba\u015fkan\u0131 olduktan sonra siyasetin i\u00e7inden gelmi\u015f, Ba\u015fbakanl\u0131k, D\u0131\u015fi\u015fleri Bakanl\u0131\u011f\u0131 yapm\u0131\u015f, parti kurucusu olmu\u015f bir ki\u015fi olmama ra\u011fmen cumhurba\u015fkanl\u0131\u011f\u0131n\u0131, siyasetin d\u0131\u015f\u0131nda tutmak i\u00e7in ola\u011fan\u00fcst\u00fc bir \u00e7aba g\u00f6sterdim. Bunu kamuoyu ve sizler takdir edeceksiniz. Ben bunu g\u00f6sterirken, herkesin de bu dikkati g\u00f6stermesini isterim makam a\u00e7\u0131s\u0131ndan. Bu konuyla ilgili karar neyse bunun da bir an \u00f6nce netle\u015fmesini \u00e7ok arzu ederim \u00e7\u00fcnk\u00fc yak\u0131\u015f\u0131k almayan bir durum ortaya \u00e7\u0131k\u0131yor.<\/p>\n<p style=\"text-align: justify;\">Benim prensibim \u015fu oldu; hangi g\u00f6revi yap\u0131yorsam, o g\u00f6revi hakk\u0131yla yapmak&#8230; Onun d\u0131\u015f\u0131nda hi\u00e7bir \u015fey d\u00fc\u015f\u00fcnmedim. Bug\u00fcn de cumhurba\u015fkan\u0131 olarak, cumhurba\u015fkanl\u0131\u011f\u0131 gibi \u00e7ok sorumlu ve onurlu bir g\u00f6revi hakk\u0131yla yapman\u0131n d\u0131\u015f\u0131nda bir \u015fey d\u00fc\u015f\u00fcnmedim, d\u00fc\u015f\u00fcnm\u00fcyorum da. Daha da a\u00e7\u0131k s\u00f6yleyeyim, siyasetle ilgili herhangi bir hesab\u0131m da yok. bunun da bilinmesini isterim.&#8221;<\/p>\n<p style=\"text-align: justify;\"><strong>&#8220;BEKLENT\u0130M YOK&#8221;<\/strong><\/p>\n<p style=\"text-align: justify;\">Cumhurba\u015fkanl\u0131\u011f\u0131ndan sonra kariyerinin nas\u0131l devam edece\u011finin merak edildi\u011finin sorulmas\u0131 \u00fczerine G\u00fcl, hayatta emeklili\u011fe inanmad\u0131\u011f\u0131n\u0131 s\u00f6yledi. \u0130nsan\u0131n ne i\u015f yapt\u0131\u011f\u0131n\u0131n ayr\u0131 konu oldu\u011funu dile getiren G\u00fcl, &#8221;Tekrar s\u00f6yl\u00fcyorum, siyasi bir beklenti ve hesap i\u00e7inde de\u011filim. Zihnimi me\u015fgul eden b\u00f6yle bir konu s\u00f6z konusu de\u011fil&#8221; dedi.<\/p>\n<p style=\"text-align: justify;\">G\u00fcl, &#8221;5 y\u0131l olsa devam etmek ister misiniz, 7 y\u0131l olsa yeterlilik g\u00f6r\u00fcr m\u00fcs\u00fcn\u00fcz?&#8221; sorusunu, &#8221;Buna birazc\u0131k girmeye ba\u015flarsam arkas\u0131 \u00e7ok gelir&#8221; diye yan\u0131tlad\u0131.<\/p>\n<p style=\"text-align: justify;\">Siyasette her kademede bulundu\u011funu ve cumhurba\u015fkan\u0131 konumuna geldi\u011fini vurgulayan G\u00fcl, &#8221;Benim bundan sonra yapaca\u011f\u0131m \u015feyler gayet belli. Siyaseti yapt\u0131m ve geldim&#8221; dedi.<\/p>\n<p style=\"text-align: justify;\"><a href=\"http:\/\/www.ntvmsnbc.com\/id\/25309498\" target=\"_blank\">Kaynak : NTVMSNBC<\/a><\/p>\n","protected":false},"excerpt":{"rendered":"<p style=\"text-align: center;\">\n<p style=\"text-align: justify;\">&#8220;Yak\u0131\u015f\u0131k almayan bir durum&#8221; diyen Cumhurba\u015fkan\u0131 Abdullah G\u00fcl, g\u00f6rev s\u00fcresiyle ilgili karar\u0131n bir an \u00f6nce netle\u015fmesini arzu etti\u011fini s\u00f6yledi.<\/p>\n<p style=\"text-align: justify;\">Cumhurba\u015fkan\u0131 Abdullah G\u00fcl, g\u00f6rev s\u00fcresiyle ilgili konu\u015ftu.<\/p>\n<p style=\"text-align: justify;\">S\u00fcreyle ilgili bir \u015fey s\u00f6ylemeyece\u011fini dile getiren G\u00fcl, &#8220;yak\u0131\u015f\u0131ks\u0131z bir durum ortaya \u00e7\u0131k\u0131yor&#8221; de\u011ferlendirmesinde bulundu ve konunun bir an \u00f6nce <\/p>\n","protected":false},"author":1,"featured_media":0,"comment_status":"open","ping_status":"open","sticky":false,"template":"","format":"standard","meta":{"footnotes":""},"categories":[105],"tags":[],"class_list":["post-45417","post","type-post","status-publish","format-standard","hentry","category-gundem","odd"],"_links":{"self":[{"href":"http:\/\/www.korhanyilmaz.com\/index.php?rest_route=\/wp\/v2\/posts\/45417","targetHints":{"allow":["GET"]}}],"collection":[{"href":"http:\/\/www.korhanyilmaz.com\/index.php?rest_route=\/wp\/v2\/posts"}],"about":[{"href":"http:\/\/www.korhanyilmaz.com\/index.php?rest_route=\/wp\/v2\/types\/post"}],"author":[{"embeddable":true,"href":"http:\/\/www.korhanyilmaz.com\/index.php?rest_route=\/wp\/v2\/users\/1"}],"replies":[{"embeddable":true,"href":"http:\/\/www.korhanyilmaz.com\/index.php?rest_route=%2Fwp%2Fv2%2Fcomments&post=45417"}],"version-history":[{"count":0,"href":"http:\/\/www.korhanyilmaz.com\/index.php?rest_route=\/wp\/v2\/posts\/45417\/revisions"}],"wp:attachment":[{"href":"http:\/\/www.korhanyilmaz.com\/index.php?rest_route=%2Fwp%2Fv2%2Fmedia&parent=45417"}],"wp:term":[{"taxonomy":"category","embeddable":true,"href":"http:\/\/www.korhanyilmaz.com\/index.php?rest_route=%2Fwp%2Fv2%2Fcategories&post=45417"},{"taxonomy":"post_tag","embeddable":true,"href":"http:\/\/www.korhanyilmaz.com\/index.php?rest_route=%2Fwp%2Fv2%2Ftags&post=45417"}],"curies":[{"name":"wp","href":"https:\/\/api.w.org\/{rel}","templated":true}]}}