{"id":45413,"date":"2011-12-27T17:20:00","date_gmt":"2011-12-27T15:20:00","guid":{"rendered":"http:\/\/www.korhanyilmaz.com\/?p=45413"},"modified":"2011-12-27T23:22:42","modified_gmt":"2011-12-27T21:22:42","slug":"chpnin-erdogana-actigi-davalara-ret","status":"publish","type":"post","link":"http:\/\/www.korhanyilmaz.com\/?p=45413","title":{"rendered":"CHP&#8217;nin Erdo\u011fan&#8217;a a\u00e7t\u0131\u011f\u0131 davalara ret"},"content":{"rendered":"<p style=\"text-align: justify;\"><a href=\"http:\/\/www.korhanyilmaz.com\/wp-content\/uploads\/2011\/12\/8794.jpg\"  class=\"lightview\"><img loading=\"lazy\" decoding=\"async\" class=\"aligncenter size-full wp-image-45414\" title=\"\" src=\"http:\/\/www.korhanyilmaz.com\/wp-content\/uploads\/2011\/12\/8794.jpg\" alt=\"\" width=\"292\" height=\"204\" \/><\/a>Ba\u015fbakan Recep Tayyip Erdo\u011fan&#8217;\u0131n, genel se\u00e7imler \u00f6ncesindeki baz\u0131 miting konu\u015fmalar\u0131nda &#8220;CHP&#8217;nin t\u00fczel ki\u015fili\u011fine hakaret etti\u011fi&#8221; iddias\u0131yla a\u00e7\u0131lan 3 ayr\u0131 tazminat davas\u0131n\u0131n reddine karar verildi.<\/p>\n<p style=\"text-align: justify;\">CHP&#8217;nin, Ba\u015fbakan Erdo\u011fan&#8217;\u0131n 2 Haziran&#8217;daki Isparta mitinginde yapt\u0131\u011f\u0131 konu\u015fmayla ilgili a\u00e7t\u0131\u011f\u0131 50 bin TL&#8217;lik manevi tazminat davas\u0131, Ankara 1. Asliye Hukuk Mahkemesi&#8217;nde g\u00f6r\u00fcld\u00fc. Duru\u015fmaya, CHP&#8217;nin Avukat\u0131 Tamer Sa\u011fcan ile Erdo\u011fan&#8217;\u0131n Avukat\u0131 Muammer Cemalo\u011flu kat\u0131ld\u0131. <!--more--><\/p>\n<p style=\"text-align: justify;\">Avukat Sa\u011fcan, davan\u0131n kabul\u00fcne, Avukat Cemalo\u011flu ise davan\u0131n reddine karar verilmesini talep etti.<\/p>\n<p style=\"text-align: justify;\">Hakim \u0130lyas Oru\u00e7, davan\u0131n reddine karar verdi.<\/p>\n<p style=\"text-align: justify;\">Ba\u015fbakan Erdo\u011fan&#8217;\u0131n 7 May\u0131s&#8217;ta D\u00fczce, 8 May\u0131s&#8217;ta Kilis ve 12 May\u0131s&#8217;ta Yalova&#8217;da d\u00fczenlenen mitinglerde yapt\u0131\u011f\u0131 konu\u015fmalarla 22 May\u0131s&#8217;ta Kocaeli mitinginde yapt\u0131\u011f\u0131 konu\u015fmayla ilgili a\u00e7\u0131lan iki ayr\u0131 dava da Ankara 5. Asliye Hukuk Mahkemesi&#8217;nde g\u00f6r\u00fcld\u00fc. Duru\u015fmaya, taraflar\u0131n avukatlar\u0131 kat\u0131ld\u0131.<\/p>\n<p style=\"text-align: justify;\">Avukat Sa\u011fcan, \u00f6nceki beyanlar\u0131n\u0131 tekrarlad\u0131klar\u0131n\u0131 belirterek, davan\u0131n kabul edilmesini istedi. Avukat Cemalo\u011flu da daha \u00f6nce ayn\u0131 nitelikte Ankara 1. ve 23. Asliye Hukuk Mahkemelerine a\u00e7\u0131lan davalar\u0131n reddedildi\u011fini ifade ederek, davan\u0131n reddedilmesini talep etti.<\/p>\n<p style=\"text-align: justify;\">Hakim \u00d6zden G\u00fcler, iki davan\u0131n da reddine karar verdi.<\/p>\n<p style=\"text-align: justify;\"><a href=\"http:\/\/www.cnnturk.com\/2011\/turkiye\/12\/27\/chpnin.erdogana.actigi.davalara.ret\/642200.0\/index.html\" target=\"_blank\">Kaynak : CNN T\u00dcRK<\/a><\/p>\n","protected":false},"excerpt":{"rendered":"<p style=\"text-align: justify;\">Ba\u015fbakan Recep Tayyip Erdo\u011fan&#8217;\u0131n, genel se\u00e7imler \u00f6ncesindeki baz\u0131 miting konu\u015fmalar\u0131nda &#8220;CHP&#8217;nin t\u00fczel ki\u015fili\u011fine hakaret etti\u011fi&#8221; iddias\u0131yla a\u00e7\u0131lan 3 ayr\u0131 tazminat davas\u0131n\u0131n reddine karar verildi.<\/p>\n<p style=\"text-align: justify;\">CHP&#8217;nin, Ba\u015fbakan Erdo\u011fan&#8217;\u0131n 2 Haziran&#8217;daki Isparta mitinginde yapt\u0131\u011f\u0131 konu\u015fmayla ilgili a\u00e7t\u0131\u011f\u0131 50 bin TL&#8217;lik manevi tazminat davas\u0131, Ankara 1. Asliye Hukuk Mahkemesi&#8217;nde g\u00f6r\u00fcld\u00fc. Duru\u015fmaya, CHP&#8217;nin Avukat\u0131 Tamer <\/p>\n","protected":false},"author":1,"featured_media":0,"comment_status":"open","ping_status":"open","sticky":false,"template":"","format":"standard","meta":{"footnotes":""},"categories":[105],"tags":[],"class_list":["post-45413","post","type-post","status-publish","format-standard","hentry","category-gundem","odd"],"_links":{"self":[{"href":"http:\/\/www.korhanyilmaz.com\/index.php?rest_route=\/wp\/v2\/posts\/45413","targetHints":{"allow":["GET"]}}],"collection":[{"href":"http:\/\/www.korhanyilmaz.com\/index.php?rest_route=\/wp\/v2\/posts"}],"about":[{"href":"http:\/\/www.korhanyilmaz.com\/index.php?rest_route=\/wp\/v2\/types\/post"}],"author":[{"embeddable":true,"href":"http:\/\/www.korhanyilmaz.com\/index.php?rest_route=\/wp\/v2\/users\/1"}],"replies":[{"embeddable":true,"href":"http:\/\/www.korhanyilmaz.com\/index.php?rest_route=%2Fwp%2Fv2%2Fcomments&post=45413"}],"version-history":[{"count":0,"href":"http:\/\/www.korhanyilmaz.com\/index.php?rest_route=\/wp\/v2\/posts\/45413\/revisions"}],"wp:attachment":[{"href":"http:\/\/www.korhanyilmaz.com\/index.php?rest_route=%2Fwp%2Fv2%2Fmedia&parent=45413"}],"wp:term":[{"taxonomy":"category","embeddable":true,"href":"http:\/\/www.korhanyilmaz.com\/index.php?rest_route=%2Fwp%2Fv2%2Fcategories&post=45413"},{"taxonomy":"post_tag","embeddable":true,"href":"http:\/\/www.korhanyilmaz.com\/index.php?rest_route=%2Fwp%2Fv2%2Ftags&post=45413"}],"curies":[{"name":"wp","href":"https:\/\/api.w.org\/{rel}","templated":true}]}}