{"id":45410,"date":"2011-12-27T18:16:09","date_gmt":"2011-12-27T16:16:09","guid":{"rendered":"http:\/\/www.korhanyilmaz.com\/?p=45410"},"modified":"2011-12-27T23:19:46","modified_gmt":"2011-12-27T21:19:46","slug":"yalcin-kucuk-ahmet-sik-gerginligi","status":"publish","type":"post","link":"http:\/\/www.korhanyilmaz.com\/?p=45410","title":{"rendered":"Yal\u00e7\u0131n K\u00fc\u00e7\u00fck Ahmet \u015e\u0131k gerginli\u011fi"},"content":{"rendered":"<p style=\"text-align: justify;\"><a href=\"http:\/\/www.korhanyilmaz.com\/wp-content\/uploads\/2011\/12\/8793.jpg\"  class=\"lightview\"><img loading=\"lazy\" decoding=\"async\" class=\"aligncenter  wp-image-45411\" src=\"http:\/\/www.korhanyilmaz.com\/wp-content\/uploads\/2011\/12\/8793.jpg\" alt=\"\" width=\"351\" height=\"234\" \/><\/a>Oda tv davas\u0131nda duru\u015fman\u0131n \u00e7ar\u015famba yap\u0131l\u0131p yap\u0131lmamas\u0131 konusunda K\u00fc\u00e7\u00fck ve \u015e\u0131k aras\u0131nda gergin anlar ya\u015fand\u0131. Ahmet \u015e\u0131k \u00fczerine y\u00fcr\u00fcyen Yal\u00e7\u0131n K\u00fc\u00e7\u00fck\u2019e \u201cTerbiyesiz&#8221; diyerek tepki g\u00f6sterdi.Yal\u00e7\u0131n K\u00fc\u00e7\u00fck, \u015e\u0131k\u2019\u0131n \u00fczerine y\u00fcr\u00fcmesi \u00fczerine jandarma araya girdi.<!--more--><\/p>\n<p style=\"text-align: justify;\">Davaya bakan \u0130stanbul 16. A\u011f\u0131r Ceza Mahkemesi Ba\u015fkan\u0131 Mehmet Ekinci, bug\u00fcn iddianamenin okunmas\u0131n\u0131n tamamlanaca\u011f\u0131n\u0131 belirterek, \u201c\u00c7ar\u015famba ara verip Per\u015fembe ve Cuma da duru\u015fma yapaca\u011f\u0131z ve talepleri de\u011ferlendirece\u011fiz&#8221; dedi. Ba\u015fkan Ekinci\u2019nin bu s\u00f6zleri \u00fczerine tutuklu san\u0131klar Yal\u00e7\u0131n K\u00fc\u00e7\u00fck ve Ahmet \u015e\u0131k aras\u0131nda gergn anlar ya\u015fand\u0131. Tutuklu san\u0131k Yal\u00e7\u0131n K\u00fc\u00e7\u00fck\u2019\u00fcn s\u00f6z alarak, \u201cBiz \u00c7ar\u015famba g\u00fcn\u00fc duru\u015fma yap\u0131lmas\u0131n\u0131 istemiyoruz&#8221; demesi \u00fczerine Ahmet \u015e\u0131k oturdu\u011fu yerden \u201cKendi ad\u0131na konu\u015f. Biz deme ben de&#8221; diyerek K\u00fc\u00e7\u00fck\u2019e tepki g\u00f6sterdi. Yal\u00e7\u0131n K\u00fc\u00e7\u00fck\u2019\u00fcn \u015e\u0131k\u2019\u0131n \u00fczerine y\u00fcr\u00fcmesi \u00fczerine jandarma araya girdi. K\u00fc\u00e7\u00fck bu s\u0131rada, \u201c\u0130stedi\u011fim gibi konu\u015furum kar\u0131\u015famazs\u0131n&#8221; dedi. Ahmet \u015e\u0131k\u2019\u0131n K\u00fc\u00e7\u00fck\u2019e, \u201cTerbiyesiz&#8221; demesi \u00fczerine K\u00fc\u00e7\u00fck \u201cSensin terbiyesiz, otur yerine&#8221; cevab\u0131n\u0131 verdi.<\/p>\n<p style=\"text-align: justify;\">Mahkeme Ba\u015fkan\u0131, \u201cS\u00f6z istemeden kendi aran\u0131zda konu\u015fmay\u0131n&#8221; diyerek san\u0131klar\u0131 uyard\u0131. Ahmet \u015e\u0131k\u2019a s\u00f6z verilmesi \u00fczerine, \u201cBen \u00c7ar\u015famba g\u00fcn\u00fc de duru\u015fma yap\u0131lmas\u0131n\u0131 istiyorum&#8221; dedi. S\u00f6z alan Yal\u00e7\u0131n K\u00fc\u00e7\u00fck ise, biz s\u00f6z\u00fcn\u00fcn T\u00fcrk ve Osmanl\u0131ca dil kurallar\u0131na g\u00f6re kibarl\u0131k maksad\u0131yla kulland\u0131\u011f\u0131n\u0131n alt\u0131n\u0131 \u00e7izerek, \u201cBiz demek tevazu g\u00f6stermektir. Ben duru\u015fman\u0131n \u00c7ar\u015famba g\u00fcn\u00fc yap\u0131lmas\u0131n\u0131 istemiyorum&#8221; dedi. Tutuklu san\u0131k Hanefi Avc\u0131 da s\u00f6z alarak, \u201c\u0130ddianamenin h\u0131zl\u0131 okunmas\u0131n\u0131 istiyorum&#8221; diye konu\u015ftu. Ba\u015fkan Ekinci\u2019nin ise \u201cBug\u00fcn bitirece\u011fiz, merak etmeyin. Ben bu mahkemeye yeni atand\u0131m. Bu mahkemede iki ay i\u00e7inde 80 dava a\u00e7\u0131lm\u0131\u015f. \u00c7ar\u015famba g\u00fcn\u00fc ara verece\u011fiz ama yatmayaca\u011f\u0131z, yine \u00e7al\u0131\u015faca\u011f\u0131z. En h\u0131zl\u0131 yarg\u0131lamay\u0131 yapaca\u011f\u0131z \u015f\u00fcpheniz olmas\u0131n&#8221; demesinin ard\u0131ndan iddianamenin iki TRT spikeri taraf\u0131ndan okunmas\u0131na 58. sayfadan devam edildi.<\/p>\n<p style=\"text-align: justify;\">Bu arada CHP milletvekilleri eski Erzincan Cumhuriyet Ba\u015fsavc\u0131s\u0131 \u0130lhan Cihaner ve Mahmut Tanal da duru\u015fmay\u0131 izliyor.<\/p>\n<p style=\"text-align: justify;\"><a href=\"http:\/\/www.birgun.net\/actuels_index.php?news_code=1324987145&amp;year=2011&amp;month=12&amp;day=27\" target=\"_blank\">Kaynak : B\u0130RG\u00dcN<\/a><\/p>\n","protected":false},"excerpt":{"rendered":"<p style=\"text-align: justify;\">Oda tv davas\u0131nda duru\u015fman\u0131n \u00e7ar\u015famba yap\u0131l\u0131p yap\u0131lmamas\u0131 konusunda K\u00fc\u00e7\u00fck ve \u015e\u0131k aras\u0131nda gergin anlar ya\u015fand\u0131. Ahmet \u015e\u0131k \u00fczerine y\u00fcr\u00fcyen Yal\u00e7\u0131n K\u00fc\u00e7\u00fck\u2019e \u201cTerbiyesiz&#8221; diyerek tepki g\u00f6sterdi.Yal\u00e7\u0131n K\u00fc\u00e7\u00fck, \u015e\u0131k\u2019\u0131n \u00fczerine y\u00fcr\u00fcmesi \u00fczerine jandarma araya girdi.<\/p>\n","protected":false},"author":1,"featured_media":0,"comment_status":"open","ping_status":"open","sticky":false,"template":"","format":"standard","meta":{"footnotes":""},"categories":[105],"tags":[],"class_list":["post-45410","post","type-post","status-publish","format-standard","hentry","category-gundem","odd"],"_links":{"self":[{"href":"http:\/\/www.korhanyilmaz.com\/index.php?rest_route=\/wp\/v2\/posts\/45410","targetHints":{"allow":["GET"]}}],"collection":[{"href":"http:\/\/www.korhanyilmaz.com\/index.php?rest_route=\/wp\/v2\/posts"}],"about":[{"href":"http:\/\/www.korhanyilmaz.com\/index.php?rest_route=\/wp\/v2\/types\/post"}],"author":[{"embeddable":true,"href":"http:\/\/www.korhanyilmaz.com\/index.php?rest_route=\/wp\/v2\/users\/1"}],"replies":[{"embeddable":true,"href":"http:\/\/www.korhanyilmaz.com\/index.php?rest_route=%2Fwp%2Fv2%2Fcomments&post=45410"}],"version-history":[{"count":0,"href":"http:\/\/www.korhanyilmaz.com\/index.php?rest_route=\/wp\/v2\/posts\/45410\/revisions"}],"wp:attachment":[{"href":"http:\/\/www.korhanyilmaz.com\/index.php?rest_route=%2Fwp%2Fv2%2Fmedia&parent=45410"}],"wp:term":[{"taxonomy":"category","embeddable":true,"href":"http:\/\/www.korhanyilmaz.com\/index.php?rest_route=%2Fwp%2Fv2%2Fcategories&post=45410"},{"taxonomy":"post_tag","embeddable":true,"href":"http:\/\/www.korhanyilmaz.com\/index.php?rest_route=%2Fwp%2Fv2%2Ftags&post=45410"}],"curies":[{"name":"wp","href":"https:\/\/api.w.org\/{rel}","templated":true}]}}