{"id":45398,"date":"2011-12-27T18:18:02","date_gmt":"2011-12-27T16:18:02","guid":{"rendered":"http:\/\/www.korhanyilmaz.com\/?p=45398"},"modified":"2011-12-27T19:59:43","modified_gmt":"2011-12-27T17:59:43","slug":"savcinin-iddiasi-seyfi-oktay-ergenekon-uyesi","status":"publish","type":"post","link":"http:\/\/www.korhanyilmaz.com\/?p=45398","title":{"rendered":"Savc\u0131n\u0131n iddias\u0131: Seyfi Oktay Ergenekon \u00fcyesi"},"content":{"rendered":"<p style=\"text-align: center;\"><a href=\"http:\/\/www.korhanyilmaz.com\/wp-content\/uploads\/2011\/12\/8790.jpg\"  class=\"lightview\"><img loading=\"lazy\" decoding=\"async\" class=\"aligncenter  wp-image-45399\" src=\"http:\/\/www.korhanyilmaz.com\/wp-content\/uploads\/2011\/12\/8790.jpg\" alt=\"\" width=\"375\" height=\"218\" \/><\/a><\/p>\n<p style=\"text-align: justify;\">Eski Adalet Bakan\u0131\u2019n\u0131n da aralar\u0131nda oldu\u011fu 11 ki\u015fi hakk\u0131nda, &#8216;Ergenekon \u00f6rg\u00fct\u00fc \u00fcyeli\u011fi\u2019 su\u00e7lamas\u0131n\u0131n yer ald\u0131\u011f\u0131 iddianame haz\u0131rland\u0131.<\/p>\n<p style=\"text-align: justify;\">Seyfi Oktay ge\u00e7en y\u0131l\u0131n haziran ay\u0131nda g\u00f6zalt\u0131na al\u0131nm\u0131\u015f ve daha sonra serbest b\u0131rak\u0131lm\u0131\u015ft\u0131.<\/p>\n<p style=\"text-align: justify;\">\u0130STANBUL &#8211; Eski Adalet Bakan\u0131 Seyif Oktay&#8217;\u0131n da aralar\u0131nda bulundu\u011fu 11 ki\u015fi hakk\u0131nda, Ergenekon \u00f6rg\u00fct\u00fc \u00fcyeli\u011fi ve adil yarg\u0131lamay\u0131 etkilemeye te\u015febb\u00fcs su\u00e7lamas\u0131yla iddianame haz\u0131rland\u0131.\u00a0<!--more--><\/p>\n<p style=\"text-align: justify;\">\u00d6zel yetkili \u0130stanbul Cumhuriyet Savc\u0131s\u0131 Kans\u0131z taraf\u0131ndan kaleme al\u0131nan 251 sayfal\u0131k iddianame, \u0130stanbul 15. A\u011f\u0131r Ceza Mahkemesi\u2019ne g\u00f6nderildi.<\/p>\n<p style=\"text-align: justify;\">\u0130ddianamede, 11 \u015f\u00fcphelinin 7 y\u0131l 6 aydan 17 y\u0131la kadar hapisle cezaland\u0131r\u0131lmas\u0131 talep edildi.<\/p>\n<p style=\"text-align: justify;\">\u0130didanamede Oktay&#8217;\u0131n yan\u0131 s\u0131ra, Ergenekon davas\u0131 san\u0131\u011f\u0131 Chp Milletvekili Prof. Mehmet Haberal&#8217;\u0131n o\u011fullar\u0131 Ali ve B\u00fclent Haberal da yer ald\u0131.<\/p>\n<p style=\"text-align: justify;\">Seyfi Oktay&#8217;\u0131n 1 numaral\u0131 san\u0131k oldu\u011fu iddianamede, eski CHP Genel Ba\u015fkan\u0131 Deniz Baykal ve CHP lideri Kemal K\u0131l\u0131\u00e7daro\u011flu&#8217;nun Oktay ile yapt\u0131klar\u0131 konu\u015fmalara yer verildi.<\/p>\n<p style=\"text-align: justify;\">Ergenekon davas\u0131na bakan \u0130stanbul 13. A\u011f\u0131r Ceza Mahkemesi eski ba\u015fkan\u0131 K\u00f6ksal \u015eeng\u00fcn&#8217;\u00fcn de ad\u0131n\u0131n ge\u00e7ti\u011fi iddianamede, \u015eeng\u00fcn&#8217;\u00fcn y\u00f6nlendirilmeye \u00e7al\u0131\u015f\u0131ld\u0131\u011f\u0131 \u00f6ne s\u00fcr\u00fcld\u00fc.<\/p>\n<p style=\"text-align: justify;\">Sinan \u00d6ztorun ve Zeynel Emre hakk\u0131nda takipsizlik karar\u0131 verilen iddianame, 251 sayfadan olu\u015fuyor.<\/p>\n<p style=\"text-align: justify;\"><a href=\"http:\/\/www.ntvmsnbc.com\/id\/25309485\/\" target=\"_blank\">Kaynak : NTVMSNBC<\/a><\/p>\n","protected":false},"excerpt":{"rendered":"<p style=\"text-align: center;\">\n<p style=\"text-align: justify;\">Eski Adalet Bakan\u0131\u2019n\u0131n da aralar\u0131nda oldu\u011fu 11 ki\u015fi hakk\u0131nda, &#8216;Ergenekon \u00f6rg\u00fct\u00fc \u00fcyeli\u011fi\u2019 su\u00e7lamas\u0131n\u0131n yer ald\u0131\u011f\u0131 iddianame haz\u0131rland\u0131.<\/p>\n<p style=\"text-align: justify;\">Seyfi Oktay ge\u00e7en y\u0131l\u0131n haziran ay\u0131nda g\u00f6zalt\u0131na al\u0131nm\u0131\u015f ve daha sonra serbest b\u0131rak\u0131lm\u0131\u015ft\u0131.<\/p>\n<p style=\"text-align: justify;\">\u0130STANBUL &#8211; Eski Adalet Bakan\u0131 Seyif Oktay&#8217;\u0131n da aralar\u0131nda bulundu\u011fu 11 ki\u015fi hakk\u0131nda, Ergenekon \u00f6rg\u00fct\u00fc \u00fcyeli\u011fi <\/p>\n","protected":false},"author":1,"featured_media":0,"comment_status":"open","ping_status":"open","sticky":false,"template":"","format":"standard","meta":{"footnotes":""},"categories":[105],"tags":[],"class_list":["post-45398","post","type-post","status-publish","format-standard","hentry","category-gundem","odd"],"_links":{"self":[{"href":"http:\/\/www.korhanyilmaz.com\/index.php?rest_route=\/wp\/v2\/posts\/45398","targetHints":{"allow":["GET"]}}],"collection":[{"href":"http:\/\/www.korhanyilmaz.com\/index.php?rest_route=\/wp\/v2\/posts"}],"about":[{"href":"http:\/\/www.korhanyilmaz.com\/index.php?rest_route=\/wp\/v2\/types\/post"}],"author":[{"embeddable":true,"href":"http:\/\/www.korhanyilmaz.com\/index.php?rest_route=\/wp\/v2\/users\/1"}],"replies":[{"embeddable":true,"href":"http:\/\/www.korhanyilmaz.com\/index.php?rest_route=%2Fwp%2Fv2%2Fcomments&post=45398"}],"version-history":[{"count":0,"href":"http:\/\/www.korhanyilmaz.com\/index.php?rest_route=\/wp\/v2\/posts\/45398\/revisions"}],"wp:attachment":[{"href":"http:\/\/www.korhanyilmaz.com\/index.php?rest_route=%2Fwp%2Fv2%2Fmedia&parent=45398"}],"wp:term":[{"taxonomy":"category","embeddable":true,"href":"http:\/\/www.korhanyilmaz.com\/index.php?rest_route=%2Fwp%2Fv2%2Fcategories&post=45398"},{"taxonomy":"post_tag","embeddable":true,"href":"http:\/\/www.korhanyilmaz.com\/index.php?rest_route=%2Fwp%2Fv2%2Ftags&post=45398"}],"curies":[{"name":"wp","href":"https:\/\/api.w.org\/{rel}","templated":true}]}}