{"id":45390,"date":"2011-12-27T18:38:02","date_gmt":"2011-12-27T16:38:02","guid":{"rendered":"http:\/\/www.korhanyilmaz.com\/?p=45390"},"modified":"2011-12-27T18:58:26","modified_gmt":"2011-12-27T16:58:26","slug":"aytac-durak-tutuklandi","status":"publish","type":"post","link":"http:\/\/www.korhanyilmaz.com\/?p=45390","title":{"rendered":"Ayta\u00e7 Durak tutukland\u0131"},"content":{"rendered":"<p style=\"text-align: center;\"><a href=\"http:\/\/www.korhanyilmaz.com\/wp-content\/uploads\/2011\/12\/8788.jpg\"  class=\"lightview\"><img loading=\"lazy\" decoding=\"async\" class=\"aligncenter  wp-image-45391\" src=\"http:\/\/www.korhanyilmaz.com\/wp-content\/uploads\/2011\/12\/8788.jpg\" alt=\"\" width=\"383\" height=\"221\" \/><\/a><\/p>\n<p style=\"text-align: justify;\">Adana B\u00fcy\u00fck\u015fehir Belediye Ba\u015fkanl\u0131\u011f\u0131 g\u00f6revinden uzakla\u015ft\u0131r\u0131lan Ayta\u00e7 Durak ile aralar\u0131nda damad\u0131n\u0131n da bulundu\u011fu toplam 4 ki\u015fi &#8221;ihaleye fesat kar\u0131\u015ft\u0131rmak ve devlet mal\u0131n\u0131 zarara u\u011fratmak&#8221; su\u00e7lamas\u0131yla tutukland\u0131.<\/p>\n<p style=\"text-align: justify;\">ADANA &#8211; \u0130\u00e7i\u015fleri Bakanl\u0131\u011f\u0131 taraf\u0131ndan 28 Mart 2010 tarihinde Adana B\u00fcy\u00fck\u015fehir Belediye Ba\u015fkanl\u0131\u011f\u0131 g\u00f6revinden uzakla\u015ft\u0131r\u0131lan Ayta\u00e7 Durak tutukland\u0131.\u00a0<!--more--><\/p>\n<p style=\"text-align: justify;\">Toplam 13 ki\u015fi, Durak&#8217;\u0131n, 2006 y\u0131l\u0131nda merkez Seyhan il\u00e7esi Menek\u015fe k\u00f6y\u00fcnde yar\u0131s\u0131 \u00f6zel bir \u015fahsa ait 13 d\u00f6n\u00fcml\u00fck arsay\u0131 ihaleyle damad\u0131na verdi\u011fi iddias\u0131yla g\u00f6zalt\u0131na al\u0131nd\u0131.<\/p>\n<p style=\"text-align: justify;\">Emniyetteki i\u015flemlerin ard\u0131ndan Cumhuriyet Savc\u0131s\u0131na ifade veren bu ki\u015filerden 9&#8217;unu serbest b\u0131rakan savc\u0131, Ayta\u00e7 Durak, damad\u0131 Bekir Cavcav, eski genel sekreter Hasan G\u00fcl\u015fen ve bir ki\u015fiyi ise tutuklanmalar\u0131 istemiyle n\u00f6bet\u00e7i mahkemeye sevk etti. Mahkeme de, 4 ki\u015finin tutuklanmas\u0131na karar verdi ve bu ki\u015filer Adana E Tipi Y\u00fcksek G\u00fcvenlikli Kapal\u0131 Ceza \u0130nfaz Kurumuna g\u00f6t\u00fcr\u00fcld\u00fc.<\/p>\n<p style=\"text-align: justify;\">Bu arada Ayta\u00e7 Durak&#8217;\u0131n avukat\u0131 Nejat \u00d6zkuyumcu&#8217;dan bir a\u00e7\u0131klama geldi:<\/p>\n<p style=\"text-align: justify;\">&#8221;\u0130\u00e7i\u015fleri Bakanl\u0131\u011f\u0131 m\u00fcfetti\u015flerince yap\u0131lan soru\u015fturmalar sonucunda \u00f6zellikle m\u00fcfetti\u015flerin tespit etti\u011fi bir konu var. Sadece Y\u00fcre\u011fir il\u00e7esinde iki y\u0131l gibi belli bir s\u00fcrede bin 133 tane arsa sat\u0131\u015f\u0131n\u0131n yap\u0131ld\u0131\u011f\u0131.<\/p>\n<p style=\"text-align: justify;\">B\u00fcy\u00fck\u015fehir Belediyesi mevcut kararlar\u0131na g\u00f6re ekonomik kaynak yaratmak i\u00e7in baz\u0131 arsalar\u0131n\u0131 sat\u0131\u015fa \u00e7\u0131karabiliyor ihale suretiyle. Bu bin 133 arsadan sadece bir adedi hakk\u0131nda bir ihaleye fesat durumu oldu\u011fu iddia ediliyor. O da Menek\u015fe k\u00f6y\u00fcnde 13 d\u00f6n\u00fcml\u00fck bir arsa, yar\u0131s\u0131 belediyenin yar\u0131s\u0131 da bir \u015fahs\u0131n.<\/p>\n<p style=\"text-align: justify;\"><strong>&#8220;YAPILA\u015eMA 50 YILDAN FAZLA ZAMAN \u0130STER&#8221;<\/strong><\/p>\n<p style=\"text-align: justify;\">Ben o arsay\u0131 g\u00f6rd\u00fcm bana o arsay\u0131 deseler ki; &#8216;bu arsay\u0131 sana bedava verelim, ya da 50 bin liraya satal\u0131m, gidin orada ev yap\u0131n&#8217; asla yapamam. Orada adam kesseler kimsenin haberi olmaz. Ben gidip d\u00f6nerken korktum. Dolay\u0131s\u0131yla oralara imar\u0131n\u0131n gelmesi yap\u0131la\u015fma olmas\u0131 nereden baksan\u0131z en az 50 y\u0131ldan fazla zaman ister.<\/p>\n<p style=\"text-align: justify;\">Belediye oradaki arsas\u0131n\u0131 ihale ile sat\u0131\u015fa \u00e7\u0131karm\u0131\u015f. \u0130haleye de de ba\u015fkan\u0131n damad\u0131 girmi\u015f. Ama ihale a\u00e7\u0131k ihale. Burada iddia edilen \u015fey, daha sonra orada bir imar d\u00fczenlemesi tadilatlar\u0131 oldu\u011fu iddialar\u0131 var. Bundan dolay\u0131 Dan\u0131\u015ftay, ba\u015fkan hakk\u0131nda &#8216;g\u00f6revi k\u00f6t\u00fcye kullanma yoktur o d\u00fczenlemeden&#8217; diye soru\u015fturma iznini kald\u0131rd\u0131. Arsan\u0131n di\u011fer hissedar\u0131 ise mahkeme arac\u0131l\u0131\u011f\u0131 ile \u015f\u00fcphe hakk\u0131n\u0131 kullanm\u0131\u015f.<\/p>\n<p style=\"text-align: justify;\">Arsan\u0131n bulundu\u011fu yer o tarihlerde de \u015fu anda da yaban hayat\u0131 koruma yasa\u011f\u0131 kapsam\u0131nda. Orada kimse hi\u00e7bir \u015fekilde yap\u0131, in\u015faat yapamaz. Hadise bundan ibaret.<\/p>\n<p style=\"text-align: justify;\"><strong>&#8220;OLSA OLSA G\u00d6REV\u0130 K\u00d6T\u00dcYE KULLANMA&#8221;<\/strong><\/p>\n<p style=\"text-align: justify;\">Burada &#8216;ihaleye fesat durumu var&#8217; deniyor. Yarg\u0131tay&#8217;\u0131n \u00f6rnek kararlar\u0131 da var. Belediye ba\u015fkanlar\u0131n\u0131n yak\u0131nlar\u0131n\u0131n sahibi oldu\u011fu \u015firketlere ihale ile bir arsan\u0131n sat\u0131lmas\u0131 halinde ihaleye fesat de\u011fil olsa olsa g\u00f6rev ile ilgili k\u00f6t\u00fcye kullanma kapsam\u0131nda d\u00fc\u015f\u00fcn\u00fclebilir deniliyor. Hadise bu.<\/p>\n<p style=\"text-align: justify;\">Su\u00e7 vasf\u0131n\u0131n bu \u015fekilde ihaleye fesat olarak d\u00fczenlenmesi bence y\u0131lard\u0131r hukukla u\u011fra\u015fan birisi olarak tutuklanmas\u0131 biraz vicdanlara a\u011f\u0131r geldi. Y\u0131llarca Adana&#8217;ya hizmet etmi\u015f, Adana&#8217;n\u0131n modern bir kent halini gelmesini sa\u011flam\u0131\u015f bir B\u00fcy\u00fck\u015fehir belediye ba\u015fkan\u0131n\u0131n delilleri karartacak diye 5-6 sene \u00f6nceki bir al\u0131m sat\u0131mdan dolay\u0131 b\u00f6yle tutuklanm\u0131\u015f olmas\u0131 biraz a\u011f\u0131r geldi bana.<\/p>\n<p style=\"text-align: justify;\">Bir B\u00fcy\u00fck\u015fehir belediye ba\u015fkan\u0131n bu \u015fekildeki muameleye maruz kal\u0131p b\u00f6yle bir davadan dolay\u0131 tutuklanmas\u0131 hukuk\u00e7u olarak beni \u00fczd\u00fc. Bu ihaleye fesatl\u0131k kapsam\u0131nda de\u011fildir. Yasal haklar\u0131m\u0131z kullanaca\u011f\u0131z&#8221;<\/p>\n<p style=\"text-align: justify;\"><a href=\"http:\/\/www.ntvmsnbc.com\/id\/25309271\" target=\"_blank\">Kaynak : NTVMSNBC<\/a><\/p>\n","protected":false},"excerpt":{"rendered":"<p style=\"text-align: center;\">\n<p style=\"text-align: justify;\">Adana B\u00fcy\u00fck\u015fehir Belediye Ba\u015fkanl\u0131\u011f\u0131 g\u00f6revinden uzakla\u015ft\u0131r\u0131lan Ayta\u00e7 Durak ile aralar\u0131nda damad\u0131n\u0131n da bulundu\u011fu toplam 4 ki\u015fi &#8221;ihaleye fesat kar\u0131\u015ft\u0131rmak ve devlet mal\u0131n\u0131 zarara u\u011fratmak&#8221; su\u00e7lamas\u0131yla tutukland\u0131.<\/p>\n<p style=\"text-align: justify;\">ADANA &#8211; \u0130\u00e7i\u015fleri Bakanl\u0131\u011f\u0131 taraf\u0131ndan 28 Mart 2010 tarihinde Adana B\u00fcy\u00fck\u015fehir Belediye Ba\u015fkanl\u0131\u011f\u0131 g\u00f6revinden uzakla\u015ft\u0131r\u0131lan Ayta\u00e7 Durak tutukland\u0131. <\/p>\n","protected":false},"author":1,"featured_media":0,"comment_status":"open","ping_status":"open","sticky":false,"template":"","format":"standard","meta":{"footnotes":""},"categories":[105],"tags":[],"class_list":["post-45390","post","type-post","status-publish","format-standard","hentry","category-gundem","odd"],"_links":{"self":[{"href":"http:\/\/www.korhanyilmaz.com\/index.php?rest_route=\/wp\/v2\/posts\/45390","targetHints":{"allow":["GET"]}}],"collection":[{"href":"http:\/\/www.korhanyilmaz.com\/index.php?rest_route=\/wp\/v2\/posts"}],"about":[{"href":"http:\/\/www.korhanyilmaz.com\/index.php?rest_route=\/wp\/v2\/types\/post"}],"author":[{"embeddable":true,"href":"http:\/\/www.korhanyilmaz.com\/index.php?rest_route=\/wp\/v2\/users\/1"}],"replies":[{"embeddable":true,"href":"http:\/\/www.korhanyilmaz.com\/index.php?rest_route=%2Fwp%2Fv2%2Fcomments&post=45390"}],"version-history":[{"count":0,"href":"http:\/\/www.korhanyilmaz.com\/index.php?rest_route=\/wp\/v2\/posts\/45390\/revisions"}],"wp:attachment":[{"href":"http:\/\/www.korhanyilmaz.com\/index.php?rest_route=%2Fwp%2Fv2%2Fmedia&parent=45390"}],"wp:term":[{"taxonomy":"category","embeddable":true,"href":"http:\/\/www.korhanyilmaz.com\/index.php?rest_route=%2Fwp%2Fv2%2Fcategories&post=45390"},{"taxonomy":"post_tag","embeddable":true,"href":"http:\/\/www.korhanyilmaz.com\/index.php?rest_route=%2Fwp%2Fv2%2Ftags&post=45390"}],"curies":[{"name":"wp","href":"https:\/\/api.w.org\/{rel}","templated":true}]}}