{"id":45371,"date":"2011-12-27T16:54:53","date_gmt":"2011-12-27T14:54:53","guid":{"rendered":"http:\/\/www.korhanyilmaz.com\/?p=45371"},"modified":"2011-12-27T16:55:35","modified_gmt":"2011-12-27T14:55:35","slug":"45371","status":"publish","type":"post","link":"http:\/\/www.korhanyilmaz.com\/?p=45371","title":{"rendered":"&#8216;Ek\u015fis\u00f6zl\u00fck&#8217; iddianamesi kabul edildi"},"content":{"rendered":"<p style=\"text-align: center;\"><a href=\"http:\/\/www.korhanyilmaz.com\/wp-content\/uploads\/2011\/12\/8784.jpg\"  class=\"lightview\"><img loading=\"lazy\" decoding=\"async\" class=\"aligncenter  wp-image-45372\" title=\"8784\" src=\"http:\/\/www.korhanyilmaz.com\/wp-content\/uploads\/2011\/12\/8784.jpg\" alt=\"\" width=\"263\" height=\"202\" \/><\/a><\/p>\n<p style=\"text-align: justify;\">Ek\u015fis\u00f6zl\u00fck internet sitesinin yazar\u0131 A.M.S&#8217;ye yaz\u0131s\u0131nda dini de\u011ferleri a\u015fa\u011f\u0131layan ifadeler kulland\u0131\u011f\u0131 gerek\u00e7esiyle a\u00e7\u0131lan davayla ilgili iddianame mahkeme taraf\u0131ndan kabul edildi.<\/p>\n<p style=\"text-align: justify;\">Avrupa \u0130nsan Haklar\u0131 Mahkemesi&#8217;nin (A\u0130HM) &#8216;Otto-Preminger Institut (OPI)&#8217; davas\u0131n\u0131 \u00f6rnek g\u00f6steren Savc\u0131 Alt\u0131nok, A.M.S&#8217;nin d\u00fc\u015f\u00fcnce \u00f6zg\u00fcrl\u00fc\u011f\u00fc ve ele\u015ftiri s\u0131n\u0131rlar\u0131n\u0131 a\u015ft\u0131\u011f\u0131n\u0131 belirtti. M\u00fcsl\u00fcmanlar\u0131n ibadetlerini ve k\u00e2inat\u0131 Allah&#8217;\u0131n yaratt\u0131\u011f\u0131na ili\u015fkin inan\u00e7lar\u0131n\u0131 a\u015fa\u011f\u0131lad\u0131\u011f\u0131n\u0131 vurgulad\u0131.<!--more--><\/p>\n<p style=\"text-align: justify;\">Zaman Gazetesi&#8217;nden Deniz Ayd\u0131n&#8217;\u0131n haberine g\u00f6re, san\u0131k hakk\u0131nda, TCK&#8217;n\u0131n 216&#8217;nc\u0131 maddesini ihlal etti\u011fi gerek\u00e7esiyle 1, 5 y\u0131la kadar hapis cezas\u0131 istendi. Bili\u015fim \u015eubesi taraf\u0131ndan ifadesine ba\u015fvurulan A.M.S. ise su\u00e7 i\u015fleme kast\u0131n\u0131n bulunmad\u0131\u011f\u0131n\u0131, \u015fahs\u00ee ve genel olarak kimseyi hedef almad\u0131\u011f\u0131n\u0131 s\u00f6yledi.<\/p>\n<p style=\"text-align: justify;\">\u0130ddianamede &#8220;sigaram ve ben&#8221; rumuzunu kullanan A.M.S&#8217;nin haz\u0131rlad\u0131\u011f\u0131 &#8220;din sa\u00e7mal\u0131\u011f\u0131&#8221; ba\u015fl\u0131kl\u0131 yaz\u0131lar\u0131nda kulland\u0131\u011f\u0131 ifadelere dikkat \u00e7ekildi. Ard\u0131ndan A\u0130HM&#8217;nin Otto-Preminger Institut&#8217;un deste\u011fiyle \u00e7ekilen &#8216;Cennet Kons\u00fcl\u00fc&#8217; adl\u0131 filmle ilgili a\u00e7\u0131lan davada verdi\u011fi karar hat\u0131rlat\u0131ld\u0131. S\u00f6z konusu davada OPI&#8217;nin m\u00fcd\u00fcr\u00fc hakk\u0131nda &#8220;din\u00ee \u00f6\u011fretileri a\u015fa\u011f\u0131lamak&#8221; su\u00e7undan ceza\u00ee kovu\u015fturma ba\u015flat\u0131lm\u0131\u015ft\u0131. A\u0130HM, filme el konulmas\u0131na izin vermi\u015fti.<\/p>\n<p style=\"text-align: justify;\">&#8216;A\u015fa\u011f\u0131lama&#8217; davas\u0131na bakan \u0130stanbul Bas\u0131n Savc\u0131s\u0131 Nurten Alt\u0131nok, haz\u0131rlad\u0131\u011f\u0131 iddianamede A\u0130HM&#8217;nin OPI davas\u0131n\u0131n karar\u0131nda ge\u00e7en &#8220;\u0130nsanl\u0131\u011fa ili\u015fkin konularda ilerlemeyi sa\u011flayacak bir kamusal tart\u0131\u015fmaya herhangi bir katk\u0131 sa\u011flamayacak&#8230; Ba\u015fkalar\u0131na kar\u015f\u0131 gereksiz yere a\u015fa\u011f\u0131lay\u0131c\u0131 ifadelerden ka\u00e7\u0131nma&#8221; yolunda bir g\u00f6revden s\u00f6z etti\u011fine dikkat \u00e7ekildi.<\/p>\n<p style=\"text-align: justify;\">&#8220;TCK&#8217;n\u0131n 216&#8217;nc\u0131 maddesinde korunan hukuki yarar, Allah, din, peygamber, kutsal kitaplar, mezhepler.. de\u011fil, ki\u015filerin bu kavramlara y\u00f6nelik dini hisleridir. Ku\u015fkusuz ki\u015fi, bu kavramlarla ilgili d\u00fc\u015f\u00fcncelerini a\u00e7\u0131klayabilir, ele\u015ftirebilir. Ancak bunu yaparken g\u00f6z \u00f6n\u00fcnde tutulmas\u0131 gereken husus, ba\u015fka ki\u015fi veya ki\u015filerin duygular\u0131n\u0131n incitilmemesidir. Zira kimsenin ba\u015fkas\u0131n\u0131n kutsal sayd\u0131\u011f\u0131 kavramlara ili\u015fkin sayg\u0131 duygusunu incitmeye hakk\u0131 olmaz.&#8221; denildi.<\/p>\n<p style=\"text-align: justify;\"><strong>&#8216;\u0130fadeler, inananlar\u0131 da a\u015fa\u011f\u0131l\u0131yor&#8217;\u00a0<\/strong><\/p>\n<p style=\"text-align: justify;\">Bir kesimin benimsedi\u011fi din\u00ee de\u011ferlerden maksad\u0131n inan\u00e7 sistemi ve ibadet gibi o inanc\u0131 temsil eden de\u011ferler oldu\u011fu ifade edilen iddianamede, M\u00fcsl\u00fcmanlar i\u00e7in bunun da oru\u00e7 tutma, hac ve kurban kesme oldu\u011fu kaydedildi. \u015eik\u00e2yete konu yaz\u0131 incelendi\u011finde \u015f\u00fcphelinin &#8220;beyin uyu\u015fturucusu, sa\u00e7mal\u0131k&#8221; olarak niteledi\u011fi din konusunda genel g\u00f6r\u00fc\u015flerini a\u00e7\u0131klad\u0131\u011f\u0131 belirtildi.<\/p>\n<p style=\"text-align: justify;\">Devam\u0131nda, &#8220;Hatta bak \u015fimdi bir ay ben senin tacizlerine maruz kalmamak i\u00e7in s&#8230; de olmamas\u0131na ra\u011fmen ortal\u0131k yerde yeme i\u00e7me \u00f6zg\u00fcrl\u00fc\u011f\u00fcmden feragat edece\u011fim, sene boyu sabah\u0131n be\u015finde ezan sesiyle uyanmak zorunda kal\u0131yorum&#8230; &#8216;bak ne kadar m\u00fckemmel kainat, kusursuz bir sistem, bunu Allah yaratmad\u0131ysa ba\u015fka nas\u0131l olabilir&#8217; geri zek\u00e2l\u0131l\u0131\u011f\u0131ndaki bir yakla\u015f\u0131mla&#8221; \u015feklindeki ifadelerle d\u00fc\u015f\u00fcnce \u00f6zg\u00fcrl\u00fc\u011f\u00fc ve ele\u015ftiri hakk\u0131n\u0131n s\u0131n\u0131rlar\u0131 a\u015f\u0131larak, \u0130slam dinini a\u015fa\u011f\u0131lad\u0131\u011f\u0131 kanaatine var\u0131ld\u0131\u011f\u0131 bildirildi.<\/p>\n<p style=\"text-align: justify;\">San\u0131\u011f\u0131n, TCK&#8217;n\u0131n 216&#8217;nc\u0131 maddesine g\u00f6re, &#8220;Halk\u0131n bir kesiminin benimsedi\u011fi din\u00ee de\u011ferleri alenen a\u015fa\u011f\u0131layan ki\u015fi, fiilin kamu bar\u0131\u015f\u0131n\u0131 bozmaya elveri\u015fli olmas\u0131 h\u00e2linde, alt\u0131 aydan bir y\u0131la kadar hapis cezas\u0131 ile cezaland\u0131r\u0131l\u0131r&#8221; h\u00fckm\u00fcnce cezaland\u0131r\u0131lmas\u0131 talep edildi.<\/p>\n<p style=\"text-align: justify;\"><a href=\"http:\/\/www.cnnturk.com\/2011\/bilim.teknoloji\/teknoloji\/12\/27\/eksisozluk.iddianamesi.kabul.edildi\/642108.0\/index.html\" target=\"_blank\">Kaynak : CNN T\u00dcRK<\/a><\/p>\n","protected":false},"excerpt":{"rendered":"<p style=\"text-align: center;\">\n<p style=\"text-align: justify;\">Ek\u015fis\u00f6zl\u00fck internet sitesinin yazar\u0131 A.M.S&#8217;ye yaz\u0131s\u0131nda dini de\u011ferleri a\u015fa\u011f\u0131layan ifadeler kulland\u0131\u011f\u0131 gerek\u00e7esiyle a\u00e7\u0131lan davayla ilgili iddianame mahkeme taraf\u0131ndan kabul edildi.<\/p>\n<p style=\"text-align: justify;\">Avrupa \u0130nsan Haklar\u0131 Mahkemesi&#8217;nin (A\u0130HM) &#8216;Otto-Preminger Institut (OPI)&#8217; davas\u0131n\u0131 \u00f6rnek g\u00f6steren Savc\u0131 Alt\u0131nok, A.M.S&#8217;nin d\u00fc\u015f\u00fcnce \u00f6zg\u00fcrl\u00fc\u011f\u00fc ve ele\u015ftiri s\u0131n\u0131rlar\u0131n\u0131 a\u015ft\u0131\u011f\u0131n\u0131 belirtti. M\u00fcsl\u00fcmanlar\u0131n ibadetlerini ve k\u00e2inat\u0131 Allah&#8217;\u0131n yaratt\u0131\u011f\u0131na ili\u015fkin <\/p>\n","protected":false},"author":1,"featured_media":0,"comment_status":"open","ping_status":"open","sticky":false,"template":"","format":"standard","meta":{"footnotes":""},"categories":[105],"tags":[],"class_list":["post-45371","post","type-post","status-publish","format-standard","hentry","category-gundem","odd"],"_links":{"self":[{"href":"http:\/\/www.korhanyilmaz.com\/index.php?rest_route=\/wp\/v2\/posts\/45371","targetHints":{"allow":["GET"]}}],"collection":[{"href":"http:\/\/www.korhanyilmaz.com\/index.php?rest_route=\/wp\/v2\/posts"}],"about":[{"href":"http:\/\/www.korhanyilmaz.com\/index.php?rest_route=\/wp\/v2\/types\/post"}],"author":[{"embeddable":true,"href":"http:\/\/www.korhanyilmaz.com\/index.php?rest_route=\/wp\/v2\/users\/1"}],"replies":[{"embeddable":true,"href":"http:\/\/www.korhanyilmaz.com\/index.php?rest_route=%2Fwp%2Fv2%2Fcomments&post=45371"}],"version-history":[{"count":0,"href":"http:\/\/www.korhanyilmaz.com\/index.php?rest_route=\/wp\/v2\/posts\/45371\/revisions"}],"wp:attachment":[{"href":"http:\/\/www.korhanyilmaz.com\/index.php?rest_route=%2Fwp%2Fv2%2Fmedia&parent=45371"}],"wp:term":[{"taxonomy":"category","embeddable":true,"href":"http:\/\/www.korhanyilmaz.com\/index.php?rest_route=%2Fwp%2Fv2%2Fcategories&post=45371"},{"taxonomy":"post_tag","embeddable":true,"href":"http:\/\/www.korhanyilmaz.com\/index.php?rest_route=%2Fwp%2Fv2%2Ftags&post=45371"}],"curies":[{"name":"wp","href":"https:\/\/api.w.org\/{rel}","templated":true}]}}