{"id":45357,"date":"2011-12-27T15:22:27","date_gmt":"2011-12-27T13:22:27","guid":{"rendered":"http:\/\/www.korhanyilmaz.com\/?p=45357"},"modified":"2011-12-27T15:55:14","modified_gmt":"2011-12-27T13:55:14","slug":"dokunan-yine-yanacak-mi","status":"publish","type":"post","link":"http:\/\/www.korhanyilmaz.com\/?p=45357","title":{"rendered":"Dokunan yine yanacak m\u0131?"},"content":{"rendered":"<p style=\"text-align: center;\"><a href=\"http:\/\/www.korhanyilmaz.com\/wp-content\/uploads\/2011\/12\/8781.jpg\"  class=\"lightview\"><img loading=\"lazy\" decoding=\"async\" class=\"aligncenter  wp-image-45358\" src=\"http:\/\/www.korhanyilmaz.com\/wp-content\/uploads\/2011\/12\/8781.jpg\" alt=\"\" width=\"322\" height=\"241\" \/><\/a><\/p>\n<p style=\"text-align: justify;\">Fethullah G\u00fclen, kendisine 11 y\u0131l \u00f6nce &#8220;\u00f6rg\u00fct lideri&#8221; su\u00e7lamas\u0131 ile dava a\u00e7an eski savc\u0131 Nuh Mete Y\u00fcksel ile daval\u0131k oldu.<\/p>\n<p style=\"text-align: justify;\">\u0130stanbul- Fethullah G\u00fclen, kas\u0131m ay\u0131nda piyasaya \u00e7\u0131kan \u201cNuh\u2019un Gemisi\u201d adl\u0131 kitab\u0131nda ki\u015filik haklar\u0131na hakaret etti\u011fi iddias\u0131yla Y\u00fcksel\u2019e dava a\u00e7t\u0131 ve 10 bin TL tazminat istedi.<!--more--><\/p>\n<p style=\"text-align: justify;\">Fethullah G\u00fclen ve emekli Savc\u0131 Nuh Mete Y\u00fcksel 11 y\u0131l sonra yine kar\u015f\u0131 kar\u015f\u0131ya geldi. G\u00fclen, 11 y\u0131l \u00f6nce hakk\u0131nda \u201claik devlet yap\u0131s\u0131n\u0131 y\u0131k\u0131p \u0130slam devleti kurmak\u201d amac\u0131yla \u00f6rg\u00fct kurdu\u011fu su\u00e7lamas\u0131yla dava a\u00e7an eski Ankara Cumhuriyet Savc\u0131s\u0131 Nuh Mete Y\u00fcksel\u2019le \u201cki\u015filik haklar\u0131na hakaret etti\u011fi\u201d gerek\u00e7esiyle mahkemelik oldu.<\/p>\n<p style=\"text-align: justify;\"><strong>&#8216;K\u00fc\u00e7\u00fck d\u00fc\u015f\u00fcrd\u00fc&#8217;\u00a0<\/strong><\/p>\n<p style=\"text-align: justify;\">Y\u00fcksel\u2019in, Kas\u0131m ay\u0131nda piyasaya \u00e7\u0131kan ve an\u0131lar\u0131n\u0131 yazd\u0131\u011f\u0131 \u201cNuh\u2019un Gemisi\u201d adl\u0131 kitab\u0131nda kendisini a\u015fa\u011f\u0131lay\u0131c\u0131, k\u00fc\u00e7\u00fck d\u00fc\u015f\u00fcr\u00fcc\u00fc, ku\u015fku ve husumet uyand\u0131racak ifadeler kulland\u0131\u011f\u0131n\u0131 savunan G\u00fclen, 10 bin TL manevi tazminat istedi. Bak\u0131rk\u00f6y 4. Asliye Hukuk Mahkemesi\u2019nde Avukat Orhan Erdemli arac\u0131l\u0131\u011f\u0131yla a\u00e7\u0131lan davan\u0131n dilek\u00e7esinde, Savc\u0131 Y\u00fcksel\u2019in haz\u0131rlad\u0131\u011f\u0131 iddianameyle yap\u0131lan yarg\u0131lama sonucu 10 Mart 2003\u2019te G\u00fclen hakk\u0131ndaki \u201c\u00f6rg\u00fct liderli\u011fi\u201d davas\u0131n\u0131n \u201ckesin h\u00fckme ba\u011flanmas\u0131n\u0131n ertelenmesine\u201d, daha sonra da yasa de\u011fi\u015fiklikleri kapsam\u0131nda, san\u0131\u011f\u0131n lehine h\u00fck\u00fcmlerin uygulanmas\u0131 talebi \u00fczerine beraat karar\u0131 verildi\u011fi vurguland\u0131.<\/p>\n<p style=\"text-align: justify;\">Y\u00fcksel\u2019in hat\u0131ralar\u0131n\u0131 yazma bahanesiyle G\u00fclen\u2019i su\u00e7lu gibi g\u00f6stermeye \u00e7al\u0131\u015ft\u0131\u011f\u0131 ileri s\u00fcr\u00fclerek \u201cDaval\u0131n\u0131n m\u00fcvekkilimle ilgili herhangi bir hat\u0131ras\u0131 bulunmamaktad\u0131r. Kitab\u0131n \u2018Fethullah G\u00fclen\u2019 ba\u015fl\u0131kl\u0131 b\u00f6l\u00fcm\u00fcn\u00fcn, m\u00fcvekkilim hakk\u0131nda verilen beraat karar\u0131na ra\u011fmen, onu kamuoyuna h\u00e2l\u00e2 bir su\u00e7lu olarak sunma amac\u0131n\u0131 ta\u015f\u0131d\u0131\u011f\u0131 g\u00f6r\u00fclmektedir\u201d denildi. Kitab\u0131n 66\u2019nc\u0131 sayfas\u0131na, Y\u00fcksel\u2019in G\u00fclen davas\u0131 s\u00fcrecini anlatt\u0131\u011f\u0131 b\u00f6l\u00fcme de dikkat \u00e7eken Erdemli \u201cBu sayfadaki olaylar \u00e7arp\u0131t\u0131lmak ve oldu\u011fundan ba\u015fka t\u00fcrl\u00fc g\u00f6sterilmek suretiyle m\u00fcvekkilim okuyuculara \u2018su\u00e7lu\u2019 olarak g\u00f6sterilmi\u015ftir. M\u00fcvekkilim kamuoyuna \u2018\u00f6rg\u00fct su\u00e7lamas\u0131yla mahk\u00fbm olmu\u015f\u2019 bir ki\u015fi olarak tan\u0131t\u0131lm\u0131\u015ft\u0131r\u201d dedi.<\/p>\n<p style=\"text-align: justify;\"><strong>&#8216;A\u011f\u0131r hakaret&#8217;\u00a0<\/strong><\/p>\n<p style=\"text-align: justify;\">Avukat, kitapta yer alan ifadelerin d\u00fc\u015f\u00fcnceyi a\u00e7\u0131klama h\u00fcrriyetinin \u00e7ok \u00f6tesinde a\u011f\u0131r hakaret olu\u015fturdu\u011funu iddia etti ve dilek\u00e7esinde \u201cBu ifadelerle G\u00fclen kamuoyu nezdinde k\u00f6t\u00fclenmi\u015ftir. Bu beyanlar\u0131n ki\u015fiyi halk\u0131n husumet, kin ve nefretine maruz k\u0131laca\u011f\u0131 a\u00e7\u0131kt\u0131r\u201d c\u00fcmlelerine yer verdi.<\/p>\n<p style=\"text-align: justify;\"><a href=\"http:\/\/www.cumhuriyet.com.tr\/?hn=303448&amp;kw=Dokunan+yine+yanacak+m%FD%3F\" target=\"_blank\">Kaynak : Cumhuriyet Haber Portal\u0131<\/a><\/p>\n","protected":false},"excerpt":{"rendered":"<p style=\"text-align: center;\">\n<p style=\"text-align: justify;\">Fethullah G\u00fclen, kendisine 11 y\u0131l \u00f6nce &#8220;\u00f6rg\u00fct lideri&#8221; su\u00e7lamas\u0131 ile dava a\u00e7an eski savc\u0131 Nuh Mete Y\u00fcksel ile daval\u0131k oldu.<\/p>\n<p style=\"text-align: justify;\">\u0130stanbul- Fethullah G\u00fclen, kas\u0131m ay\u0131nda piyasaya \u00e7\u0131kan \u201cNuh\u2019un Gemisi\u201d adl\u0131 kitab\u0131nda ki\u015filik haklar\u0131na hakaret etti\u011fi iddias\u0131yla Y\u00fcksel\u2019e dava a\u00e7t\u0131 ve 10 bin TL tazminat istedi.<\/p>\n","protected":false},"author":1,"featured_media":0,"comment_status":"open","ping_status":"open","sticky":false,"template":"","format":"standard","meta":{"footnotes":""},"categories":[105],"tags":[310,599],"class_list":["post-45357","post","type-post","status-publish","format-standard","hentry","category-gundem","tag-fethullah-gulen","tag-nuh-mete-yuksel","odd"],"_links":{"self":[{"href":"http:\/\/www.korhanyilmaz.com\/index.php?rest_route=\/wp\/v2\/posts\/45357","targetHints":{"allow":["GET"]}}],"collection":[{"href":"http:\/\/www.korhanyilmaz.com\/index.php?rest_route=\/wp\/v2\/posts"}],"about":[{"href":"http:\/\/www.korhanyilmaz.com\/index.php?rest_route=\/wp\/v2\/types\/post"}],"author":[{"embeddable":true,"href":"http:\/\/www.korhanyilmaz.com\/index.php?rest_route=\/wp\/v2\/users\/1"}],"replies":[{"embeddable":true,"href":"http:\/\/www.korhanyilmaz.com\/index.php?rest_route=%2Fwp%2Fv2%2Fcomments&post=45357"}],"version-history":[{"count":0,"href":"http:\/\/www.korhanyilmaz.com\/index.php?rest_route=\/wp\/v2\/posts\/45357\/revisions"}],"wp:attachment":[{"href":"http:\/\/www.korhanyilmaz.com\/index.php?rest_route=%2Fwp%2Fv2%2Fmedia&parent=45357"}],"wp:term":[{"taxonomy":"category","embeddable":true,"href":"http:\/\/www.korhanyilmaz.com\/index.php?rest_route=%2Fwp%2Fv2%2Fcategories&post=45357"},{"taxonomy":"post_tag","embeddable":true,"href":"http:\/\/www.korhanyilmaz.com\/index.php?rest_route=%2Fwp%2Fv2%2Ftags&post=45357"}],"curies":[{"name":"wp","href":"https:\/\/api.w.org\/{rel}","templated":true}]}}