{"id":45340,"date":"2011-12-26T07:55:13","date_gmt":"2011-12-26T05:55:13","guid":{"rendered":"http:\/\/www.korhanyilmaz.com\/?p=45340"},"modified":"2011-12-26T19:24:21","modified_gmt":"2011-12-26T17:24:21","slug":"gule-kapimiz-acik","status":"publish","type":"post","link":"http:\/\/www.korhanyilmaz.com\/?p=45340","title":{"rendered":"G\u00fcl&#8217;e kap\u0131m\u0131z a\u00e7\u0131k"},"content":{"rendered":"<p style=\"text-align: center;\">\n<p style=\"text-align: center;\"><a href=\"http:\/\/www.korhanyilmaz.com\/wp-content\/uploads\/2011\/12\/8778.jpg\"  class=\"lightview\"><img loading=\"lazy\" decoding=\"async\" class=\"aligncenter  wp-image-45342\" src=\"http:\/\/www.korhanyilmaz.com\/wp-content\/uploads\/2011\/12\/8778.jpg\" alt=\"\" width=\"315\" height=\"229\" \/><\/a><\/p>\n<p style=\"text-align: justify;\">&#8216;Ba\u015fbakan\u0131m\u0131z K\u00f6\u015fk&#8217;e daha yetkili \u00e7\u0131kmal\u0131&#8217; diyen AK Parti Genel Ba\u015fkan Yard\u0131mc\u0131s\u0131 Tanr\u0131verdi, G\u00fcl&#8217;e de aktif siyaset mesaj\u0131 verdi: Say\u0131n Cumhurba\u015fkan\u0131m\u0131z tekrar siyaset yapmak isterse yine birlikte \u00e7al\u0131\u015f\u0131r\u0131z.<!--more--><\/p>\n<p style=\"text-align: justify;\">ANKARA &#8211; Cumhurba\u015fkan\u0131 Abdullah G\u00fcl&#8217;\u00fcn g\u00f6rev s\u00fcresi ve Ba\u015fbakan Recep Tayyip Erdo\u011fan sonras\u0131 AK Parti tart\u0131\u015f\u0131l\u0131rken, iktidar cephesinden \u00e7arp\u0131c\u0131 de\u011ferlendirmeler geldi. AK Parti Genel Ba\u015fkan Yard\u0131mc\u0131s\u0131 H\u00fcseyin Tanr\u0131verdi, &#8216;Say\u0131n Ba\u015fbakan\u0131m\u0131z K\u00f6\u015fk&#8217;e daha yetkili bir \u015fekilde \u00e7\u0131kmal\u0131&#8217; dedi. Tanr\u0131verdi&#8217;nin mesajlar\u0131 \u015f\u00f6yle:<\/p>\n<p style=\"text-align: justify;\"><strong>K\u00d6\u015eK&#8217;E DAHA YETK\u0130L\u0130 \u00c7IKMALI<\/strong><\/p>\n<p style=\"text-align: justify;\">Say\u0131n Ba\u015fbakan\u0131m\u0131z\u0131n devletin ba\u015f\u0131nda olmas\u0131 T\u00fcrkiyemiz i\u00e7in b\u00fcy\u00fck bir itibard\u0131r, onurdur. Ba\u015fbakan\u0131m\u0131z\u0131n K\u00f6\u015fk&#8217;e \u00e7\u0131kmas\u0131 tamamen kendi takdirlerindedir. Ancak benim kanaatim, Say\u0131n Ba\u015fbakan\u0131m\u0131z K\u00f6\u015fk&#8217;e daha yetkili bir \u015fekilde \u00e7\u0131kmal\u0131. Yetkilerinin art\u0131r\u0131lmas\u0131, T\u00fcrkiye ve d\u00fcnya insanl\u0131\u011f\u0131 i\u00e7in etkilerinin art\u0131r\u0131lmas\u0131 demektir.<\/p>\n<p style=\"text-align: justify;\"><strong>OBAMA VE SARKOZY \u00d6RNE\u011e\u0130<\/strong><\/p>\n<p style=\"text-align: justify;\">Sarkozy &#8216;Devlet Ba\u015fkan\u0131&#8217; ve onlarda yar\u0131 ba\u015fkanl\u0131k var. ABD&#8217;de &#8216;Ba\u015fkanl\u0131k&#8217; sistemi uygulan\u0131yor. D\u00fcnyaya bakt\u0131\u011f\u0131n\u0131zda devlet ba\u015fkanlar\u0131n\u0131n yetkili oldu\u011fu \u00fclkelerde etkileri fark ediliyor. Devlet ba\u015fkan\u0131n\u0131n yetkileri art\u0131r\u0131ld\u0131\u011f\u0131nda hem \u00fclkesi i\u00e7in hem d\u00fcnya i\u00e7in etkisi art\u0131r\u0131lm\u0131\u015f oluyor. 2023&#8217;e y\u00fcr\u00fcyen T\u00fcrkiye&#8217;nin hedefine \u00e7ok \u00e7abuk ula\u015fmas\u0131 ad\u0131na da bu \u00f6nemlidir&#8230; \u0130smi \u00f6nemli de\u011fil, yani ba\u015fkanl\u0131k, yar\u0131 ba\u015fkanl\u0131k veya \u015fu sistem. \u00d6nemli olan devlet ba\u015fkan\u0131n\u0131n daha yetkili olmas\u0131.<\/p>\n<p style=\"text-align: justify;\"><strong>UZLA\u015eMAYA BA\u011eLI<\/strong><\/p>\n<p style=\"text-align: justify;\">Anayasa de\u011fi\u015fikli\u011fi a\u015famas\u0131nda inan\u0131yorum ki TBMM&#8217;de grubu bulunan partiler b\u00f6yle d\u00fc\u015f\u00fcneceklerdir. Sivil toplum kurulu\u015flar\u0131n\u0131n kanaatinin de bu y\u00f6nde olaca\u011f\u0131n\u0131 d\u00fc\u015f\u00fcn\u00fcyorum. Cumhurba\u015fkan\u0131, devlet ba\u015fkan\u0131 kim olursa, o yetkilerle etkili bir g\u00f6rev yapm\u0131\u015f olur. Tabii bu Meclis&#8217;teki uzla\u015f\u0131ya ba\u011fl\u0131. \u015eu an 367&#8217;yi bulan ya da 330&#8217;u a\u015fan bir parti yok.<\/p>\n<p style=\"text-align: justify;\"><strong>\u0130K\u0130 MECL\u0130SL\u0130 OLMA \u015eARTI YOK<\/strong><\/p>\n<p style=\"text-align: justify;\">Devlet ba\u015fkan\u0131 daha yetkili oldu\u011funda, sistem ona nas\u0131l yard\u0131mc\u0131 olacaksa o \u015fekliyle olu\u015fturulur. T\u00fcrkiye, senato ve Meclis&#8217;in birlikte \u00e7al\u0131\u015ft\u0131\u011f\u0131 d\u00f6nemi ya\u015fad\u0131. Ancak senatonun \u00e7ok faydal\u0131 olmad\u0131\u011f\u0131 g\u00f6r\u00fcld\u00fc. Dolay\u0131s\u0131yla illa iki meclisli olma \u015fart\u0131 yok. Devlet ba\u015fkan\u0131n\u0131n g\u00fcc\u00fcne g\u00fc\u00e7 katacak bir sistem anayasada yetki verilirken olu\u015fturulur.<\/p>\n<p style=\"text-align: justify;\"><strong>CHP&#8217;N\u0130N &#8216;MECL\u0130S SE\u00c7S\u0130N&#8217; \u00d6NER\u0130S\u0130<\/strong><\/p>\n<p style=\"text-align: justify;\">Bunu millete g\u00fcvensizlik olarak g\u00f6r\u00fcyorum. Buradan d\u00f6n\u00fc\u015f olursa yine &#8216;Da\u011fdaki \u00e7obanla, benim oyum bir olmaz&#8217; diyenlerin, &#8216;bidon kafal\u0131&#8217;, &#8216;karn\u0131n\u0131 ka\u015f\u0131yan adam&#8217; diyenlerin s\u00f6zleri akl\u0131m\u0131za gelmi\u015f olur. CHP nas\u0131l o s\u00f6z\u00fc s\u00f6yledi hala haf\u0131zam alm\u0131yor. Biraz daha geri gitseler herhalde &#8216;Milli \u015fefli\u011fe tekrar ge\u00e7elim&#8217; diyecekler.<\/p>\n<p style=\"text-align: justify;\"><strong>Y\u0130NE B\u0130RL\u0130KTE \u00c7ALI\u015eIRIZ<\/strong><\/p>\n<p style=\"text-align: justify;\">Tanr\u0131verdi, Ba\u015fkent kulislerinde dillendirilen &#8216;Erdo\u011fan K\u00f6\u015fk&#8217;e, G\u00fcl AK Parti&#8217;ye&#8217; senaryosuna ili\u015fkin de\u011ferlendirmelerde de bulundu. Ak\u015fam gazetesinin haberine g\u00f6re, G\u00fcl&#8217;\u00fcn siyasi deneyimlerine dikkat \u00e7eken Tanr\u0131verdi, \u015f\u00f6yle dedi: &#8216;Siyaseten deneyimi, tecr\u00fcbesi var. Tekrar siyaset yapmak istedi\u011finde siyasetin kap\u0131lar\u0131 a\u00e7\u0131kt\u0131r. Bizde bu konuda kesinlikle bir kutupla\u015fma, kampla\u015fma s\u00f6z konusu de\u011fil. D\u00fcn nas\u0131l birlikte \u00e7al\u0131\u015fm\u0131\u015fsak, e\u011fer kendileri siyaseti d\u00fc\u015f\u00fcn\u00fcrlerse yine birlikte \u00e7al\u0131\u015f\u0131r\u0131z.&#8217;<\/p>\n<p style=\"text-align: justify;\">AK Parti&#8217;yi, daha \u00f6nceki partilerle k\u0131yaslaman\u0131n yanl\u0131\u015f olaca\u011f\u0131n\u0131 savunan Tanr\u0131verdi, &#8216;Bizden \u00f6ncekilerde makam kavgalar\u0131, partililer aras\u0131nda kutupla\u015fmalar, ayr\u0131mc\u0131l\u0131klar s\u00f6z konusu olmu\u015ftur. Biraz da hortumculuk anlay\u0131\u015f\u0131 geli\u015fmi\u015ftir. AK Parti&#8217;de ise birlik, beraberlik, ilkeler vard\u0131r&#8217; diye konu\u015ftu. Parti t\u00fcz\u00fc\u011f\u00fcndeki &#8216;\u00fc\u00e7 d\u00f6nem vekillik ve ba\u015fkanl\u0131k&#8217; uygulamas\u0131na ili\u015fkin olarak ise Tanr\u0131verdi, &#8216;AK Parti&#8217;de Genel Ba\u015fkan&#8217;dan mahalle temsilcisine kadar herkes e\u015fit \u015fartlardad\u0131r&#8217; ifadesini kulland\u0131.<\/p>\n<p style=\"text-align: justify;\"><strong>\u00dc\u00c7 SANDIK FORM\u00dcL\u00dc<\/strong><\/p>\n<p style=\"text-align: justify;\">2014&#8217;te yerel se\u00e7im ve cumhurba\u015fkanl\u0131\u011f\u0131 se\u00e7imi, 2015&#8217;te ise genel se\u00e7im yap\u0131laca\u011f\u0131n\u0131 hat\u0131rlatan Tanr\u0131verdi, \u00fc\u00e7 sand\u0131\u011f\u0131n bir arada kurulabilece\u011fi mesaj\u0131n\u0131 verdi: TBMM oturur, &#8216;Genel se\u00e7imleri yerel se\u00e7imlerle birle\u015ftirelim, b\u00fct\u00fcn se\u00e7imleri bir arada yapal\u0131m&#8217; derse, \u00fc\u00e7 se\u00e7im birden yap\u0131labilir. Bunun i\u00e7in TBMM karar\u0131 gerekli. Daha 2012 var, 2013 var; 2014&#8217;e daha zaman var.<\/p>\n<p style=\"text-align: justify;\"><a href=\"http:\/\/www.ntvmsnbc.com\/id\/25308953\" target=\"_blank\">Kaynak : NTVMSNBC<\/a><\/p>\n","protected":false},"excerpt":{"rendered":"<p style=\"text-align: center;\">\n<p style=\"text-align: center;\">\n<p style=\"text-align: justify;\">&#8216;Ba\u015fbakan\u0131m\u0131z K\u00f6\u015fk&#8217;e daha yetkili \u00e7\u0131kmal\u0131&#8217; diyen AK Parti Genel Ba\u015fkan Yard\u0131mc\u0131s\u0131 Tanr\u0131verdi, G\u00fcl&#8217;e de aktif siyaset mesaj\u0131 verdi: Say\u0131n Cumhurba\u015fkan\u0131m\u0131z tekrar siyaset yapmak isterse yine birlikte \u00e7al\u0131\u015f\u0131r\u0131z.<\/p>\n","protected":false},"author":1,"featured_media":0,"comment_status":"open","ping_status":"open","sticky":false,"template":"","format":"standard","meta":{"footnotes":""},"categories":[105],"tags":[],"class_list":["post-45340","post","type-post","status-publish","format-standard","hentry","category-gundem","odd"],"_links":{"self":[{"href":"http:\/\/www.korhanyilmaz.com\/index.php?rest_route=\/wp\/v2\/posts\/45340","targetHints":{"allow":["GET"]}}],"collection":[{"href":"http:\/\/www.korhanyilmaz.com\/index.php?rest_route=\/wp\/v2\/posts"}],"about":[{"href":"http:\/\/www.korhanyilmaz.com\/index.php?rest_route=\/wp\/v2\/types\/post"}],"author":[{"embeddable":true,"href":"http:\/\/www.korhanyilmaz.com\/index.php?rest_route=\/wp\/v2\/users\/1"}],"replies":[{"embeddable":true,"href":"http:\/\/www.korhanyilmaz.com\/index.php?rest_route=%2Fwp%2Fv2%2Fcomments&post=45340"}],"version-history":[{"count":0,"href":"http:\/\/www.korhanyilmaz.com\/index.php?rest_route=\/wp\/v2\/posts\/45340\/revisions"}],"wp:attachment":[{"href":"http:\/\/www.korhanyilmaz.com\/index.php?rest_route=%2Fwp%2Fv2%2Fmedia&parent=45340"}],"wp:term":[{"taxonomy":"category","embeddable":true,"href":"http:\/\/www.korhanyilmaz.com\/index.php?rest_route=%2Fwp%2Fv2%2Fcategories&post=45340"},{"taxonomy":"post_tag","embeddable":true,"href":"http:\/\/www.korhanyilmaz.com\/index.php?rest_route=%2Fwp%2Fv2%2Ftags&post=45340"}],"curies":[{"name":"wp","href":"https:\/\/api.w.org\/{rel}","templated":true}]}}