{"id":45336,"date":"2011-12-26T14:52:06","date_gmt":"2011-12-26T12:52:06","guid":{"rendered":"http:\/\/www.korhanyilmaz.com\/?p=45336"},"modified":"2011-12-26T19:09:47","modified_gmt":"2011-12-26T17:09:47","slug":"kck-davasinda-arinc-ve-atalayin-sozleri-ile-savunma","status":"publish","type":"post","link":"http:\/\/www.korhanyilmaz.com\/?p=45336","title":{"rendered":"KCK davas\u0131nda Ar\u0131n\u00e7 ve Atalay&#8217;\u0131n s\u00f6zleri ile savunma"},"content":{"rendered":"<p style=\"text-align: center;\"><a href=\"http:\/\/www.korhanyilmaz.com\/wp-content\/uploads\/2011\/12\/8776.jpg\"  class=\"lightview\"><img loading=\"lazy\" decoding=\"async\" class=\"aligncenter  wp-image-45337\" src=\"http:\/\/www.korhanyilmaz.com\/wp-content\/uploads\/2011\/12\/8776.jpg\" alt=\"\" width=\"313\" height=\"254\" \/><\/a><\/p>\n<p style=\"text-align: justify;\">PKK&#8217;n\u0131n sivil yap\u0131lanmas\u0131 oldu\u011fu iddia edilen KCK\/TM ana davas\u0131nda san\u0131k avukatlar\u0131ndan Diyarbak\u0131r Baro Ba\u015fkan\u0131 Mehmet Emin Aktar, Ba\u015fbakan Yard\u0131mc\u0131s\u0131 Be\u015fir Atalay&#8217;\u0131n bir s\u00fcre \u00f6nce s\u00f6yledi\u011fi s\u00f6zleri nedeniyle hakk\u0131nda su\u00e7 duyurusunda bulunulmas\u0131n\u0131 istedi, aksi tadirde adil bir yarg\u0131lama olaca\u011f\u0131na inanmayacaklar\u0131n\u0131 s\u00f6yledi.\u00a0<!--more--><\/p>\n<p style=\"text-align: justify;\">Avukat Sabahattin Acar ise, Ba\u015fbakan B\u00fclent Ar\u0131n\u00e7&#8217;\u0131n K\u00fcrt haklar\u0131 oldu\u011funu s\u00f6yledi\u011fini ve bu nedenle mahkemenin K\u00fcrt\u00e7e savunma tercihinin kabul\u00fc y\u00f6n\u00fcnde mahkeminin karar almas\u0131 gerekti\u011fini iddia etti.Mahkeme Ba\u015fkan\u0131 Menderes Y\u0131lmaz, Ba\u015fbakan yard\u0131mc\u0131lar\u0131 Be\u015fir Atalay ve B\u00fclent Ar\u0131n\u00e7&#8217;\u0131 kast ederek, &#8220;Onlar\u0131n konu\u015fmalar\u0131 bizi ba\u011flam\u0131yor&#8221; diyerek K\u00fcrt\u00e7e savunma konusundaki talebi yine reddetti.<\/p>\n<p style=\"text-align: justify;\">KCK\/TM ana davas\u0131nda 104&#8217;\u00fc tutuklu 152 san\u0131\u011f\u0131n yarg\u0131lanmas\u0131na bug\u00fcn 30&#8217;ncu duru\u015fmayla Diyarbak\u0131r 6&#8217;\u0131nc\u0131 A\u011f\u0131r Ceza Mahkemesi&#8217;nde devam edildi. Duru\u015fmaya, 92&#8217;si tutuklu 4&#8217;\u00fc tutuksuz toplam 96 san\u0131k kat\u0131ld\u0131. Adliye \u00f6n\u00fcnde polisin s\u0131k\u0131 \u00f6nlem ald\u0131\u011f\u0131 duru\u015fmay\u0131 BDP Genel Ba\u015fkan\u0131 Selahattin Demirta\u015f, Mu\u015f Milletvekili S\u0131rr\u0131 Sak\u0131k, ba\u011f\u0131ms\u0131z milletvekilleri Ahmet T\u00fcrk, Aysel Tu\u011fluk ve Pervin Buldan da izledi. Duru\u015fmada tutuklu san\u0131klardan Adnan Bayram ile ilgili kan\u0131tlar ele al\u0131nd\u0131.<\/p>\n<p style=\"text-align: justify;\">San\u0131k avukatlar\u0131ndan Diyarbak\u0131r Baro Ba\u015fkan\u0131 Mehmet Emin Aktar, Ba\u015fbakan Yard\u0131mc\u0131s\u0131 Be\u015fir Atalay&#8217;\u0131n, &#8220;S\u0131n\u0131r \u00f6tesi ve KCK operasyonlar\u0131, koordinasyon i\u00e7inde tart\u0131\u015f\u0131lm\u0131\u015f, planlanm\u0131\u015f ve y\u00fcr\u00fct\u00fclmektedir&#8221; dedi\u011fini s\u00f6yledi. Aktar, bu operasyonun siyasi oldu\u011funu, yarg\u0131ya y\u00fcr\u00fctmenin g\u00f6lgesinin d\u00fc\u015ft\u00fc\u011f\u00fcn\u00fc, bu a\u015famada yarg\u0131 \u00e7evresinden herhangi bir tepki gelmedi\u011fini \u00f6ne s\u00fcrerek, &#8220;Atalay&#8217;\u0131n a\u00e7\u0131klamas\u0131yla, yarg\u0131ya y\u00fcr\u00fctmenin g\u00f6lgesi d\u00fc\u015fm\u00fc\u015ft\u00fcr. Mahkeminin buna kar\u015f\u0131 tav\u0131r almas\u0131n\u0131 bekliyoruz. Tav\u0131r almas\u0131n\u0131 istiyoruz. Hakk\u0131nda su\u00e7 duyurusunda bulunulmas\u0131n\u0131 istiyoruz. Bu olmazsa adil bir yarg\u0131lama olaca\u011f\u0131na inanm\u0131yoruz&#8221; dedi.<\/p>\n<p style=\"text-align: justify;\">Mahkeme Ba\u015fkan\u0131 Menderes Y\u0131lmaz, &#8220;Bu konu\u015fmalar bizi ilgilendirmiyor. Biz bizim \u00fczerimizde kimsenin bask\u0131s\u0131n\u0131 hissetmiyoruz&#8221; dedi.<\/p>\n<p style=\"text-align: justify;\">Savunma avukatlar\u0131ndan Sel\u00e7uk Koza\u011fa\u00e7l\u0131, Atalay&#8217;\u0131n a\u00e7\u0131klamalar\u0131n\u0131n yarg\u0131 ve Cumhuriyet savc\u0131s\u0131na m\u00fcdahale oldu\u011funu \u00f6ne s\u00fcrerken, \u015f\u00f6yle dedi:<\/p>\n<p style=\"text-align: justify;\">&#8220;Siz kendinizi bask\u0131 alt\u0131nda hissetmeyebilirsiniz. Ama bu konu\u015fmalar\u0131n siyasi kar\u015f\u0131l\u0131\u011f\u0131 vard\u0131r. Atalay&#8217;\u0131n a\u00e7\u0131klamalar\u0131, Cumhuriyet savc\u0131s\u0131n\u0131n g\u00f6revine m\u00fcdahaledir. Burada &#8216;Ku\u015f diliyle&#8217; savunma yapmaya \u00e7al\u0131\u015f\u0131yoruz. Anadilde savunma almama tercihi sizin tercihiniz de\u011fil, bu h\u00fck\u00fcmetin tercihidir. Sizden, Ba\u015fbakan Yard\u0131mc\u0131s\u0131&#8217;n\u0131n bu konu\u015fmalar\u0131 ile ilgili televizyonlardan g\u00f6r\u00fcnt\u00fcleri isteyip bu a\u00e7\u0131klamalar\u0131n yarg\u0131ya m\u00fcdahale olup olmad\u0131\u011f\u0131n\u0131 tart\u0131\u015fmak istiyoruz. Yarg\u0131lamaya m\u00fcdahale ise gere\u011fini yapacak m\u0131s\u0131n\u0131z?&#8221;<\/p>\n<p style=\"text-align: justify;\">Savunma avukatlar\u0131ndan Sabahattin Acar da Ar\u0131n\u00e7&#8217;\u0131n K\u00fcrt haklar\u0131 ile ilgili s\u00f6zlerini hat\u0131rlatarak savunma yapt\u0131. Acar, \u015f\u00f6yle konu\u015ftu:<\/p>\n<p style=\"text-align: justify;\">&#8220;Ba\u015fbakan Yard\u0131mc\u0131s\u0131 B\u00fclent Ar\u0131n\u00e7, bu \u00fclkede K\u00fcrtler&#8217;in haklar\u0131 oldu\u011funu ve bu haklar\u0131n verilece\u011fini s\u00f6yledi. Ama siz burada ana dilde savunmaya izin vermiyorsunuz. Siz burada gere\u011fini yerine getirmek zorundas\u0131n\u0131z. Siz niye direniyorsunuz? Anadilde savunma ile ilgili bir ara karar vermenizi talep ediyoruz.&#8221;<\/p>\n<p style=\"text-align: justify;\">Mahkeme Ba\u015fkan\u0131 Menderes Y\u0131lmaz, Ba\u015fbakan yard\u0131mc\u0131lar\u0131 Atalay ve Ar\u0131n\u00e7&#8217;\u0131 kastederek, &#8220;Baz\u0131 avukatlar &#8216;O b\u00f6yle dedi, siz de bu b\u00f6yle dedi&#8217; diyorsunuz. Onlar\u0131n konu\u015fmalar\u0131 bizi ba\u011flam\u0131yor&#8221; dedi.<\/p>\n<p style=\"text-align: justify;\">K\u00fcrt\u00e7e savunmayla ilgili istek yeniden reddedilirken san\u0131k Adnan Bayram ile ilgili delillerin okunmas\u0131na ge\u00e7ildi. Savunma avukatlar\u0131 bu kan\u0131tlar\u0131n hukuka ayk\u0131r\u0131 elde edildi\u011fini belirterek, dosyadan \u00e7\u0131kar\u0131lmas\u0131 gerekti\u011fini s\u00f6yledi. Mahkeme heyeti, duru\u015fmaya k\u0131sa araya verdi.<\/p>\n<p style=\"text-align: justify;\"><a href=\"http:\/\/www.cnnturk.com\/2011\/turkiye\/12\/26\/kck.davasinda.arinc.ve.atalayin.sozleri.ile.savunma\/642033.0\/index.html\" target=\"_blank\">Kaynak : CNN T\u00dcRK<\/a><\/p>\n","protected":false},"excerpt":{"rendered":"<p style=\"text-align: center;\">\n<p style=\"text-align: justify;\">PKK&#8217;n\u0131n sivil yap\u0131lanmas\u0131 oldu\u011fu iddia edilen KCK\/TM ana davas\u0131nda san\u0131k avukatlar\u0131ndan Diyarbak\u0131r Baro Ba\u015fkan\u0131 Mehmet Emin Aktar, Ba\u015fbakan Yard\u0131mc\u0131s\u0131 Be\u015fir Atalay&#8217;\u0131n bir s\u00fcre \u00f6nce s\u00f6yledi\u011fi s\u00f6zleri nedeniyle hakk\u0131nda su\u00e7 duyurusunda bulunulmas\u0131n\u0131 istedi, aksi tadirde adil bir yarg\u0131lama olaca\u011f\u0131na inanmayacaklar\u0131n\u0131 s\u00f6yledi. <\/p>\n","protected":false},"author":1,"featured_media":0,"comment_status":"open","ping_status":"open","sticky":false,"template":"","format":"standard","meta":{"footnotes":""},"categories":[105],"tags":[],"class_list":["post-45336","post","type-post","status-publish","format-standard","hentry","category-gundem","odd"],"_links":{"self":[{"href":"http:\/\/www.korhanyilmaz.com\/index.php?rest_route=\/wp\/v2\/posts\/45336","targetHints":{"allow":["GET"]}}],"collection":[{"href":"http:\/\/www.korhanyilmaz.com\/index.php?rest_route=\/wp\/v2\/posts"}],"about":[{"href":"http:\/\/www.korhanyilmaz.com\/index.php?rest_route=\/wp\/v2\/types\/post"}],"author":[{"embeddable":true,"href":"http:\/\/www.korhanyilmaz.com\/index.php?rest_route=\/wp\/v2\/users\/1"}],"replies":[{"embeddable":true,"href":"http:\/\/www.korhanyilmaz.com\/index.php?rest_route=%2Fwp%2Fv2%2Fcomments&post=45336"}],"version-history":[{"count":0,"href":"http:\/\/www.korhanyilmaz.com\/index.php?rest_route=\/wp\/v2\/posts\/45336\/revisions"}],"wp:attachment":[{"href":"http:\/\/www.korhanyilmaz.com\/index.php?rest_route=%2Fwp%2Fv2%2Fmedia&parent=45336"}],"wp:term":[{"taxonomy":"category","embeddable":true,"href":"http:\/\/www.korhanyilmaz.com\/index.php?rest_route=%2Fwp%2Fv2%2Fcategories&post=45336"},{"taxonomy":"post_tag","embeddable":true,"href":"http:\/\/www.korhanyilmaz.com\/index.php?rest_route=%2Fwp%2Fv2%2Ftags&post=45336"}],"curies":[{"name":"wp","href":"https:\/\/api.w.org\/{rel}","templated":true}]}}