{"id":45333,"date":"2011-12-26T18:12:40","date_gmt":"2011-12-26T16:12:40","guid":{"rendered":"http:\/\/www.korhanyilmaz.com\/?p=45333"},"modified":"2011-12-26T19:05:16","modified_gmt":"2011-12-26T17:05:16","slug":"kamu-gorevlileri-cinayete-istirak-etti","status":"publish","type":"post","link":"http:\/\/www.korhanyilmaz.com\/?p=45333","title":{"rendered":"&#8220;Kamu g\u00f6revlileri cinayete i\u015ftirak etti&#8221;"},"content":{"rendered":"<p style=\"text-align: justify;\"><a href=\"http:\/\/www.korhanyilmaz.com\/wp-content\/uploads\/2011\/12\/8775.jpg\"  class=\"lightview\"><img loading=\"lazy\" decoding=\"async\" class=\"aligncenter size-full wp-image-45334\" title=\"\" src=\"http:\/\/www.korhanyilmaz.com\/wp-content\/uploads\/2011\/12\/8775.jpg\" alt=\"\" width=\"350\" height=\"241\" \/><\/a><\/p>\n<p style=\"text-align: justify;\">Hrant Dink&#8217;in \u00f6ld\u00fcr\u00fclmesine ili\u015fkin davan\u0131n 23. duru\u015fmas\u0131nda, Dink ailesinin avukatlar\u0131, esas hakk\u0131ndaki g\u00f6r\u00fc\u015flerini okudu. Avukatlar, Trabzon ve \u0130stanbul&#8217;daki emniyet g\u00f6revlileri ile askeri yetkililerin &#8220;ihmalli davran\u0131\u015flarla adam \u00f6ld\u00fcrmeye i\u015ftirak etti\u011fi&#8221; g\u00f6r\u00fc\u015f\u00fcn\u00fc bildirdiler.\u00a0<!--more--><\/p>\n<p style=\"text-align: justify;\">Hrant Dink suikast\u0131 davas\u0131n\u0131n 23. duru\u015fmas\u0131 Be\u015fikta\u015f&#8217;taki \u0130stanbul Adliyesi&#8217;nde g\u00f6r\u00fcl\u00fcyor.<\/p>\n<p style=\"text-align: justify;\">Davay\u0131 Hrant Dink&#8217;in k\u0131z\u0131 Delal Dink&#8217;le ge\u00e7en hafta evlenen Rober Kopta\u015f izledi. Daha \u00f6nceki duru\u015fmalarda s\u0131k s\u0131k tart\u0131\u015fan Erhan Tuncel ve Yasin Hayal ayr\u0131 s\u0131ralarda oturtuldu. Yasin Hayal&#8217;in uzam\u0131\u015f sakallar\u0131 dikkat \u00e7ekti. Esas hakk\u0131ndaki g\u00f6r\u00fc\u015flerini a\u00e7\u0131klayan Dink Ailesi avukatlar\u0131, &#8220;Cinayetten sonraki s\u00fcre\u00e7 ve kamu g\u00f6revlilerinin ihmaline&#8221; ili\u015fkin de\u011ferlendirmeler yap\u0131yor. Dink ailesi avukatlar\u0131, san\u0131klardan \u00c7o\u015fkun \u0130\u011fci&#8217;nin jandarma komutan\u0131 Ali \u00d6z&#8217;e ve Metin Y\u0131ld\u0131z&#8217;a cinayetten 6 ay \u00f6nce &#8216;bir gazetecinin \u00f6ld\u00fcr\u00fclece\u011fi&#8217; bilgisini verdi\u011fini fakat \u00d6z ve Y\u0131ld\u0131z taraf\u0131ndan bunu kimseye s\u00f6ylememesi gerekti\u011fi konusunda uyar\u0131ld\u0131\u011f\u0131n\u0131 iddia etti.<\/p>\n<p style=\"text-align: justify;\">Agos Gazetesi Genel Yay\u0131n Y\u00f6netmeni Hrant Dink&#8217;in \u00f6ld\u00fcr\u00fclmesine ili\u015fkin davan\u0131n 23. duru\u015fmas\u0131 devam ediyor.<\/p>\n<p style=\"text-align: justify;\"><strong>Dink&#8217;in damad\u0131 duru\u015fmada\u00a0<\/strong><\/p>\n<p style=\"text-align: justify;\">\u0130stanbul 14. A\u011f\u0131r Ceza Mahkemesi&#8217;ndeki duru\u015fmaya tutuklu san\u0131klar Erhan Tuncel ile Yasin Hayal getirildi. Hrant Dink&#8217;in ailesinin gelmedi\u011fi duru\u015fmay\u0131 Hrant Dink&#8217;in k\u0131z\u0131 Delal Dink&#8217;le ge\u00e7en hafta evlenen Rober Kopta\u015f izledi. Daha \u00f6nceki duru\u015fmalarda s\u0131k s\u0131k tart\u0131\u015fan Erhan Tuncel ve Yasin Hayal ayr\u0131 s\u0131ralarda oturtuldu.<\/p>\n<p style=\"text-align: justify;\">Yasin Hayal&#8217;in uzam\u0131\u015f sakallar\u0131 dikkat \u00e7ekti. Mahkeme Ba\u015fkan\u0131 R\u00fcstem Ery\u0131lmaz, bir \u00f6nceki duru\u015fmada savc\u0131l\u0131k m\u00fctalaas\u0131na kar\u015f\u0131 g\u00f6r\u00fc\u015flerini okuyan Dink ailesinin avukatlar\u0131na s\u00f6z verdi.<\/p>\n<p style=\"text-align: justify;\"><strong>Kamu g\u00f6revlilerinin ihmali\u00a0<\/strong><\/p>\n<p style=\"text-align: justify;\">Dink ailesinin avukatlar\u0131ndan Bahri Belen, esas hakk\u0131ndaki g\u00f6r\u00fc\u015flerinin ilk b\u00f6l\u00fcm\u00fcn\u00fc bir \u00f6nceki duru\u015fmada okuduklar\u0131n\u0131 hat\u0131rlatarak &#8220;Bu duru\u015fmada g\u00f6r\u00fc\u015flerimizin ikinci k\u0131sm\u0131n\u0131 okuyaca\u011f\u0131z. Bu b\u00f6l\u00fcmde &#8216;Cinayetten sonraki s\u00fcre\u00e7 ve kamu g\u00f6revlilerinin ihmali&#8217; ba\u015fl\u0131kl\u0131 b\u00f6l\u00fcm\u00fc okuyaca\u011f\u0131z. Savunmam\u0131z\u0131n bu b\u00f6l\u00fcm\u00fcnde, soru\u015fturma s\u00fcrecini, dosyadaki delilleri, tan\u0131klar\u0131n ifadelerini ve Dink \u00f6ld\u00fcr\u00fclmesi s\u00fcrecindeki somut detaylar\u0131 anlataca\u011f\u0131z. Bu b\u00f6l\u00fcmde ayr\u0131ca Trabzon Emniyeti ve askeri birimleri, \u0130stanbul&#8217;daki sivil ve askeri g\u00fcvenlik g\u00f6revlileri ile istihbarat birimlerinin rollerini de\u011ferlendirece\u011fiz&#8221; dedi.<\/p>\n<p style=\"text-align: justify;\"><strong>&#8220;Sadece g\u00f6revi ihmal de\u011fil&#8221;\u00a0<\/strong><\/p>\n<p style=\"text-align: justify;\">Trabzon davas\u0131ndaki san\u0131klar\u0131n sadece g\u00f6revi ihmal su\u00e7undan yarg\u0131land\u0131klar\u0131n\u0131 vurgulayan Belen &#8220;Bu adamlar sadece g\u00f6revi ihmalden yarg\u0131land\u0131lar. Oysaki yapt\u0131klar\u0131 g\u00f6revi ihmal de\u011fil, ihmalli davran\u0131\u015fla adam \u00f6ld\u00fcrmeye i\u015ftiraktir&#8221; dedi.<\/p>\n<p style=\"text-align: justify;\"><strong>&#8220;\u00c7o\u015fkun \u0130\u011fci&#8217;nin cinayetteki rol\u00fc&#8221;\u00a0<\/strong><\/p>\n<p style=\"text-align: justify;\">Daha sonra s\u00f6z alan Dink ailesi avukatlar\u0131ndan Esra Salmanl\u0131, Yasin Hayal&#8217;in eni\u015ftesi \u00c7o\u015fkun \u0130\u011fci&#8217;nin rol\u00fcne de\u011finen avukat Salmanl\u0131, \u0130\u011fci&#8217;nin McDonalds bombalamas\u0131n\u0131n ard\u0131ndan jandarma g\u00f6revlileri taraf\u0131ndan istihbarat eleman\u0131 olarak g\u00f6revlendirildi\u011fini ifade etti. Sonraki s\u00fcre\u00e7te \u0130\u011fci&#8217;nin jandarma komutan\u0131 Ali \u00d6z&#8217;e ve Metin Y\u0131ld\u0131z&#8217;a cinayetten 6 ay \u00f6nce &#8216;bir gazetecinin \u00f6ld\u00fcr\u00fclece\u011fi&#8217; bilgisini verdi\u011fini fakat \u00d6z ve Y\u0131ld\u0131z taraf\u0131ndan bunu kimseye s\u00f6ylememesi gerekti\u011fi konusunda uyar\u0131ld\u0131\u011f\u0131n\u0131 belirten Salmanl\u0131, Temmuz ay\u0131nda Dink&#8217;in \u00f6ld\u00fcr\u00fclece\u011fi bilgisini alan jandarma g\u00f6revlilerinin bir \u015fey yapmad\u0131klar\u0131 halde Dink&#8217;in \u00f6ld\u00fcr\u00fclmesinin ard\u0131ndan 20 Ocak 2007 tarihinde ise g\u00f6rev sonu\u00e7 raporu d\u00fczenlediklerini anlatt\u0131. Raporun, Co\u015fkun \u0130\u011fci&#8217;nin verdi\u011fi bilgiler sanki cinayetten sonra verilmi\u015f gibi haz\u0131rland\u0131\u011f\u0131na dikkat \u00e7eken Salmanl\u0131, &#8220;Ve \u0130\u011fci bu s\u00fcre\u00e7 i\u00e7erisinde bildiklerini kimseye anlatmamas\u0131 i\u00e7in tehdit ediliyor&#8221; dedi.<\/p>\n<p style=\"text-align: justify;\"><strong>Hrant&#8217;\u0131n Arkada\u015flar\u0131: &#8220;\u00d6ld\u00fcr diyenler yarg\u0131lans\u0131n!&#8221;\u00a0<\/strong><\/p>\n<p style=\"text-align: justify;\">Hrant Dink cinayeti davas\u0131n\u0131n 23&#8217;\u00fcnc\u00fc duru\u015fmas\u0131 \u00f6ncesinde &#8220;Hrant&#8217;\u0131n Arkada\u015flar\u0131&#8221;, Be\u015fikta\u015f Meydan\u0131&#8217;ndan &#8220;Hrant i\u00e7in, Adalet \u0130\u00e7in&#8221;, &#8220;Bu dava b\u00f6yle bitmez&#8221; d\u00f6vizleri ile \u0130stanbul \u00d6zel Yetkili A\u011f\u0131r Ceza Mahkemesi&#8217;ne y\u00fcr\u00fcd\u00fc. &#8220;\u00d6ld\u00fcr diyenler yarg\u0131lans\u0131n&#8221;, &#8220;Bu dava b\u00f6yle bitmeyecek&#8221;, &#8220;Hrant \u0130\u00e7in, Adalet \u0130\u00e7in&#8221; diye slogan att\u0131.<\/p>\n<p style=\"text-align: justify;\">Adliye binas\u0131 \u00f6n\u00fcndeki yakla\u015f\u0131k 200 ki\u015filik toplulu\u011fun aras\u0131nda Rakel Dink, Orhan Dink, CHP \u0130stanbul Milletvekili ve Genel Ba\u015fkan Yard\u0131mc\u0131s\u0131 Sezgin Tanr\u0131kulu, BDP \u0130stanbul Milletvekili Levent T\u00fczel, D\u0130SK Genel Ba\u015fkanvekili Tayfun G\u00f6rg\u00fcn, Dans\u00e7\u0131 Zeynep Tanbay, Prof. Dr. Gencay G\u00fcrsoy dikkat \u00e7ekti. Ahmet Kaya&#8217;n\u0131n e\u015fi G\u00fclten Kaya&#8217;n\u0131n okudu\u011fu bas\u0131n bildirisi \u015f\u00f6yle:<\/p>\n<p style=\"text-align: justify;\">&#8220;Be\u015f y\u0131ld\u0131r ayn\u0131 yerdeyiz. Bizde biriken an\u0131lard\u0131r, ac\u0131lard\u0131r ve t\u00fckenmez sabr\u0131m\u0131zd\u0131r. Be\u015f de\u011fil, doksan be\u015f y\u0131l ge\u00e7se de bu sabr\u0131 besleyen \u00f6fkemiz, adalet inanc\u0131m\u0131zd\u0131r. Biz adaleti sizlerin kurdu\u011fu binalar\u0131n duvarlar\u0131 aras\u0131nda de\u011fil, vicdanlarda ar\u0131yoruz. Bunu ge\u00e7mi\u015fte \u00f6\u011frenmediyseniz bile, \u015fu son be\u015f y\u0131lda iyice \u00f6\u011frenmi\u015f olman\u0131z laz\u0131m. Art\u0131k bizimle alay etmeyi b\u0131rak\u0131n. Cevap verin. Katiller nerede? Katilleri nereye saklad\u0131n\u0131z? Jandarma karakollar\u0131nda, istihbarat raporlar\u0131nda, medya plazalar\u0131nda, meclis koridorlar\u0131nda, adalet saraylar\u0131nda, kozmik odalarda m\u0131 saklad\u0131n\u0131z onlar\u0131? Hep yapt\u0131\u011f\u0131n\u0131z gibi katilleri koruma refleksiniz nereden geliyor? Yoksa sizi b\u00fcy\u00fck devlet yapan bu mu? B\u00fcy\u00fck ac\u0131yla, s\u0131rlarla ya\u015famak zorunda b\u0131rakt\u0131\u011f\u0131n\u0131z bu \u00fclkenin vatanda\u015flar\u0131 bir g\u00fcn sizden hesap sormaz m\u0131 sand\u0131n\u0131z? Yoksa &#8216;Ya sorarlarsa&#8217; diye mi tela\u015ftas\u0131n\u0131z? Arkada\u015f\u0131m\u0131z Hrant&#8217;\u0131 yarg\u0131lay\u0131p \u00f6l\u00fcm ferman\u0131n\u0131 ast\u0131\u011f\u0131n\u0131z 301 sak\u0131n bu s\u0131rr\u0131 saklamak i\u00e7in icat edilmi\u015f olmas\u0131n? Sizin yasalar\u0131n\u0131z cinayetleri, pisli\u011fi, cesetleri \u00f6rtmek i\u00e7in mi yaz\u0131l\u0131yor? Buna adalet dememizi istemeyin, bu sizin adaletiniz.<\/p>\n<p style=\"text-align: justify;\">Biliyoruz, sizin hukuk dedi\u011finiz \u015fey, \u00f6n\u00fcne \u00e7izilen k\u0131rm\u0131z\u0131 \u00e7izgiden bir g\u0131d\u0131m oynamayacak kadar kad\u00fck, c\u0131l\u0131z ve bi\u00e7are. D\u0131\u015fi\u015fleri Bakan\u0131 Say\u0131n Ahmet Davuto\u011flu, d\u00fcnyan\u0131n neresinde bir Ermeni varsa, bulup g\u00f6nl\u00fcn\u00fc almaktan bahsediyor. Nereden ba\u015flayacaks\u0131n\u0131z say\u0131n bakan? Belki bundan sonraki ilk duru\u015fmaya gelip \u00f6n s\u0131ralarda oturanlardan ba\u015flayabilirsiniz. Geride kalanlar art\u0131k burada de\u011fil.<\/p>\n<p style=\"text-align: justify;\">Y\u00fczbin vicdan sahibinin elleri \u00fcst\u00fcnde ta\u015f\u0131d\u0131\u011f\u0131, arkada\u015f\u0131m\u0131z\u0131n o son uzun yolculu\u011fu bu \u00fclkenin \u00e7\u00fcr\u00fcm\u00fc\u015f adalet duygusunu, k\u00f6hne, karanl\u0131k ve yalanlarda dolu ge\u00e7mi\u015fini g\u00f6mmek i\u00e7indi. \u0130\u015fte bu y\u00fczden o denli dik ve onurluydu. \u0130\u015fte bu y\u00fczden hala kulaklarda yank\u0131lan\u0131yor &#8216;Hepimiz Hrant&#8217;\u0131z, Hepimiz Ermeniyiz&#8217; s\u00f6z\u00fc.<\/p>\n<p style=\"text-align: justify;\">Sizi kendi karanl\u0131\u011f\u0131n\u0131zdan koruyacak o insanlara, bizlere vere vere iki, \u00fc\u00e7 tetik\u00e7iyle birlikte oynad\u0131\u011f\u0131n\u0131z rezilliklerle dolu \u015fu temsili verdiniz. 23 duru\u015fmad\u0131r sabr\u0131m\u0131z\u0131 s\u0131n\u0131yorsunuz. Unutmay\u0131n, inkar etti\u011finiz adaleti yerine getirme sorumlulu\u011funuz, gelece\u011fe bar\u0131\u015f dolu, umut dolu bakabilmemizin \u00f6n\u00fcndeki tek engeldir. \u0130nkar\u0131n\u0131z\u0131n ta\u015f\u0131d\u0131\u011f\u0131 su\u00e7, iklimimizi her gen biraz daha h\u0131rpal\u0131yor, hoyratla\u015ft\u0131r\u0131yor, zehrediyor. Ba\u015flay\u0131n art\u0131k. Bir yerden ba\u015flay\u0131n ve gerisini getirin. Bize katillerimizi vermek bir ad\u0131md\u0131r, oradan ba\u015flayabilirsiniz. \u00dcstelik onlar o kadar yak\u0131n\u0131n\u0131zda ki.&#8221;<\/p>\n<p style=\"text-align: justify;\">A\u00e7\u0131klama sonras\u0131 topluluk duru\u015fma bitene kadar, adliye binas\u0131 \u00f6n\u00fcnde adalet n\u00f6beti tutacaklar\u0131n\u0131 a\u00e7\u0131klad\u0131. Bandista isimli grup bu s\u0131rada m\u00fczik yapt\u0131. Bu arada 19 Ocak&#8217;ta Hrant Dink&#8217;in \u00f6ld\u00fcr\u00fcld\u00fc\u011f\u00fc Agos Gazetesi \u00f6n\u00fcnde, 5&#8217;inci y\u0131ld\u00f6n\u00fcm\u00fc nedeniyle anma yap\u0131laca\u011f\u0131 duyuruldu.<\/p>\n<p style=\"text-align: justify;\"><a href=\"http:\/\/www.cnnturk.com\/2011\/turkiye\/12\/26\/kamu.gorevlileri.cinayete.istirak.etti\/642052.0\/index.html\" target=\"_blank\">Kaynak : CNN T\u00dcRK<\/a><\/p>\n","protected":false},"excerpt":{"rendered":"<p style=\"text-align: justify;\">\n<p style=\"text-align: justify;\">Hrant Dink&#8217;in \u00f6ld\u00fcr\u00fclmesine ili\u015fkin davan\u0131n 23. duru\u015fmas\u0131nda, Dink ailesinin avukatlar\u0131, esas hakk\u0131ndaki g\u00f6r\u00fc\u015flerini okudu. Avukatlar, Trabzon ve \u0130stanbul&#8217;daki emniyet g\u00f6revlileri ile askeri yetkililerin &#8220;ihmalli davran\u0131\u015flarla adam \u00f6ld\u00fcrmeye i\u015ftirak etti\u011fi&#8221; g\u00f6r\u00fc\u015f\u00fcn\u00fc bildirdiler. <\/p>\n","protected":false},"author":1,"featured_media":0,"comment_status":"open","ping_status":"open","sticky":false,"template":"","format":"standard","meta":{"footnotes":""},"categories":[105],"tags":[],"class_list":["post-45333","post","type-post","status-publish","format-standard","hentry","category-gundem","odd"],"_links":{"self":[{"href":"http:\/\/www.korhanyilmaz.com\/index.php?rest_route=\/wp\/v2\/posts\/45333","targetHints":{"allow":["GET"]}}],"collection":[{"href":"http:\/\/www.korhanyilmaz.com\/index.php?rest_route=\/wp\/v2\/posts"}],"about":[{"href":"http:\/\/www.korhanyilmaz.com\/index.php?rest_route=\/wp\/v2\/types\/post"}],"author":[{"embeddable":true,"href":"http:\/\/www.korhanyilmaz.com\/index.php?rest_route=\/wp\/v2\/users\/1"}],"replies":[{"embeddable":true,"href":"http:\/\/www.korhanyilmaz.com\/index.php?rest_route=%2Fwp%2Fv2%2Fcomments&post=45333"}],"version-history":[{"count":0,"href":"http:\/\/www.korhanyilmaz.com\/index.php?rest_route=\/wp\/v2\/posts\/45333\/revisions"}],"wp:attachment":[{"href":"http:\/\/www.korhanyilmaz.com\/index.php?rest_route=%2Fwp%2Fv2%2Fmedia&parent=45333"}],"wp:term":[{"taxonomy":"category","embeddable":true,"href":"http:\/\/www.korhanyilmaz.com\/index.php?rest_route=%2Fwp%2Fv2%2Fcategories&post=45333"},{"taxonomy":"post_tag","embeddable":true,"href":"http:\/\/www.korhanyilmaz.com\/index.php?rest_route=%2Fwp%2Fv2%2Ftags&post=45333"}],"curies":[{"name":"wp","href":"https:\/\/api.w.org\/{rel}","templated":true}]}}