{"id":45328,"date":"2011-12-26T15:35:56","date_gmt":"2011-12-26T13:35:56","guid":{"rendered":"http:\/\/www.korhanyilmaz.com\/?p=45328"},"modified":"2011-12-26T18:58:52","modified_gmt":"2011-12-26T16:58:52","slug":"bdp-pkknin-uzantisi","status":"publish","type":"post","link":"http:\/\/www.korhanyilmaz.com\/?p=45328","title":{"rendered":"&#8216;BDP PKK\u2019n\u0131n uzant\u0131s\u0131&#8217;"},"content":{"rendered":"<p style=\"text-align: justify;\"><a href=\"http:\/\/www.korhanyilmaz.com\/wp-content\/uploads\/2011\/12\/8774.jpg\"  class=\"lightview\"><img loading=\"lazy\" decoding=\"async\" class=\"aligncenter size-full wp-image-45329\" title=\"\" src=\"http:\/\/www.korhanyilmaz.com\/wp-content\/uploads\/2011\/12\/8774.jpg\" alt=\"\" width=\"350\" height=\"210\" \/><\/a><\/p>\n<p style=\"text-align: justify;\">\u0130\u00e7i\u015fleri Bakan\u0131 \u0130dris Naim \u015eahin&#8217;den sert a\u00e7\u0131klamalar.<\/p>\n<p style=\"text-align: justify;\">\u0130\u00c7\u0130\u015eLER\u0130 Bakan\u0131 \u0130dris Naim \u015eahin, PKK, KCK ve BDP\u2019nin i\u00e7 i\u00e7e bir yap\u0131 oldu\u011funu belirterek, &#8220;Masum bir dernek veya masum bir kooperatifle kar\u015f\u0131 kar\u015f\u0131ya de\u011filiz. Masum bir siyasi partiyle m\u00fccadele etmiyoruz. Hukuki yollardan kurulmu\u015f siyasi partiye bir \u015fey yapm\u0131yoruz. Onlar bize sata\u015f\u0131yor. Biz de herhalde susacak de\u011filiz&#8221; dedi. <!--more--><\/p>\n<p style=\"text-align: justify;\">\u0130\u00e7i\u015fleri Bakan\u0131 \u015eahin, Ter\u00f6rle M\u00fccadele Dairesi Ba\u015fkanl\u0131\u011f\u0131\u2019n\u0131n Afyonkarahisar\u2019daki De\u011ferlendirme ve Koordinasyon Toplant\u0131s\u0131\u2019na kat\u0131ld\u0131. Korel Termal Otel\u2019de ba\u015flayan ve 28 Aral\u0131k\u2019a kadar s\u00fcrecek toplant\u0131n\u0131n a\u00e7\u0131l\u0131\u015f\u0131na \u0130\u00e7i\u015fleri Bakan\u0131 \u0130dris Naim \u015eahin, Emniyet Genel M\u00fcd\u00fcr\u00fc Mehmet K\u0131l\u0131\u00e7lar, Ter\u00f6rle M\u00fccadele Dairesi Ba\u015fkan\u0131 Cihangir \u00c7elik, Afyonkarahisar Valisi \u0130rfan Balkanl\u0131o\u011flu, \u0130l Emniyet M\u00fcd\u00fcr\u00fc \u0130smail T\u00fcrkmenli, \u0130l Jandarma Komutan\u0131 Ok\u00e7in Ak\u015fit ile Ter\u00f6rle M\u00fccadele Dairesi il m\u00fcd\u00fcrleri kat\u0131ld\u0131.<\/p>\n<p style=\"text-align: justify;\">Toplant\u0131n\u0131n yap\u0131ld\u0131\u011f\u0131 otele Ankara\u2019dan helikopterle gelen \u0130\u00e7i\u015fleri Bakan\u0131 \u0130dris Naim \u015eahin, konu\u015fmas\u0131nda Bar\u0131\u015f ve Demokrasi Partisi\u2019ni ele\u015ftirdi. \u015eahin, PKK, KCK ve BDP\u2019nin i\u00e7 i\u00e7e bir yap\u0131 oldu\u011funa i\u015faret ederek, &#8220;Masum bir dernek veya masum bir kooperatifle kar\u015f\u0131 kar\u015f\u0131ya de\u011filiz. Masum bir siyasi partiyle m\u00fccadele etmiyoruz. Hukuki yollardan kurulmu\u015f siyasi partiye bir \u015fey yapm\u0131yoruz. Onlar bize sata\u015f\u0131yor. Biz de herhalde susacak de\u011filiz&#8221; diye konu\u015ftu.<\/p>\n<p style=\"text-align: justify;\"><strong>&#8220;BDP, PKK\u2019NIN UZANTISI&#8221;<\/strong><\/p>\n<p style=\"text-align: justify;\">BDP\u2019nin PKK\u2019n\u0131n uzant\u0131s\u0131 oldu\u011funu \u00f6ne s\u00fcren Bakan \u015eahin, \u015funlar\u0131 s\u00f6yledi:<\/p>\n<p style=\"text-align: justify;\">&#8220;Onlar\u0131n ger\u00e7ek y\u00fczlerini ortaya koyaca\u011f\u0131z. Masum olmad\u0131klar\u0131n\u0131, illegal yap\u0131n\u0131n yasal uzant\u0131s\u0131 olduklar\u0131n\u0131 s\u00f6yleyece\u011fiz. Biz s\u00f6ylemiyoruz, y\u00f6neticileri s\u00f6yl\u00fcyorlar. PKK demek, Apo demek, KCK demek, BDP demek, bir i\u00e7i\u00e7eli\u011fin, bir biraradal\u0131\u011f\u0131n s\u0131rr\u0131n\u0131n if\u015fas\u0131ndan ba\u015fka bir \u015fey de\u011fildir. Bunun ifadesi bana ait de\u011fil. Onlar s\u00f6yl\u00fcyorlar. Ana s\u00f6zle\u015fme diye yazd\u0131klar\u0131 bir metin var. Onun bir maddesinde KCK, bir maddesinde siyasi partiler bunun par\u00e7as\u0131. De\u011filse k\u00fcrs\u00fclere \u00e7\u0131k, \u2019Ne alakas\u0131 var, Y\u0131rt\u0131yorum bunu\u2019 de. Yi\u011fitsen, \u00f6zg\u00fcrsen. De\u011filsin. Benim K\u00fcrt karde\u015fimin hepsini k\u00f6le gibi g\u00f6r\u00fcp, siyasi yap\u0131y\u0131 da ayr\u0131lmaz bir par\u00e7a gibi g\u00f6r\u00fcyorlar. \u00d6zg\u00fcrl\u00fckten bahsediyorlar, kendin \u00f6zg\u00fcr de\u011filsin ki. Ondan sonra da bar\u0131\u015f\u0131n dili, \u00f6zg\u00fcrl\u00fck. T\u00fcrkiye B\u00fcy\u00fck Millet Meclisi k\u00fcrs\u00fcs\u00fcnden daha \u00f6zg\u00fcr bir yer mi var? Buna tahamm\u00fcl eden, buna toleransl\u0131 bakan \u00f6zg\u00fcrl\u00fck veren bir yap\u0131ya sahibiz. Fikrin varsa gel s\u00f6yle.&#8221;<\/p>\n<p style=\"text-align: justify;\"><strong>&#8220;TER\u00d6R\u00dcN ARKA BAH\u00c7ES\u0130, \u00dcN\u0130VERS\u0130TEDE K\u00dcRS\u00dcD\u00dcR&#8221;<\/strong><\/p>\n<p style=\"text-align: justify;\">Ter\u00f6r\u00fcn sosyal bir deprem oldu\u011funu, ter\u00f6r \u00f6rg\u00fct\u00fcn\u00fcn kimseye sald\u0131ramazsa kendi i\u00e7indeki militanlar\u0131 \u00f6ld\u00fcrd\u00fc\u011f\u00fcn\u00fc hat\u0131rlatan \u015eahin, ter\u00f6r \u00f6rg\u00fct\u00fcn\u00fcn \u00e7al\u0131\u015fma tarz\u0131n\u0131 anlat\u0131rken &#8220;\u0130nsan insan\u0131n kurdurur&#8221; s\u00f6z\u00fcn\u00fcn Latincesini (homo homini lupus) kullanmaya \u00e7al\u0131\u015ft\u0131. S\u00f6z\u00fcn Latincesini birka\u00e7 kez telaffuz etse de, s\u00f6z\u00fc tam olarak s\u00f6yleyemeyen \u015eahin, daire m\u00fcd\u00fcrlerinin yard\u0131m\u0131yla s\u00f6z\u00fcn\u00fc tamamlayabildi.<\/p>\n<p style=\"text-align: justify;\">\u015eahin, ter\u00f6r\u00fcn &#8220;arka bah\u00e7esi&#8221; olarak tan\u0131mlad\u0131\u011f\u0131 kesimlerle ilgili de baz\u0131 iddialarda bulundu. Da\u011fdaki ter\u00f6rle m\u00fccadelenin kolay oldu\u011funu vurgulayan \u015eahin, \u015f\u00f6yle devam etti:<\/p>\n<p style=\"text-align: justify;\">&#8220;Ter\u00f6r \u00f6rg\u00fct\u00fcn\u00fcn y\u00fcr\u00fctt\u00fc\u011f\u00fc \u00e7al\u0131\u015fma sadece da\u011fda, bay\u0131rda, \u015fehirde, sokakta, arka sokaklarda haince pusu kurarak yapt\u0131\u011f\u0131 sald\u0131r\u0131lardan ibaret de\u011fil. Bir ba\u015fka aya\u011f\u0131 daha var. Psikolojik ter\u00f6r, bilimsel ter\u00f6r var. Ter\u00f6r\u00fc besleyen arka bah\u00e7e var. Ter\u00f6r propagandas\u0131 var. Masum, makul, hakl\u0131 g\u00f6sterme gayreti var. Bir k\u0131sm\u0131 bu yap\u0131y\u0131 g\u00f6rm\u00fcyor, g\u00f6remiyor. Yeterli bilgisi olmayabilir. Birileri de ciddi halde sapt\u0131rma yaparak, kendine g\u00f6re gerek\u00e7eler uydurarak makulle\u015ftirerek, ter\u00f6re destek veriyor. Resim yaparak, tuvale yans\u0131tarak, \u015fiir yazarak, \u015fiire yans\u0131t\u0131yor, g\u00fcnl\u00fck makale yazarak. H\u0131z\u0131n\u0131 alam\u0131yor. Ter\u00f6rle m\u00fccadelede g\u00f6rev alm\u0131\u015f askeri ve polisi, sanat\u0131na \u00e7al\u0131\u015fmas\u0131na konu yaparak demoralize etmeye \u00e7al\u0131\u015f\u0131yorlar. Ter\u00f6rle m\u00fccadele edenle bir \u015fekilde m\u00fccadele ediliyor. Arka bah\u00e7e \u0130stanbul\u2019dur, \u0130zmir\u2019dir, Bursa\u2019d\u0131r, Viyana\u2019d\u0131r, Londra\u2019d\u0131r, Washington\u2019dur, \u00fcniversitede k\u00fcrs\u00fcd\u00fcr, dernektir, sivil toplum kurulu\u015fudur. Oraya da s\u0131zm\u0131\u015flard\u0131r. Bakm\u0131\u015fs\u0131n\u0131z k\u00fclt\u00fcr, e\u011fitim derne\u011fi. Bakars\u0131n\u0131z \u2019think tank\u2019 kurulu\u015fu. Da\u011fdakiyle m\u00fccadele kolay. Ama arka bah\u00e7ede ayr\u0131k otuyla ayr\u0131k otlar\u0131 birbirine kar\u0131\u015f\u0131yor. Bir k\u0131sm\u0131 faydal\u0131, bir k\u0131sm\u0131 zehirli.&#8221;<\/p>\n<p style=\"text-align: justify;\">Ter\u00f6r\u00fcn hedefinde g\u00fcvenlik g\u00fc\u00e7leri ve iktidar partisi mensuplar\u0131n\u0131n oldu\u011funu kaydeden \u015eahin, ter\u00f6r \u00f6rg\u00fct\u00fcn\u00fcn i\u00e7inde yer alanlar\u0131n yar\u0131s\u0131ndan fazlas\u0131n\u0131n istekleri d\u0131\u015f\u0131 ter\u00f6r \u00f6rg\u00fct\u00fcn\u00fcn i\u00e7inde kald\u0131klar\u0131n\u0131 dile getirdi. Bakan \u015eahin, &#8220;Ayr\u0131lmak istedi\u011fi zaman var m\u0131 \u00f6zg\u00fcrl\u00fc\u011f\u00fc? Nedir kar\u015f\u0131l\u0131\u011f\u0131? En az kur\u015funla, en a\u011f\u0131r \u00f6l\u00fcm&#8221; dedi.<\/p>\n<p style=\"text-align: justify;\">Ter\u00f6r\u00fcn, kendini de ter\u00f6rize etti\u011fini anlatan Bakan \u015eahin, \u015funlar\u0131 kaydetti:<\/p>\n<p style=\"text-align: justify;\">&#8220;Kendi i\u00e7inde devam eden bir zul\u00fcm. Oradan ba\u015fl\u0131yor. Ondan sonra bir topluma, k\u00f6ydekine, \u015fehirdekine, yer g\u00f6zetmeden, ki\u015fi g\u00f6zetmeden sald\u0131r\u0131yor. \u00d6ncelikleri var, se\u00e7im de yap\u0131yor. Belirli bir tercihi var. \u00d6ncelikleri, iktidar partisinin mensuplar\u0131. Bu sene \u00f6zellikle 2011\u2019de Ak Parti ile polisi, jandarmay\u0131, askeri bir tutan \u00e7izgiye geldi. 2011 m\u00f6n\u00fcs\u00fcn\u00fc de\u011fi\u015ftirdi. Hi\u00e7 bir \u015fey yapmad\u0131\u011f\u0131 zaman kendi kendini t\u00fcketiyor.&#8221;<\/p>\n<p style=\"text-align: justify;\">\u015eahin baz\u0131 bas\u0131n mensuplar\u0131n\u0131n da polisin ve askerin hatas\u0131n\u0131 bulup abart\u0131l\u0131 bir derecede \u00fcst\u00fcne gitmeye \u00e7al\u0131\u015ft\u0131\u011f\u0131n\u0131 savundu.<\/p>\n<p style=\"text-align: justify;\"><strong>EMN\u0130YET GENEL M\u00dcD\u00dcR\u00dc KILI\u00c7LAR<\/strong><\/p>\n<p style=\"text-align: justify;\">Emniyet Genel M\u00fcd\u00fcr\u00fc Mehmet K\u0131l\u0131\u00e7lar ise ter\u00f6rle m\u00fccadele il m\u00fcd\u00fcrlerine, ter\u00f6rle m\u00fccadelede sa\u011fduyu g\u00f6sterilmesi ve hukuka uygun davran\u0131lmas\u0131n\u0131 \u00f6nererek, &#8220;\u0130nsan haklar\u0131n\u0131n temel prensipleri b\u00fct\u00fcn yurtta\u015flara uygulanmal\u0131d\u0131r&#8221; dedi.<\/p>\n<p style=\"text-align: justify;\">Afyonkarahisar Valisi \u0130rfan Balkanl\u0131o\u011flu da, G\u00fcneydo\u011fu\u2019daki \u00e7e\u015fitli illerde kaymakam ve vali olarak, 9 y\u0131l g\u00f6rev yapt\u0131\u011f\u0131na de\u011finerek, b\u00f6lge halk\u0131n\u0131n da ter\u00f6r \u00f6rg\u00fct\u00fcnden b\u0131kt\u0131\u011f\u0131n\u0131 s\u00f6yledi.<\/p>\n<p style=\"text-align: justify;\">Ter\u00f6rle M\u00fccadele Daire Ba\u015fkan\u0131 Cihangir \u00c7elik ise, &#8220;Biz, bize molotof atanla de\u011fil, o molotofu onlara verenle m\u00fccadele ediyoruz, onlar\u0131n \u00fczerine gidiyoruz&#8221; dedi.<\/p>\n<p style=\"text-align: justify;\">A\u00e7\u0131l\u0131\u015f b\u00f6l\u00fcm\u00fcn\u00fcn sonunda Bakan \u015eahin\u2019e polis \u015fapkas\u0131 hediye edildi.<\/p>\n<p style=\"text-align: justify;\"><a href=\"http:\/\/www.hurriyet.com.tr\/gundem\/19543998.asp\" target=\"_blank\">Kaynak : H\u00fcrriyet.com.tr<\/a><\/p>\n","protected":false},"excerpt":{"rendered":"<p style=\"text-align: justify;\">\n<p style=\"text-align: justify;\">\u0130\u00e7i\u015fleri Bakan\u0131 \u0130dris Naim \u015eahin&#8217;den sert a\u00e7\u0131klamalar.<\/p>\n<p style=\"text-align: justify;\">\u0130\u00c7\u0130\u015eLER\u0130 Bakan\u0131 \u0130dris Naim \u015eahin, PKK, KCK ve BDP\u2019nin i\u00e7 i\u00e7e bir yap\u0131 oldu\u011funu belirterek, &#8220;Masum bir dernek veya masum bir kooperatifle kar\u015f\u0131 kar\u015f\u0131ya de\u011filiz. Masum bir siyasi partiyle m\u00fccadele etmiyoruz. Hukuki yollardan kurulmu\u015f siyasi partiye bir \u015fey yapm\u0131yoruz. Onlar bize <\/p>\n","protected":false},"author":1,"featured_media":0,"comment_status":"open","ping_status":"open","sticky":false,"template":"","format":"standard","meta":{"footnotes":""},"categories":[105],"tags":[],"class_list":["post-45328","post","type-post","status-publish","format-standard","hentry","category-gundem","odd"],"_links":{"self":[{"href":"http:\/\/www.korhanyilmaz.com\/index.php?rest_route=\/wp\/v2\/posts\/45328","targetHints":{"allow":["GET"]}}],"collection":[{"href":"http:\/\/www.korhanyilmaz.com\/index.php?rest_route=\/wp\/v2\/posts"}],"about":[{"href":"http:\/\/www.korhanyilmaz.com\/index.php?rest_route=\/wp\/v2\/types\/post"}],"author":[{"embeddable":true,"href":"http:\/\/www.korhanyilmaz.com\/index.php?rest_route=\/wp\/v2\/users\/1"}],"replies":[{"embeddable":true,"href":"http:\/\/www.korhanyilmaz.com\/index.php?rest_route=%2Fwp%2Fv2%2Fcomments&post=45328"}],"version-history":[{"count":0,"href":"http:\/\/www.korhanyilmaz.com\/index.php?rest_route=\/wp\/v2\/posts\/45328\/revisions"}],"wp:attachment":[{"href":"http:\/\/www.korhanyilmaz.com\/index.php?rest_route=%2Fwp%2Fv2%2Fmedia&parent=45328"}],"wp:term":[{"taxonomy":"category","embeddable":true,"href":"http:\/\/www.korhanyilmaz.com\/index.php?rest_route=%2Fwp%2Fv2%2Fcategories&post=45328"},{"taxonomy":"post_tag","embeddable":true,"href":"http:\/\/www.korhanyilmaz.com\/index.php?rest_route=%2Fwp%2Fv2%2Ftags&post=45328"}],"curies":[{"name":"wp","href":"https:\/\/api.w.org\/{rel}","templated":true}]}}