{"id":45322,"date":"2011-12-26T15:25:23","date_gmt":"2011-12-26T13:25:23","guid":{"rendered":"http:\/\/www.korhanyilmaz.com\/?p=45322"},"modified":"2011-12-26T15:43:42","modified_gmt":"2011-12-26T13:43:42","slug":"icisleri-bakanindan-yeni-teror-tarifleri","status":"publish","type":"post","link":"http:\/\/www.korhanyilmaz.com\/?p=45322","title":{"rendered":"\u0130\u00e7i\u015fleri Bakan\u0131&#8217;ndan yeni ter\u00f6r tarifleri"},"content":{"rendered":"<p style=\"text-align: center;\"><a href=\"http:\/\/www.korhanyilmaz.com\/wp-content\/uploads\/2011\/12\/8773.jpg\"  class=\"lightview\"><img loading=\"lazy\" decoding=\"async\" class=\"aligncenter  wp-image-45323\" src=\"http:\/\/www.korhanyilmaz.com\/wp-content\/uploads\/2011\/12\/8773.jpg\" alt=\"\" width=\"336\" height=\"223\" \/><\/a><\/p>\n<p style=\"text-align: justify;\">\u0130\u00e7i\u015fleri Bakan\u0131 \u0130dris Naim \u015eahin, &#8220;Psikolojik ter\u00f6r var, bilimsel ter\u00f6r var, ter\u00f6r\u00fc besleyen arka bah\u00e7e var. Bir ba\u015fka ifadeyle propaganda var, ter\u00f6r propagandas\u0131 var&#8221; dedi.<\/p>\n<p style=\"text-align: justify;\">Bakan \u015eahin, PKK&#8217;n\u0131n masum g\u00f6stermeye \u00e7al\u0131\u015fan, bunun gayreti i\u00e7inde olan insanlar\u0131n ter\u00f6r ger\u00e7e\u011fini bir kenara b\u0131rakarak ter\u00f6rle m\u00fccadele edenlerle m\u00fccadele etti\u011fini ifade ederek, bir ter\u00f6rle m\u00fccadele bir de m\u00fccadele edenle m\u00fccadele eden bir yap\u0131n\u0131n bulundu\u011funu kaydetti.<!--more--><\/p>\n<p style=\"text-align: justify;\">Ter\u00f6r\u00fc besleyen arka bah\u00e7edeki otlar\u0131n iyi te\u015fhis edilmesi gerekti\u011fini ifade eden \u015eahin, \u015f\u00f6yle konu\u015ftu:<\/p>\n<p style=\"text-align: justify;\">\u201cBunlara kar\u015f\u0131 ba\u015fka bir sistem var. Bizim sistemimiz. Onlarda kural yok. Hukukta kural, d\u00fczen, hak, iyiyi k\u00f6t\u00fcden ay\u0131rt etmek, su\u00e7luyu su\u00e7suzdan ay\u0131rt etmek var. Hatta kand\u0131r\u0131lm\u0131\u015f, korkutulmu\u015f, ka\u00e7\u0131r\u0131lm\u0131\u015f ve ter\u00f6r \u00f6rg\u00fct\u00fcne yerle\u015ftirilmi\u015f olanlara y\u00f6nelik insani bir yakla\u015f\u0131mla m\u00fccadele var. Bir tarafta hukuksuzluk, bir tarafta hukuk \u00e7er\u00e7evesinde yap\u0131lan bir m\u00fccadele var ancak ter\u00f6r \u00f6rg\u00fct\u00fcn\u00fcn y\u00fcr\u00fctt\u00fc\u011f\u00fc \u00e7al\u0131\u015fma sadece da\u011fda, bay\u0131rda, \u015fehirde, sokakta, gece arka sokaklarda haince pusu kurarak yapt\u0131\u011f\u0131 sald\u0131r\u0131lardan ibaret de\u011fil, sadece silahl\u0131 ter\u00f6r de\u011fil. Bunun bir ba\u015fka aya\u011f\u0131 daha var. Psikolojik ter\u00f6r var, bilimsel ter\u00f6r var. Ter\u00f6r\u00fc besleyen arka bah\u00e7e var. Bir ba\u015fka ifadeyle propaganda var, ter\u00f6r propagandas\u0131 var.\u201d<\/p>\n<p style=\"text-align: justify;\">\u015eahin, birilerinin sapt\u0131rarak, kendine g\u00f6re gerek\u00e7eler uydurarak, makulle\u015ftirerek ter\u00f6re destek verdi\u011fini belirterek, s\u00f6zlerini \u015f\u00f6yle s\u00fcrd\u00fcrd\u00fc:<\/p>\n<p style=\"text-align: justify;\">\u201cNeyiyle veriyor, belki resim yaparak tuvale yans\u0131t\u0131yor. \u015eiir yazarak \u015fiirine yans\u0131t\u0131yor, g\u00fcnl\u00fck makale, f\u0131kra yazarak oralarda bir \u015feyler yaz\u0131p \u00e7iziyor. H\u0131z\u0131n\u0131 alam\u0131yor ter\u00f6rle m\u00fccadelede g\u00f6rev alm\u0131\u015f askeri, polisi do\u011frudan \u00e7al\u0131\u015fmas\u0131na, sanat\u0131na konu yaparak demoralize etmeye \u00e7al\u0131\u015f\u0131yor. Ter\u00f6rle m\u00fccadele edenle bir \u015fekilde m\u00fccadele ediliyor, u\u011fra\u015f\u0131l\u0131yor. Ter\u00f6r\u00fcn arkadan dolanarak arka bah\u00e7ede y\u00fcr\u00fctt\u00fc\u011f\u00fc faaliyetler ki arka bah\u00e7e \u0130stanbul&#8217;dur, \u0130zmir&#8217;dir, Bursa&#8217;d\u0131r, Viyana&#8217;d\u0131r, Almanya&#8217;d\u0131r, Londra&#8217;d\u0131r, her neyse, \u00fcniversitede k\u00fcrs\u00fcd\u00fcr, dernektir, sivil toplum kurulu\u015fudur.<\/p>\n<p style=\"text-align: justify;\">\u00c7a\u011f\u0131n gere\u011fi ne kadar sivil toplum kurulu\u015fumuz varsa o kadar demokratik bir \u00fclkeyiz oma oraya da s\u0131zmak laz\u0131m ter\u00f6r a\u00e7\u0131s\u0131ndan, s\u0131z\u0131l\u0131r, s\u0131zars\u0131n\u0131z, s\u0131zm\u0131\u015flard\u0131r. Masum dernektir, bakars\u0131n\u0131z k\u00fclt\u00fcr derne\u011fi, bakars\u0131n\u0131z e\u011fitim derne\u011fi. \u015eimdi da\u011fdaki ile belki k\u0131rsaldakiyle m\u00fccadeleniz kolay bana g\u00f6re ama bu arka bah\u00e7ede ayr\u0131k otu ile tereler birbirine kar\u0131\u015f\u0131yor. Hepsi ye\u015fil renkte g\u00f6r\u00fcn\u00fcyor. Birbirine kar\u0131\u015f\u0131yor, kimisi zehirli, kimisi faydal\u0131. Hangisinin faydal\u0131, hangisinin zehirli oldu\u011funu ancak yeyince anl\u0131yorsunuz.\u201d<\/p>\n<p style=\"text-align: justify;\"><strong>\u201cO psikolojik harekat\u0131n fark\u0131nday\u0131z\u201d<\/strong><\/p>\n<p style=\"text-align: justify;\">Ter\u00f6r \u00f6rg\u00fct\u00fcn\u00fcn arka bah\u00e7esindeki m\u00fccadelenin daha zor oldu\u011funa dikkati \u00e7eken \u015eahin, bunu bir cerrah hassasiyetiyle ay\u0131rt etmek durumunda olduklar\u0131n\u0131 s\u00f6yledi.<\/p>\n<p style=\"text-align: justify;\">Sanata kar\u015f\u0131 olmad\u0131klar\u0131n\u0131 belirten Bakan \u015eahin, s\u00f6zlerini \u015f\u00f6yle s\u00fcrd\u00fcrd\u00fc:<\/p>\n<p style=\"text-align: justify;\">\u201c\u00d6nce o arka taraf\u0131 ay\u0131rt etmekte neticede zorlan\u0131yoruz. O ay\u0131rt etmekteki zorluktan yararlanarak &#8216;ben de maydanozum, ben de iyi otum, ben iyi i\u015f yap\u0131yorum&#8217; diyor. &#8216;Bir \u015fey s\u00f6yl\u00fcyorum, bana kar\u0131\u015fma, ben de bu bah\u00e7edeyim&#8217; diyor. Yani demokrasinin b\u00fct\u00fcn nimetlerinden yararlanarak ter\u00f6r her yere bir \u015fekilde ayr\u0131k otu gibi uzanm\u0131\u015f vaziyette. Ve bir tarafta ter\u00f6r yap\u0131s\u0131 bir tarafta onunla gayrihukuki, illegal yap\u0131. Bir tarafta onunla m\u00fccadele eden sizler, hukuki yap\u0131 hukuk \u00e7er\u00e7evesinde \u00f6yle de olmaya devam edecek, \u015fikayetimiz yok. Bir tarafta da ter\u00f6r\u00fcn silahs\u0131z yap\u0131s\u0131. Silahl\u0131ya destek veren yap\u0131. Yani yard\u0131mc\u0131 kuvvetler. Yerine g\u00f6re sadece \u015fark\u0131 s\u00f6yl\u00fcyor ama \u00fc\u00e7 \u015fark\u0131n\u0131n aras\u0131nda bir tane de seyirciye bir \u015feyler s\u00f6ylerken arada bir g\u00fczel c\u00fcmle sarfediveriyor. Ne al\u0131rsan al, ne anlarsan anla. Sanat icra ediliyor sahnede. Ne yapacaks\u0131n, sanata kar\u015f\u0131 de\u011filiz ama i\u015fte bunlar\u0131 bir cerrah hassasiyetiyle ay\u0131rt etmek durumunday\u0131z, bunlar\u0131 hepimiz bilmek durumunday\u0131z. Ter\u00f6r, ter\u00f6rle m\u00fccadele, bir de m\u00fccadele edenle m\u00fccadele eden bir yap\u0131 var. O psikolojik harekat\u0131n fark\u0131nday\u0131z.\u201d<\/p>\n<p style=\"text-align: justify;\">O kadar h\u0131n\u00e7 var ki devlete kar\u015f\u0131, kendi pa\u00e7avra ara s\u00f6zle\u015fmelerinde, devlet olmayan bir organizasyon. Yani T\u00fcrk devletine d\u00fc\u015fmanlar, bunu anlad\u0131k da kendilerinin kurmak istedikleri organizasyonda bile devleti kullanmayacak kadar devlet d\u00fc\u015fmanl\u0131\u011f\u0131 var. Ne o zaman peki, devlet nedir, ne yapar? Devlet d\u00fczendir, devlet hukuktur, devlet hiyerar\u015fidir, devlet m\u00fclkiyettir, devlet namustur, devlet \u00f6zg\u00fcrl\u00fckt\u00fcr, e\u011fitimdir, sa\u011fl\u0131kt\u0131r, devlet hayat\u0131n ta kendisidir. O halde devlet olmayan organizasyon, kim g\u00fc\u00e7l\u00fc ise o anda, onun devleti. G\u00fcc\u00fc yeten yetene, kim egemense onun devleti. Birbirini yiyen insanlar\u0131n toplulu\u011fu. \u0130nsan insan\u0131n kurdudur. Kim kimi yiyebilirse, kimin a\u011fz\u0131, di\u015fleri kuvvetliyse, devlet o. Ve bunun pe\u015fine tak\u0131lan sempatizanlar. Bir g\u00fcn o ger\u00e7e\u011fi ya\u015fasalar, bir g\u00fcn de\u011fil bir saat, 10 dakika ya\u015fasalar biliyorum ne yapacaklar ama kurtulu\u015fu yok, \u015fakas\u0131 yok \u00e7\u00fcnk\u00fc gidenlerden kurtulanlar\u0131n ifadeleri her \u015feyi ortaya koyuyor. Ben s\u00f6yl\u00fcyordum, \u015fimdi itiraf\u00e7\u0131lar s\u00f6yl\u00fcyor. Domuz etinden Zerd\u00fc\u015ftl\u00fc\u011fe kadar, bilmem hangi ulustan, karde\u015flikten, \u00e7ok \u00f6z\u00fcr dilerim e\u015fcinselli\u011fe kadar, her t\u00fcrl\u00fc namussuzlu\u011fun, ahlaks\u0131zl\u0131\u011f\u0131n, gayriinsani durumun oldu\u011fu bir ortam. Giri\u015fi var, \u00e7\u0131k\u0131\u015f\u0131 yok. Giri\u015fi korku, \u00e7\u0131k\u0131\u015f\u0131 \u00f6l\u00fcm. B\u00f6yle bir yap\u0131.\u201d<\/p>\n<p style=\"text-align: justify;\"><strong>\u201cNe diyorlarsa tersine \u00e7evirmek laz\u0131m\u201d<\/strong><\/p>\n<p style=\"text-align: justify;\">Bunlar\u0131n \u201cara s\u00f6zle\u015fme\u201d diye yazd\u0131klar\u0131 bir metin oldu\u011funu, orada madde numaras\u0131n\u0131n da bulundu\u011funu ifade eden \u015eahin, \u015funlar\u0131 kaydetti:<\/p>\n<p style=\"text-align: justify;\">\u201cBir maddesinde dernekler, bir maddede siyasi partiler bu yap\u0131n\u0131n par\u00e7as\u0131. De\u011filse kalk, a\u00e7\u0131kla ba\u015fta TBMM olmak \u00fczere. &#8216;Bizim i\u00e7in b\u00f6yle yazm\u0131\u015f birisi, nereden \u00e7\u0131kt\u0131 bu, ne alakas\u0131 var&#8217; de. \u00c7\u0131k, &#8216;y\u0131rt\u0131yorum onu&#8217; de yi\u011fitsen, \u00f6zg\u00fcrsen, \u00f6zg\u00fcr de\u011filsin. Ak\u0131llar\u0131na g\u00f6re, benim K\u00fcrt karde\u015flerimin hepsini k\u00f6le gibi g\u00f6r\u00fcp &#8216;zaten onlar otomatik \u00fcye, meclis grubu dahil siyasi yap\u0131 ayr\u0131lmaz bir par\u00e7a&#8217; olarak g\u00f6ren bir yap\u0131. Ondan sonra da \u00f6zg\u00fcrl\u00fckten bahsedeceksin, ne \u00f6zg\u00fcrl\u00fc\u011f\u00fc, kendin \u00f6zg\u00fcr de\u011filsin ki. \u00d6zg\u00fcrsen inkar et, e\u011fer samimiysen. Ondan sonra da bar\u0131\u015f\u0131n dili, bar\u0131\u015f, karde\u015flik, \u00f6zg\u00fcrl\u00fck. Hangi \u00f6zg\u00fcrl\u00fck? TBMM k\u00fcrs\u00fcs\u00fcnden daha \u00f6zg\u00fcr, \u00f6zg\u00fcrl\u00fc\u011f\u00fcn ifade edildi\u011fi bir yer mi var? Dokunulmaz bir yer. O k\u00fcrs\u00fcdesin.<\/p>\n<p style=\"text-align: justify;\">Bu \u00fclkede hi\u00e7bir vatanda\u015f i\u00e7in daha \u00f6teye bir k\u00fcrs\u00fc yok. Daha \u00f6teye bir meclis yok. Buna tahamm\u00fcl eden, buna toleransl\u0131 bakan, buna &#8216;\u00f6zg\u00fcrl\u00fck&#8217; denen bir yap\u0131day\u0131z. Allah&#8217;a \u015f\u00fck\u00fcr de \u00f6yleyiz ve d\u00fcnyaya da bir \u00f6rne\u011fiz. Fikrin varsa gel s\u00f6yle. Kimse bir \u015fey demiyor, demez. Bu \u00fclkede toplumun b\u00fcy\u00fck \u00e7o\u011funlu\u011fu fikrini s\u00f6yledi\u011finde senin pe\u015finden gidiyorsa, senin kurallar\u0131n, senin siyasetin egemen olsun. Bir taraftan ba\u011f\u0131racaks\u0131n &#8216;\u00f6zg\u00fcrl\u00fck, bar\u0131\u015f&#8217; diye bir taraftan bakacaks\u0131n senin pe\u015finden gelen halk yok, onun s\u0131k\u0131nt\u0131s\u0131n\u0131 ya\u015fayacaks\u0131n. Ama &#8216;ben var\u0131m&#8217; diyeceksin, &#8216;ben de olmal\u0131y\u0131m&#8217; diyeceksin. Hem demokraside olacaks\u0131n hem antidemokratik aray\u0131\u015f i\u00e7inde olacaks\u0131n.<\/p>\n<p style=\"text-align: justify;\">Onlar\u0131n zaten arka bah\u00e7elerinin, bu siyasal yap\u0131n\u0131n temsilcilerinin, hatta hepsinin dilini tersten okursak \u00e7ok rahat anlar\u0131z. Ne diyorlarsa tersine \u00e7evirmek laz\u0131m. Ben b\u00f6yle buldum bunlar\u0131n niyetlerinin ne oldu\u011funu, d\u00fcnyalar\u0131n\u0131n ne oldu\u011funu. \u0130yi dedikleri her \u015fey k\u00f6t\u00fcd\u00fcr, k\u00f6t\u00fc diyorlarsa iyidir. &#8216;Bar\u0131\u015f&#8217; diyorlarsa orada sava\u015f vard\u0131r. &#8216;Demokrasi&#8217; diyorlarsa orada zul\u00fcm vard\u0131r. &#8216;\u0130nsan&#8217; diyorlarsa orada insana y\u00f6nelik tuzak vard\u0131r. &#8216;Sevgi&#8217; diyorlarsa kin ve nefret vard\u0131r. Ne diyorlarsa tersidir. Tersten okuyunca onlar\u0131n d\u00fcz\u00fc anla\u015f\u0131l\u0131r.\u201d<\/p>\n<p style=\"text-align: justify;\"><a href=\"http:\/\/www.radikal.com.tr\/Radikal.aspx?aType=RadikalDetayV3&amp;ArticleID=1073629&amp;Date=26.12.2011&amp;CategoryID=78\" target=\"_blank\">Kaynak : Radikal.com.tr<\/a><\/p>\n","protected":false},"excerpt":{"rendered":"<p style=\"text-align: center;\">\n<p style=\"text-align: justify;\">\u0130\u00e7i\u015fleri Bakan\u0131 \u0130dris Naim \u015eahin, &#8220;Psikolojik ter\u00f6r var, bilimsel ter\u00f6r var, ter\u00f6r\u00fc besleyen arka bah\u00e7e var. Bir ba\u015fka ifadeyle propaganda var, ter\u00f6r propagandas\u0131 var&#8221; dedi.<\/p>\n<p style=\"text-align: justify;\">Bakan \u015eahin, PKK&#8217;n\u0131n masum g\u00f6stermeye \u00e7al\u0131\u015fan, bunun gayreti i\u00e7inde olan insanlar\u0131n ter\u00f6r ger\u00e7e\u011fini bir kenara b\u0131rakarak ter\u00f6rle m\u00fccadele edenlerle m\u00fccadele etti\u011fini ifade ederek, <\/p>\n","protected":false},"author":1,"featured_media":0,"comment_status":"open","ping_status":"open","sticky":false,"template":"","format":"standard","meta":{"footnotes":""},"categories":[105],"tags":[],"class_list":["post-45322","post","type-post","status-publish","format-standard","hentry","category-gundem","odd"],"_links":{"self":[{"href":"http:\/\/www.korhanyilmaz.com\/index.php?rest_route=\/wp\/v2\/posts\/45322","targetHints":{"allow":["GET"]}}],"collection":[{"href":"http:\/\/www.korhanyilmaz.com\/index.php?rest_route=\/wp\/v2\/posts"}],"about":[{"href":"http:\/\/www.korhanyilmaz.com\/index.php?rest_route=\/wp\/v2\/types\/post"}],"author":[{"embeddable":true,"href":"http:\/\/www.korhanyilmaz.com\/index.php?rest_route=\/wp\/v2\/users\/1"}],"replies":[{"embeddable":true,"href":"http:\/\/www.korhanyilmaz.com\/index.php?rest_route=%2Fwp%2Fv2%2Fcomments&post=45322"}],"version-history":[{"count":0,"href":"http:\/\/www.korhanyilmaz.com\/index.php?rest_route=\/wp\/v2\/posts\/45322\/revisions"}],"wp:attachment":[{"href":"http:\/\/www.korhanyilmaz.com\/index.php?rest_route=%2Fwp%2Fv2%2Fmedia&parent=45322"}],"wp:term":[{"taxonomy":"category","embeddable":true,"href":"http:\/\/www.korhanyilmaz.com\/index.php?rest_route=%2Fwp%2Fv2%2Fcategories&post=45322"},{"taxonomy":"post_tag","embeddable":true,"href":"http:\/\/www.korhanyilmaz.com\/index.php?rest_route=%2Fwp%2Fv2%2Ftags&post=45322"}],"curies":[{"name":"wp","href":"https:\/\/api.w.org\/{rel}","templated":true}]}}