{"id":45318,"date":"2011-12-26T11:20:40","date_gmt":"2011-12-26T09:20:40","guid":{"rendered":"http:\/\/www.korhanyilmaz.com\/?p=45318"},"modified":"2011-12-26T15:38:12","modified_gmt":"2011-12-26T13:38:12","slug":"tutuklu-gazetecilerden-mahkemede-manset-olacak-sozler","status":"publish","type":"post","link":"http:\/\/www.korhanyilmaz.com\/?p=45318","title":{"rendered":"Tutuklu gazetecilerden mahkemede &#8216;man\u015fet&#8217; olacak s\u00f6zler"},"content":{"rendered":"<p style=\"text-align: center;\"><a href=\"http:\/\/www.korhanyilmaz.com\/wp-content\/uploads\/2011\/12\/8772.jpg\"  class=\"lightview\"><img loading=\"lazy\" decoding=\"async\" class=\"aligncenter  wp-image-45319\" src=\"http:\/\/www.korhanyilmaz.com\/wp-content\/uploads\/2011\/12\/8772.jpg\" alt=\"\" width=\"384\" height=\"254\" \/><\/a><\/p>\n<p style=\"text-align: justify;\">Ergenekon soru\u015fturmas\u0131 kapsam\u0131nda aralar\u0131nda gazeteciler Nedim \u015eener ile Ahmet \u015e\u0131k&#8217;\u0131n da bulundu\u011fu 12&#8217;si tutuklu 14 san\u0131k hakk\u0131nda a\u00e7\u0131lan Odatv davas\u0131n\u0131n ikinci duru\u015fmas\u0131 g\u00f6r\u00fclmeye ba\u015fland\u0131. Duru\u015fmaya san\u0131k gazetecilerin s\u00f6zleri damga vuruyor.<\/p>\n<p style=\"text-align: justify;\">\u00c7a\u011flayan\u2019daki \u0130stanbul Adalet Saray\u0131\u2019nda bulunan \u00f6zel yetkili \u0130stanbul 16. A\u011f\u0131r Ceza Mahkemesi\u2019nde g\u00f6r\u00fclen duru\u015fma di\u011ferlerine oranla daha b\u00fcy\u00fck olan 1\u2019inci A\u011f\u0131r Ceza Mahkemesi salonunda yap\u0131l\u0131yor.\u00a0<!--more--><\/p>\n<p style=\"text-align: justify;\">Davaya bakan \u0130stanbul 16. A\u011f\u0131r Ceza Mahkemesi\u2019nin ba\u015fkan\u0131 Resul \u00c7ak\u0131r&#8217;\u0131n 22 Aral\u0131k Per\u015fembe g\u00fcn\u00fc, Yarg\u0131tay \u00fcyeli\u011fine se\u00e7ilmesinin ard\u0131ndan \u0130stanbul 11\u2019inci A\u011f\u0131r Ceza Mahkemesi\u2019nin \u00fcye yarg\u0131\u00e7lar\u0131ndan Mehmet Ekinci ba\u015fkanl\u0131\u011fa atanm\u0131\u015ft\u0131. Ge\u00e7en y\u0131l \u0130stanbul\u2019daki \u00f6zel yetkili adliyeye tayin edilen Ekinci, \u015fike soru\u015fturmas\u0131 kapsam\u0131nda operasyonlar\u0131n yap\u0131ld\u0131\u011f\u0131 hafta n\u00f6bet\u00e7i yarg\u0131\u00e7t\u0131 ve tutuklamalar\u0131n \u00e7o\u011funu yapm\u0131\u015ft\u0131. Ekinci, soru\u015fturmada kapsam\u0131nda \u015eekip Mosturo\u011flu, \u0130lhan Ek\u015fio\u011flu ve B\u00fclent Uygun gibi \u015f\u00fcphelilerden 22\u2019si hakk\u0131nda tutuklama karar\u0131 vermi\u015fti. \u0130stanbul\u2019dan \u00f6nce Van 3\u2019\u00fcnc\u00fc A\u011f\u0131r Ceza Mahkemesi Ba\u015fkan\u0131 olan Ekinci, ge\u00e7en y\u0131l Be\u015fikta\u015f\u2019taki \u00f6zel yetkili adliyede g\u00f6revlendirilmi\u015fti.<\/p>\n<p style=\"text-align: justify;\"><strong>&#8216;O\u011eLUM B\u00dcY\u00dcY\u00dcNCE E\u015eKIYA OLACAK&#8217;<\/strong><\/p>\n<p style=\"text-align: justify;\">Duru\u015fmaya san\u0131klar\u0131n kimlik tespitleriyle ba\u015fland\u0131. Dava san\u0131klar\u0131ndan Prof. Dr. Yal\u00e7\u0131n K\u00fc\u00e7\u00fck, duru\u015fmada mesle\u011fini soran hakime, &#8220;Dava mankeniyim&#8221; dedi. K\u00fc\u00e7\u00fck&#8217;\u00fcn s\u00f6zleri, salonda g\u00fcl\u00fc\u015fmelere neden oldu. K\u00fc\u00e7\u00fck, sorgusu s\u0131ras\u0131nda \u201cK\u0131br\u0131s Havaalan\u0131&#8217;n\u0131, Magosa&#8217;y\u0131 ben ald\u0131m. Gaziyim. \u00d6nemli davalara beni al\u0131rlar, konu mankeniyim. Ayr\u0131ca emekli profes\u00f6r\u00fcm. S\u0131k s\u0131k hapishaneye girerim. Her askeri idare beni \u00fcniversiteden uzakla\u015ft\u0131r\u0131r da\u2026\u201d dedi.<\/p>\n<p style=\"text-align: justify;\">K\u00fc\u00e7\u00fck&#8217;\u00fcn kimlik beyan\u0131n\u0131n ard\u0131ndan Ahmet \u015e\u0131k, Nedim \u015eener, Bar\u0131\u015f Terko\u011flu ve Soner Yal\u00e7\u0131n da k\u00fcrs\u00fcye geldi. San\u0131klar, kimlik bilgilerine ili\u015fkin sorular\u0131 yan\u0131tlad\u0131. Bu s\u0131rada, duru\u015fma hakimi Soner Yal\u00e7\u0131n&#8217;a &#8220;Geliriniz ne kadar?&#8221; diye sordu. Soner Yal\u00e7\u0131n, &#8220;3 bin ile 13 bin aras\u0131&#8221; dedi. Hakim, &#8220;10 bin mi yazal\u0131m?&#8221; diye kar\u015f\u0131l\u0131k verdi. Soner Yal\u00e7\u0131n da bunun \u00fczerine, &#8220;Kayseri usul\u00fc olsun 5&#8217;te anla\u015fal\u0131m&#8221; dedi. Yal\u00e7\u0131n&#8217;\u0131n bu s\u00f6zleri de salonu g\u00fcld\u00fcrd\u00fc.<\/p>\n<p style=\"text-align: justify;\"><strong>&#8220;30 YILLIK GAZETEC\u0130Y\u0130M, \u0130DD\u0130ANAMEDE TER\u00d6R\u0130ST YAZIYOR&#8221;<\/strong><\/p>\n<p style=\"text-align: justify;\">Yal\u00e7\u0131n&#8217;\u0131n ard\u0131ndan k\u00fcrs\u00fcye gelen Bar\u0131\u015f Pehlivan ve M\u00fcesser U\u011fur&#8217;un da kimlk beyanlar\u0131 dinlendi. U\u011fur&#8217;un &#8220;Mesle\u011finiz nedir?&#8221; sorusuna, &#8220;30 y\u0131ll\u0131k gazetecinin ama iddianamede ter\u00f6rist yaz\u0131yor&#8221; \u015feklinde yan\u0131t vermesi \u00fczerine, Hakim, &#8220;Esta\u011ffurullah&#8221; dedi. Davan\u0131n tutuksuz san\u0131\u011f\u0131 \u0130klim Bayraktar da kimlik beyan\u0131nda, &#8220;T\u00fcrk medyas\u0131na ra\u011fmen hala evliyim. Medya beni komplocu ve \u015fantajc\u0131 yapt\u0131&#8221; diye konu\u015ftu.<\/p>\n<p style=\"text-align: justify;\">Gazeteci Ahmet \u015e\u0131k ise kimlik tespiti s\u0131ras\u0131nda sorulan soruyu, &#8220;Bir \u00e7ocu\u011fum var, b\u00fcy\u00fcy\u00fcnce e\u015fkiya olacak.&#8221; diyerek yan\u0131tlarken tutuklu gazetecilerden M\u00fcyesser Y\u0131ld\u0131z, &#8220;Son bir y\u0131la kadar gazeteciydim. \u015fimdi ter\u00f6ristim&#8221; dedi. Bir s\u00fcre \u00f6nce e\u015fini kaybeden Do\u011fan Yurdakul da kimlik tespiti i\u00e7in sorulan soruyu, &#8220;Tutukland\u0131\u011f\u0131mda evliydim, \u015fimdi dulum&#8221; diyerek yan\u0131tlad\u0131.<\/p>\n<p style=\"text-align: justify;\"><strong>TRT SP\u0130KERLER\u0130 \u0130DD\u0130ANAMEY\u0130 OKUYOR<\/strong><\/p>\n<p style=\"text-align: justify;\">Kimlik tespitlerinin ard\u0131ndan \u00d6zel yetkili \u0130stanbul Cumhuriyet Savc\u0131s\u0131 Cihan Kans\u0131z\u2019\u0131n haz\u0131rlad\u0131\u011f\u0131 134 sayfal\u0131k iddianamenin okunmas\u0131na ge\u00e7ildi. \u0130ddianamede ad\u0131 ge\u00e7en Ka\u015fif Kozino\u011flu&#8217;nun &#8220;tutuklu&#8221; diye okunmas\u0131 \u00fczerine salondan tepki gelince hakim, &#8220;\u00d6ld\u00fc\u011f\u00fc anla\u015f\u0131lm\u0131\u015ft\u0131r&#8221; diye d\u00fczeltti. Mahkemede bulunan gazeteciler, iddianamenin okunmas\u0131n\u0131n 2 saat s\u00fcrece\u011fini ifade ediyor. \u0130ddianameyi okumas\u0131 i\u00e7in iki TRT spikerinin g\u00f6revlendirildi\u011fi de \u00f6\u011frenildi. Hakim, salondaki baz\u0131 izleyicilerin, cep telefonlar\u0131yla iddianameyi kaydetti\u011fi \u015f\u00fcphesiyle bir uyar\u0131 yapt\u0131 ve telefonlar\u0131n kapat\u0131lmas\u0131n\u0131 talep etti. Salondaki gazeteciler, Twitter hesaplar\u0131ndan dakika dakika mahkeme salonunda ya\u015fanan geli\u015fmeleri kamuoyuyla payla\u015f\u0131yor. Ancak salondaki sandalye say\u0131s\u0131 s\u0131n\u0131rl\u0131 oldu\u011fu i\u00e7in baz\u0131 izleyicilerin \u00e7\u0131k\u0131p yerine ba\u015fka izleyicilerin girdi\u011fi de gelen haberler aras\u0131nda.<\/p>\n<p style=\"text-align: justify;\">\u00c7a\u011flayan Adliyesi \u00f6n\u00fcnde de ciddi bir kalabal\u0131k bekliyor. Mahkeme salonunun \u00f6n\u00fcnde gazeteci \u00f6rg\u00fctlerinin yan\u0131 s\u0131ra, TKP, \u00d6DP ve \u00f6\u011frenci kolektiflerinden temsilciler de bulunuyor. Milletvekilleri Binnaz Toprak, Sezgin Tanr\u0131kulu, \u0130lhan Cihaner, Oktay Ek\u015fi, Umut Oran, Musa \u00c7am ve Ertu\u011frul K\u00fcrk\u00e7\u00fc de san\u0131klara destek olmak i\u00e7in \u00c7a\u011flayan Adliyesi&#8217;nde bulunuyor.<\/p>\n<p style=\"text-align: justify;\"><strong>41 YILA KADAR HAP\u0130S \u0130STEM\u0130<\/strong><\/p>\n<p style=\"text-align: justify;\">\u0130ddianamede, Nazl\u0131 Il\u0131cak \u015fikayet\u00e7i olarak yer al\u0131rken, tutuklu \u015f\u00fcpheliler Yal\u00e7\u0131n K\u00fc\u00e7\u00fck, Soner Yal\u00e7\u0131n, Ahmet \u015e\u0131k, Hanefi Avc\u0131, Nedim \u015eener, Bar\u0131\u015f Terko\u011flu, Bar\u0131\u015f Pehlivan, Do\u011fan Yurdakul, M\u00fcesser U\u011fur, Co\u015fkun Musluk, Sait \u00c7ak\u0131r ve cezaevinde ge\u00e7irdi\u011fi rahats\u0131zl\u0131\u011f\u0131n ard\u0131ndan hayat\u0131n\u0131 kaybeden Ka\u015fif Kozino\u011flu ile tutuksuz \u015f\u00fcpheliler Ahmet M\u00fcmtaz \u0130dil ve \u0130klim Ayfer Kaleli san\u0131k olarak bulunuyor. San\u0131klar hakk\u0131nda yedi bu\u00e7uk y\u0131ldan 41 y\u0131la kadar de\u011fi\u015fen hapis cezalar\u0131 isteniyor.<\/p>\n<p style=\"text-align: justify;\"><a href=\"http:\/\/www.radikal.com.tr\/Radikal.aspx?aType=RadikalDetayV3&amp;ArticleID=1073613&amp;Date=26.12.2011&amp;CategoryID=77\" target=\"_blank\">Kaynak : Radikal.com.tr<\/a><\/p>\n","protected":false},"excerpt":{"rendered":"<p style=\"text-align: center;\">\n<p style=\"text-align: justify;\">Ergenekon soru\u015fturmas\u0131 kapsam\u0131nda aralar\u0131nda gazeteciler Nedim \u015eener ile Ahmet \u015e\u0131k&#8217;\u0131n da bulundu\u011fu 12&#8217;si tutuklu 14 san\u0131k hakk\u0131nda a\u00e7\u0131lan Odatv davas\u0131n\u0131n ikinci duru\u015fmas\u0131 g\u00f6r\u00fclmeye ba\u015fland\u0131. Duru\u015fmaya san\u0131k gazetecilerin s\u00f6zleri damga vuruyor.<\/p>\n<p style=\"text-align: justify;\">\u00c7a\u011flayan\u2019daki \u0130stanbul Adalet Saray\u0131\u2019nda bulunan \u00f6zel yetkili \u0130stanbul 16. A\u011f\u0131r Ceza Mahkemesi\u2019nde g\u00f6r\u00fclen duru\u015fma di\u011ferlerine oranla daha b\u00fcy\u00fck <\/p>\n","protected":false},"author":1,"featured_media":0,"comment_status":"open","ping_status":"open","sticky":false,"template":"","format":"standard","meta":{"footnotes":""},"categories":[105],"tags":[],"class_list":["post-45318","post","type-post","status-publish","format-standard","hentry","category-gundem","odd"],"_links":{"self":[{"href":"http:\/\/www.korhanyilmaz.com\/index.php?rest_route=\/wp\/v2\/posts\/45318","targetHints":{"allow":["GET"]}}],"collection":[{"href":"http:\/\/www.korhanyilmaz.com\/index.php?rest_route=\/wp\/v2\/posts"}],"about":[{"href":"http:\/\/www.korhanyilmaz.com\/index.php?rest_route=\/wp\/v2\/types\/post"}],"author":[{"embeddable":true,"href":"http:\/\/www.korhanyilmaz.com\/index.php?rest_route=\/wp\/v2\/users\/1"}],"replies":[{"embeddable":true,"href":"http:\/\/www.korhanyilmaz.com\/index.php?rest_route=%2Fwp%2Fv2%2Fcomments&post=45318"}],"version-history":[{"count":0,"href":"http:\/\/www.korhanyilmaz.com\/index.php?rest_route=\/wp\/v2\/posts\/45318\/revisions"}],"wp:attachment":[{"href":"http:\/\/www.korhanyilmaz.com\/index.php?rest_route=%2Fwp%2Fv2%2Fmedia&parent=45318"}],"wp:term":[{"taxonomy":"category","embeddable":true,"href":"http:\/\/www.korhanyilmaz.com\/index.php?rest_route=%2Fwp%2Fv2%2Fcategories&post=45318"},{"taxonomy":"post_tag","embeddable":true,"href":"http:\/\/www.korhanyilmaz.com\/index.php?rest_route=%2Fwp%2Fv2%2Ftags&post=45318"}],"curies":[{"name":"wp","href":"https:\/\/api.w.org\/{rel}","templated":true}]}}