{"id":45314,"date":"2011-12-26T10:08:32","date_gmt":"2011-12-26T08:08:32","guid":{"rendered":"http:\/\/www.korhanyilmaz.com\/?p=45314"},"modified":"2011-12-26T15:05:11","modified_gmt":"2011-12-26T13:05:11","slug":"fransaya-ambargo-yok","status":"publish","type":"post","link":"http:\/\/www.korhanyilmaz.com\/?p=45314","title":{"rendered":"Fransa&#8217;ya ambargo yok!"},"content":{"rendered":"<p style=\"text-align: center;\"><a href=\"http:\/\/www.korhanyilmaz.com\/wp-content\/uploads\/2011\/12\/8771.jpg\"  class=\"lightview\"><img loading=\"lazy\" decoding=\"async\" class=\"aligncenter  wp-image-45315\" src=\"http:\/\/www.korhanyilmaz.com\/wp-content\/uploads\/2011\/12\/8771.jpg\" alt=\"\" width=\"307\" height=\"236\" \/><\/a><\/p>\n<p style=\"text-align: justify;\">Frans\u0131z mallar\u0131na kar\u015f\u0131 ki\u015fisel ve kurumsal boykotlar ya\u015fan\u0131rken Ekonomi Bakan\u0131 Zafer \u00c7a\u011flayan, Fransa\u2019ya T\u00fcrkiye\u2019nin herhangi bir ambargo ya da ticarette k\u0131s\u0131tlamas\u0131n\u0131n s\u00f6z konusu olmad\u0131\u011f\u0131n\u0131 s\u00f6yledi.<\/p>\n<p style=\"text-align: justify;\">\u00c7a\u011flayan, \u201cT\u00fcrkiye\u2019de de Frans\u0131z yat\u0131r\u0131mlar\u0131 var. \u00dclkemize g\u00fcvenmi\u015f t\u00fcm yat\u0131r\u0131mc\u0131lar\u0131m\u0131z\u0131n ba\u015f\u0131m\u0131z \u00fcst\u00fcnde yeri var, yeni yat\u0131r\u0131mc\u0131 gelirse de ba\u015f\u0131m\u0131z \u00fcst\u00fcnde yeri var. Ancak milletimizin hasssasiyeti konusunda haks\u0131z bir konuda tepkisini dile getiriyoruz. \u00dclkemize yat\u0131r\u0131m yaparak T\u00fcrk ve T\u00fcrkiyelile\u015fmi\u015ftir\u201d diye konu\u015ftu.<!--more--><\/p>\n<p style=\"text-align: justify;\">M\u00dcS\u0130AD\u2019\u0131n d\u00fczenledi\u011fi \u201cSekt\u00f6rel \u0130BF\u201d toplant\u0131lar\u0131na kat\u0131lmak \u00fczere Suudi Arabistan\u2019a giden \u00c7a\u011flayan cari i\u015flemler a\u00e7\u0131\u011f\u0131n\u0131 hedefleyen te\u015fvik mekanizmas\u0131n\u0131n geldi\u011fini ifade ederek, \u201cYat\u0131r\u0131mc\u0131lar\u0131n a\u011fz\u0131n\u0131 suland\u0131racak bir anlay\u0131\u015f i\u00e7indeyiz. 2012 Ocak ay\u0131 sonuna kadar bitirece\u011fiz. T\u00fcrkiye de \u00fcretilmeyen \u00fcr\u00fcnleri burada \u00fcretecek hale gelece\u011fiz\u201d diye konu\u015ftu.<\/p>\n<p style=\"text-align: justify;\"><strong>\u0130ki b\u00fcy\u00fck yat\u0131r\u0131m geliyor\u00a0<\/strong><\/p>\n<p style=\"text-align: justify;\">T\u00fcrkiye\u2019de do\u011frudan yat\u0131r\u0131mlar\u0131 art\u0131racak yeni bir te\u015fvik sistemine ge\u00e7ilece\u011fini belirterek, \u201cAra mallar\u0131n T\u00fcrkiye\u2019de \u00fcretimini te\u015fvik edece\u011fiz. Enerji deste\u011fi verece\u011fiz. Gelecek yat\u0131r\u0131mc\u0131lar\u0131n Hazreti \u00c7ED sorunu yasamalar\u0131n\u0131 istemiyoruz. Bu konuda Avrupa Birli\u011fi (AB) standartlar\u0131n\u0131n \u00fcst\u00fcne \u00e7\u0131kmaya gerek yok. Yak\u0131nda do\u011frudan yat\u0131r\u0131mlar konusunda \u00f6nemli t\u00f6renler olacak. \u0130simlerini ve yat\u0131r\u0131m miktarlar\u0131n\u0131 t\u00f6rende \u00f6\u011freneceksiniz\u201d dedi. Bakan \u00c7a\u011flayan iki b\u00fcy\u00fck do\u011frudan yat\u0131r\u0131m\u0131 \u00f6n\u00fcm\u00fczdeki g\u00fcnlerde a\u00e7\u0131klayacaklar\u0131n\u0131 s\u00f6yledi.<\/p>\n<p style=\"text-align: justify;\"><strong>Krallar gibi kar\u015f\u0131land\u0131k\u00a0<\/strong><\/p>\n<p style=\"text-align: justify;\">T\u00fcrkiye\u2019ye g\u00f6sterilen ilginin y\u00fcksek oldu\u011funu s\u00f6yleyen \u00c7a\u011flayan, Suudi Arabistan\u2019a giri\u015fte T\u00fcrk heyetine Kraliyet protokol\u00fc uyguland\u0131\u011f\u0131n\u0131, bug\u00fcne kadar hi\u00e7bir bakana b\u00f6yle bir protokol uygulanmad\u0131\u011f\u0131n\u0131 belirtti. B\u00fcy\u00fck \u015firketlerin T\u00fcrk i\u015fadamlar\u0131 ile \u00e7al\u0131\u015fmaya ba\u015flad\u0131\u011f\u0131n\u0131 anlatan \u00c7a\u011flayan, \u015funlar\u0131 s\u00f6yledi:<\/p>\n<p style=\"text-align: justify;\">\u201cAvrupa\u2019n\u0131n d\u0131\u015f ticaretimizdeki pay\u0131 azal\u0131yor, y\u00fczde 57\u2019den 47\u2019ye d\u00fc\u015ft\u00fc; ama ihracat\u0131m\u0131z ise y\u00fczde 20 artt\u0131. Eksenimizi d\u00fcnya eksenine g\u00f6re ayarlad\u0131k. Hedefte \u00f6ncelikle \u00fclkeler belirledik, Suudi Arabistan da bunlardan biri. Krizden sonra kolay pazar, zor pazar ayr\u0131m\u0131 kalmad\u0131. Suud ekonomisi dinamik, ihracat\u0131 250, ithalat\u0131 105 milyar dolar olan bir \u00fclke. D\u0131\u015f ticaret a\u00e7\u0131\u011f\u0131nda \u00f6zellikle kimya sekt\u00f6r\u00fcnde a\u00e7\u0131k veriyoruz. 5 tane daha PETK\u0130M yapabilecek a\u00e7\u0131k bu. Bu sekt\u00f6r\u00fc b\u00fcy\u00fck \u00f6l\u00e7ekli destekliyoruz. 500 milyar dolar civar\u0131nda in\u015faat kapasitesi var. \u00dclke \u015fantiyeye d\u00f6n\u00fc\u015f\u00fcyor. 1 trilyon dolarl\u0131k bir pazar. G\u0131dada 18 milyar dolarl\u0131k, yani ki\u015fi ba\u015f\u0131 600 dolar ithalat\u0131 var. Bizim pay\u0131m\u0131z sadece 18 dolar. Helal g\u0131da ile daha fazlas\u0131n\u0131 yapabilecek g\u00fc\u00e7teyiz.\u201d<\/p>\n<p style=\"text-align: justify;\">Devrin art\u0131k T\u00fcrkiye\u2019nin devri oldu\u011funu s\u00f6yleyen Ekonomi Bakan\u0131 Zafer \u00c7a\u011flayan, \u201c10 y\u0131l \u00f6nce, ticaret m\u00fc\u015favirlerimizin elinde sat\u0131l\u0131k \u015firketlerimizin listesi vard\u0131; bug\u00fcn ise 1.6 milyon Avrupal\u0131 kapanacak \u015firketin listeleri var. T\u00fcrkler bu \u015firketleri alarak hem marka kazanabilir hem de geli\u015febilir\u201d dedi. Yat\u0131r\u0131m avc\u0131l\u0131\u011f\u0131 yapt\u0131klar\u0131n\u0131 dile getiren \u00c7a\u011flayan, Avrupa\u2019dan ciddi yat\u0131r\u0131mc\u0131lar beklediklerini ifade etti. Avrupa\u2019daki krizin ister istemez T\u00fcrkiye\u2019ye olumsuz etkileri olaca\u011f\u0131n\u0131 dile getiren \u00c7a\u011flayan, buna kar\u015f\u0131l\u0131k Avrupa\u2019dan uzun vadede yat\u0131r\u0131mlar olaca\u011f\u0131n\u0131 s\u00f6yledi. \u00c7a\u011flayan, \u201cAvrupa\u2019n\u0131n tek \u00e7\u0131k\u0131\u015f noktas\u0131 T\u00fcrkiye\u2019dir\u201d diye konu\u015ftu.<\/p>\n<p style=\"text-align: justify;\"><strong>M\u00fclk sat\u0131\u015f\u0131 tamam\u00a0<\/strong><\/p>\n<p style=\"text-align: justify;\">\u0130slam \u00fclkeleri aras\u0131ndaki ticaretin \u00e7ok d\u00fc\u015f\u00fck oldu\u011funu ifade eden Bakan \u00c7a\u011flayan, \u0130slam \u00fclkeleri aras\u0131nda tercihli ticaret konusunda sona gelindi\u011fini a\u00e7\u0131klad\u0131. B\u00f6ylece \u00fclkeleraras\u0131 ticaretin artaca\u011f\u0131na dikkat \u00e7eken \u00c7a\u011flayan, cari i\u015flemler a\u00e7\u0131\u011f\u0131na kar\u015f\u0131 T\u00fcrkiye\u2019de \u00fcretilmeyen \u00fcr\u00fcnlerin \u00fcretilmesi avantaj\u0131 sa\u011flayaca\u011f\u0131n\u0131 da belirtti. \u00c7a\u011flayan, \u015fu bilgiyi verdi: \u201cGayrimenkul al\u0131m talepleri var. San\u0131r\u0131m yasas\u0131 15-20 g\u00fcne TBMM\u2019den ge\u00e7er. Bu T\u00fcrkiye\u2019ye \u00f6nemli bir para giri\u015fi sa\u011flayacakt\u0131r. Sonu\u00e7ta yabanc\u0131 sat\u0131n alaca\u011f\u0131 m\u00fclk\u00fc giderken cebine koyup g\u00f6t\u00fcrmeyecek\u201d dedi.<\/p>\n<p style=\"text-align: justify;\"><strong>\u0130lk boykot belediye ve emniyetten\u00a0<\/strong><\/p>\n<p style=\"text-align: justify;\">Fransa\u2019ya kar\u015f\u0131 T\u00fcrkiye\u2019de tepki b\u00fcy\u00fcyor. Frans\u0131z \u015firketlerine y\u00f6nelik yapt\u0131r\u0131mlar konusunda ilk ad\u0131m\u0131 Emniyet Genel M\u00fcd\u00fcrl\u00fc\u011f\u00fc att\u0131. Emniyet Genel M\u00fcd\u00fcrl\u00fc\u011f\u00fc, genel m\u00fcd\u00fcr yard\u0131mc\u0131lar\u0131n\u0131n kullan\u0131m\u0131 i\u00e7in Peugeot 508 modeli makam arac\u0131 al\u0131m\u0131yla ilgili haz\u0131rl\u0131\u011f\u0131n\u0131 iptal etti. Ankara B\u00fcy\u00fck\u015fehir Belediyesi ise 100 elektrikli Renault Fluence sipari\u015fini ask\u0131ya ald\u0131. Spor Toto taraf\u0131ndan Fransa\u2019daki futbol ve basketbol tak\u0131mlar\u0131 bahis oyunu \u0130ddaa\u2019dan \u00e7\u0131kar\u0131ld\u0131. T\u00fcrkiye A\u015f\u00e7\u0131lar Federasyonu da Frans\u0131z markal\u0131 \u00fcr\u00fcnleri kullanmama karar\u0131 ald\u0131klar\u0131n\u0131 a\u00e7\u0131klad\u0131. T\u00fcrkiye Tohumcular Birli\u011fi ise, Frans\u0131z men\u015feli tohum firmalar\u0131na boykot \u00e7a\u011fr\u0131s\u0131 yapacak.<\/p>\n<p style=\"text-align: justify;\"><a href=\"http:\/\/www.cnnturk.com\/2011\/turkiye\/12\/26\/fransaya.ambargo.yok\/641980.0\/index.html\" target=\"_blank\">Kaynak : CNN T\u00dcRK<\/a><\/p>\n","protected":false},"excerpt":{"rendered":"<p style=\"text-align: center;\">\n<p style=\"text-align: justify;\">Frans\u0131z mallar\u0131na kar\u015f\u0131 ki\u015fisel ve kurumsal boykotlar ya\u015fan\u0131rken Ekonomi Bakan\u0131 Zafer \u00c7a\u011flayan, Fransa\u2019ya T\u00fcrkiye\u2019nin herhangi bir ambargo ya da ticarette k\u0131s\u0131tlamas\u0131n\u0131n s\u00f6z konusu olmad\u0131\u011f\u0131n\u0131 s\u00f6yledi.<\/p>\n<p style=\"text-align: justify;\">\u00c7a\u011flayan, \u201cT\u00fcrkiye\u2019de de Frans\u0131z yat\u0131r\u0131mlar\u0131 var. \u00dclkemize g\u00fcvenmi\u015f t\u00fcm yat\u0131r\u0131mc\u0131lar\u0131m\u0131z\u0131n ba\u015f\u0131m\u0131z \u00fcst\u00fcnde yeri var, yeni yat\u0131r\u0131mc\u0131 gelirse de ba\u015f\u0131m\u0131z \u00fcst\u00fcnde yeri var. Ancak <\/p>\n","protected":false},"author":1,"featured_media":0,"comment_status":"open","ping_status":"open","sticky":false,"template":"","format":"standard","meta":{"footnotes":""},"categories":[7],"tags":[],"class_list":["post-45314","post","type-post","status-publish","format-standard","hentry","category-ekonomi","odd"],"_links":{"self":[{"href":"http:\/\/www.korhanyilmaz.com\/index.php?rest_route=\/wp\/v2\/posts\/45314","targetHints":{"allow":["GET"]}}],"collection":[{"href":"http:\/\/www.korhanyilmaz.com\/index.php?rest_route=\/wp\/v2\/posts"}],"about":[{"href":"http:\/\/www.korhanyilmaz.com\/index.php?rest_route=\/wp\/v2\/types\/post"}],"author":[{"embeddable":true,"href":"http:\/\/www.korhanyilmaz.com\/index.php?rest_route=\/wp\/v2\/users\/1"}],"replies":[{"embeddable":true,"href":"http:\/\/www.korhanyilmaz.com\/index.php?rest_route=%2Fwp%2Fv2%2Fcomments&post=45314"}],"version-history":[{"count":0,"href":"http:\/\/www.korhanyilmaz.com\/index.php?rest_route=\/wp\/v2\/posts\/45314\/revisions"}],"wp:attachment":[{"href":"http:\/\/www.korhanyilmaz.com\/index.php?rest_route=%2Fwp%2Fv2%2Fmedia&parent=45314"}],"wp:term":[{"taxonomy":"category","embeddable":true,"href":"http:\/\/www.korhanyilmaz.com\/index.php?rest_route=%2Fwp%2Fv2%2Fcategories&post=45314"},{"taxonomy":"post_tag","embeddable":true,"href":"http:\/\/www.korhanyilmaz.com\/index.php?rest_route=%2Fwp%2Fv2%2Ftags&post=45314"}],"curies":[{"name":"wp","href":"https:\/\/api.w.org\/{rel}","templated":true}]}}