{"id":45305,"date":"2011-12-26T08:14:51","date_gmt":"2011-12-26T06:14:51","guid":{"rendered":"http:\/\/www.korhanyilmaz.com\/?p=45305"},"modified":"2011-12-26T13:59:14","modified_gmt":"2011-12-26T11:59:14","slug":"silivride-genelkurmay-yasagi","status":"publish","type":"post","link":"http:\/\/www.korhanyilmaz.com\/?p=45305","title":{"rendered":"Silivri&#8217;de &#8220;Genelkurmay&#8221; yasa\u011f\u0131"},"content":{"rendered":"<p style=\"text-align: center;\"><a href=\"http:\/\/www.korhanyilmaz.com\/wp-content\/uploads\/2011\/12\/8769.jpg\"  class=\"lightview\"><img loading=\"lazy\" decoding=\"async\" class=\"aligncenter  wp-image-45306\" src=\"http:\/\/www.korhanyilmaz.com\/wp-content\/uploads\/2011\/12\/8769.jpg\" alt=\"\" width=\"396\" height=\"180\" \/><\/a><\/p>\n<p style=\"text-align: justify;\">Askerlerin &#8216;silah arkada\u015flar\u0131na moral ziyareti&#8217; olarak de\u011ferlendirdi\u011fi g\u00f6r\u00fc\u015fmelere h\u00fck\u00fcmet taraf\u0131ndan yasak getirildi.<\/p>\n<p style=\"text-align: justify;\">\u0130STANBUL &#8211; Balyoz ve Ergenekon davalar\u0131ndan tutuklanan askerleri, r\u00fctbelilerin ziyaretine yasak geldi. Askerlerin &#8216;silah arkada\u015flar\u0131na moral ziyareti&#8217; olarak de\u011ferlendirdi\u011fi g\u00f6r\u00fc\u015fmeler kamuoyundan tepki al\u0131yordu.\u00a0<!--more--><\/p>\n<p style=\"text-align: justify;\">Muvazzaf generallerden, Ergenekon ve Balyoz davas\u0131 tutuklular\u0131na Silivri Cezaevi&#8217;nde yap\u0131lan ve kamuoyunda &#8220;genelkurmay deste\u011fi&#8221; olarak an\u0131lan ziyaretlere yasak geldi. Genelkurmay Ba\u015fkanl\u0131\u011f\u0131&#8217;n\u0131n da rahats\u0131z oldu\u011fu &#8220;silah arkada\u015f\u0131&#8221; ziyaretleri art\u0131k yap\u0131lamayacak. Balyoz veya Ergenekon davas\u0131 tutuklu san\u0131klar\u0131n\u0131 sadece aileleri, avukatlar\u0131 ve yasa gere\u011fi kendileri talep ettikleri \u00fc\u00e7 yak\u0131n\u0131 ziyaret edebilecek.<\/p>\n<p style=\"text-align: justify;\"><strong>GENELKURMAY ADINA SIKINTISI<\/strong><\/p>\n<p style=\"text-align: justify;\">Silivri Cumhuriyet Ba\u015fsavc\u0131l\u0131\u011f\u0131, Balyoz Darbe Plan\u0131 iddias\u0131yla devam eden davan\u0131n tutuklu san\u0131klar\u0131na y\u00f6nelik yasa kapsam\u0131na girmeyen t\u00fcm ziyaretlere yasak koydu. Balyoz davas\u0131 kapsam\u0131nda yarg\u0131lanan san\u0131klar\u0131n tutuklanmas\u0131n\u0131n ard\u0131ndan Genelkurmay Ba\u015fkanl\u0131\u011f\u0131, d\u00fczenli olarak cezaevi ziyaretlerine ba\u015flam\u0131\u015ft\u0131. Genelkurmay Ba\u015fkan\u0131 olan I\u015f\u0131k Ko\u015faner d\u00f6neminde Genelkurmay karargah\u0131ndan \u00fcst d\u00fczey komutanlar rahatl\u0131kla savc\u0131l\u0131ktan &#8220;Silah arkada\u015flar\u0131m\u0131za moral ziyareti&#8221; diyerek izin al\u0131yordu.<\/p>\n<p style=\"text-align: justify;\">Star Gazetesi&#8217;nin haberine g\u00f6re her \u00c7ar\u015famba g\u00fcn\u00fc d\u00fczenli olarak yap\u0131lan ziyaretlerde cam arkas\u0131ndan telefonla 45 dakika g\u00f6r\u00fc\u015fmeler yap\u0131l\u0131yordu. Yetkililerden al\u0131nan bilgiye g\u00f6re I\u015f\u0131k Ko\u015faner&#8217;in, Balyoz tutuklamalar\u0131na tepki g\u00f6stererek emeklili\u011fini istemesinin ard\u0131ndan ziyaretler bir s\u00fcre daha devam etti. \u015eimdiki Genelkurmay Ba\u015fkan\u0131 Necdet \u00d6zel de Hasdal Cezaevi&#8217;nde yatan \u00fcst d\u00fczey muvazzaf komutanlar\u0131 bayram dolay\u0131s\u0131yla ziyaret etmi\u015fti. 10 Kas\u0131m 2011&#8217;de ise Ko\u015faner emekli olduktan sonra Silivri Cezaevi&#8217;ndeki baz\u0131 emekli komutanlara destek ziyaretinde bulunmu\u015ftu. Ziyaretlerin kamuoyuna yans\u0131mas\u0131yla beraber, Genelkurmay&#8217;\u0131n bu durumdan rahats\u0131z olmaya ba\u015flad\u0131\u011f\u0131 \u00f6ne s\u00fcr\u00fcld\u00fc. Silivri&#8217;ye karargahta g\u00f6revli komutanlar\u0131n bireysel olarak yapt\u0131klar\u0131 ziyaretlerin sanki Genelkurmay ad\u0131naym\u0131\u015f gibi yans\u0131t\u0131lmas\u0131n\u0131n ciddi rahats\u0131zl\u0131k do\u011furdu\u011fu ileri s\u00fcr\u00fcld\u00fc.<\/p>\n<p style=\"text-align: justify;\"><strong>D\u0130\u011eER TUTUKLULAR DA \u0130STED\u0130<\/strong><\/p>\n<p style=\"text-align: justify;\">Genelkurmay&#8217;da g\u00f6revli \u00fcst d\u00fczey muvazzaflar\u0131n ziyaretlerini kamuoyundan takip eden cezaevindeki di\u011fer su\u00e7lardan yatan tutuklular\u0131n da ayn\u0131 uygulamadan yararlanmak istedikleri ortaya \u00e7\u0131kt\u0131. Bu y\u00f6nde cezaevi idaresi ve savc\u0131l\u0131\u011fa talepte bulunan tutuklulara ret cevab\u0131 verildi. Silivri Ba\u015fsavc\u0131l\u0131\u011f\u0131 bu durum kar\u015f\u0131s\u0131nda &#8220;Silah arkada\u015flar\u0131m\u0131za destek&#8221; gerek\u00e7esiyle savc\u0131l\u0131ktan izin alan komutanlar\u0131n art\u0131k ziyarette bulunmalar\u0131n\u0131 yasaklad\u0131. San\u0131klar\u0131 sadece aileleri, avukatlar\u0131 ve yasa gere\u011fi kendileri talep ettikleri \u00fc\u00e7 yak\u0131n\u0131 ziyaret edebilecek.<\/p>\n<p style=\"text-align: justify;\"><strong>\u00c7AR\u015eAMBA Z\u0130YARETLER\u0130 \u0130PTAL<\/strong><\/p>\n<p style=\"text-align: justify;\">Komutanlar, Silivri Cumhuriyet Ba\u015fsavc\u0131l\u0131\u011f\u0131&#8217;ndan izin ald\u0131ktan sonra her \u00c7ar\u015famba \u00f6\u011fleden \u00f6nce TSK&#8217;ya ait sivil ara\u00e7larla ve sivil k\u0131yafetle cezaevine gidiyordu. T\u00fcrkiye&#8217;de ilk kez L tiplerinde uygulanan g\u00f6z tan\u0131ma sistemi ziyarete giden komutanlar i\u00e7in de uygulan\u0131yordu. Komutanlar\u0131n iris tan\u0131ma sistemiyle g\u00f6z taramalar\u0131 yap\u0131l\u0131yor, b\u00f6ylece kimlik bilgileri g\u00f6zlere i\u015flenmi\u015f oluyordu. Komutanlar her ziyarete gittiklerinde g\u00f6zlerini okuyucuya g\u00f6stererek i\u00e7eri giriyordu. G\u00f6r\u00fc\u015fmelerini tamamlad\u0131ktan sonra yine g\u00f6zlerini okuyucuya g\u00f6stererek cezaevinden \u00e7\u0131k\u0131\u015f yap\u0131yorlard\u0131.<\/p>\n<p style=\"text-align: justify;\"><strong>GATA Z\u0130RVES\u0130<\/strong><\/p>\n<p style=\"text-align: justify;\">Hasdal&#8217;dan y\u00fczme havuzlu golf sahal\u0131 Had\u0131mk\u00f6y kamp\u0131na sevkedilen Balyoz tutuklusu muvazzaf subaylar, serbest\u00e7e g\u00f6r\u00fc\u015fme imkan\u0131na kavu\u015fmak i\u00e7in GATA form\u00fcl\u00fcne ba\u015fvuruyor.<\/p>\n<p style=\"text-align: justify;\">GATA&#8217;ya \u00e7e\u015fitli gerek\u00e7elerle sevk zincirini de k\u0131rarak g\u00f6nderilen san\u0131klar\u0131n sabah erken saatlerde hastaneye getirilerek serbest b\u0131rak\u0131ld\u0131klar\u0131 \u00f6ne s\u00fcr\u00fcld\u00fc. san\u0131klar\u0131n ak\u015fama kadar serbest vakit ge\u00e7irdi\u011fi ve ak\u015fama do\u011fru Had\u0131mk\u00f6y&#8217;e d\u00f6nd\u00fckleri belirtildi. San\u0131klar\u0131n sevkten sonra tahlil-muayene g\u00f6r\u00fcnt\u00fcs\u00fc alt\u0131nda orta bah\u00e7ede, i\u00e7i g\u00f6r\u00fcnmeyen kamelyalarda yak\u0131nlar\u0131yla bulu\u015ftuklar\u0131, bir k\u0131sm\u0131n\u0131n ise avukatlar\u0131yla g\u00f6r\u00fc\u015ft\u00fckleri kaydedildi.<\/p>\n<p style=\"text-align: justify;\">San\u0131klar\u0131n \u00f6zellikle Kardioloji, N\u00f6roloji gibi kliniklerde toplant\u0131 yapt\u0131klar\u0131, avukatlar\u0131yla birlikte ifade haz\u0131rlad\u0131klar\u0131 ve strateji belirledikleri iddia ediliyor. GATA&#8217;ya sevk alan san\u0131klar\u0131n Enc\u00fcmen-i Dani\u015f \u00fcyesi olan emekli generallerle de burada g\u00f6r\u00fc\u015ft\u00fckleri ileri s\u00fcr\u00fcld\u00fc. Bu imkanlar nedeniyle GATA&#8217;ya sevklerde b\u00fcy\u00fck art\u0131\u015f ya\u015fand\u0131\u011f\u0131 belirtildi. \u00d6zellikle g\u00fcne\u015fli g\u00fcnlerde ortalama olarak 15-20 san\u0131\u011f\u0131n GATA&#8217;ya gitti\u011fi kaydedildi.<\/p>\n<p style=\"text-align: justify;\"><strong>ASKERLER Z\u0130YARET ED\u0130YORDU<\/strong><\/p>\n<p style=\"text-align: justify;\">D\u00f6nemin Genelkurmay Ba\u015fkanl\u0131\u011f\u0131 \u0130leti\u015fim Daire Ba\u015fkan\u0131 Tu\u011fgeneral Metin G\u00fcrak, Tu\u011famiral Mustafa \u0130pta\u015f, Tu\u011famiral Nurhan Kahyao\u011flu, T\u00fcmgeneral B\u00fclent Da\u011fsal\u0131 ve T\u00fcmamiral Halit \u00d6zko\u00e7, y\u00fcksek r\u00fctbelileri san\u0131klar\u0131n tutuldu\u011fu 5 nolu cezaevini ziyaret etmi\u015fti. Burada emekli orgeneral \u00c7etin Do\u011fan, emekli tu\u011fgeneral S\u00fcha Tanyeri, emekli t\u00fcmamiral \u00d6zer Karabulut ve emekli t\u00fcmgeneral Nuri Ali Karababa gibi isimler kal\u0131yor.<\/p>\n<p style=\"text-align: justify;\">T\u00fcmgeneral \u0130lhan Talu, kurmay albaylar Naci Boran, Metin Salg\u0131r, M\u00fcjdat Atakan ve Hasip Sayg\u0131l\u0131&#8217;n\u0131n da aralar\u0131nda bulundu\u011fu r\u00fctbeliler de 4 nolu cezaevini ziyaret etti\u011fi belirtildi. Burada da \u0130brahim F\u0131rt\u0131na, \u00d6zden \u00d6rnek, \u015e\u00fckr\u00fc Sar\u0131\u0131\u015f\u0131k ve Engin Alan gibi isimler kal\u0131yor. Eski Genelkurmay Ba\u015fkan\u0131 \u0130lker Ba\u015fbu\u011f d\u00f6neminde de &#8220;darbe&#8221; su\u00e7lamas\u0131yla yarg\u0131lanan emekli generallere Genelkurmay ad\u0131na ziyarette bulunulmu\u015ftu. Korgeneral Galip Mendi, \u015eener Eruygur ve Hur\u015fit Tolon&#8217;u ziyaret etmi\u015fti.<\/p>\n<p style=\"text-align: justify;\"><a href=\"http:\/\/www.gazeteport.com.tr\/haber\/70233\/silivride_genelkurmay_yasagi\" target=\"_blank\">Kaynak : GAZETEPORT<\/a><\/p>\n","protected":false},"excerpt":{"rendered":"<p style=\"text-align: center;\">\n<p style=\"text-align: justify;\">Askerlerin &#8216;silah arkada\u015flar\u0131na moral ziyareti&#8217; olarak de\u011ferlendirdi\u011fi g\u00f6r\u00fc\u015fmelere h\u00fck\u00fcmet taraf\u0131ndan yasak getirildi.<\/p>\n<p style=\"text-align: justify;\">\u0130STANBUL &#8211; Balyoz ve Ergenekon davalar\u0131ndan tutuklanan askerleri, r\u00fctbelilerin ziyaretine yasak geldi. Askerlerin &#8216;silah arkada\u015flar\u0131na moral ziyareti&#8217; olarak de\u011ferlendirdi\u011fi g\u00f6r\u00fc\u015fmeler kamuoyundan tepki al\u0131yordu. <\/p>\n","protected":false},"author":1,"featured_media":0,"comment_status":"open","ping_status":"open","sticky":false,"template":"","format":"standard","meta":{"footnotes":""},"categories":[105],"tags":[],"class_list":["post-45305","post","type-post","status-publish","format-standard","hentry","category-gundem","odd"],"_links":{"self":[{"href":"http:\/\/www.korhanyilmaz.com\/index.php?rest_route=\/wp\/v2\/posts\/45305","targetHints":{"allow":["GET"]}}],"collection":[{"href":"http:\/\/www.korhanyilmaz.com\/index.php?rest_route=\/wp\/v2\/posts"}],"about":[{"href":"http:\/\/www.korhanyilmaz.com\/index.php?rest_route=\/wp\/v2\/types\/post"}],"author":[{"embeddable":true,"href":"http:\/\/www.korhanyilmaz.com\/index.php?rest_route=\/wp\/v2\/users\/1"}],"replies":[{"embeddable":true,"href":"http:\/\/www.korhanyilmaz.com\/index.php?rest_route=%2Fwp%2Fv2%2Fcomments&post=45305"}],"version-history":[{"count":0,"href":"http:\/\/www.korhanyilmaz.com\/index.php?rest_route=\/wp\/v2\/posts\/45305\/revisions"}],"wp:attachment":[{"href":"http:\/\/www.korhanyilmaz.com\/index.php?rest_route=%2Fwp%2Fv2%2Fmedia&parent=45305"}],"wp:term":[{"taxonomy":"category","embeddable":true,"href":"http:\/\/www.korhanyilmaz.com\/index.php?rest_route=%2Fwp%2Fv2%2Fcategories&post=45305"},{"taxonomy":"post_tag","embeddable":true,"href":"http:\/\/www.korhanyilmaz.com\/index.php?rest_route=%2Fwp%2Fv2%2Ftags&post=45305"}],"curies":[{"name":"wp","href":"https:\/\/api.w.org\/{rel}","templated":true}]}}