{"id":45289,"date":"2011-12-25T21:22:55","date_gmt":"2011-12-25T19:22:55","guid":{"rendered":"http:\/\/www.korhanyilmaz.com\/?p=45289"},"modified":"2011-12-26T01:31:41","modified_gmt":"2011-12-25T23:31:41","slug":"arinctan-kart-kurt-yaniti","status":"publish","type":"post","link":"http:\/\/www.korhanyilmaz.com\/?p=45289","title":{"rendered":"Ar\u0131n\u00e7&#8217;tan &#8216;kart kurt&#8217; yan\u0131t\u0131"},"content":{"rendered":"<p style=\"text-align: center;\"><a href=\"http:\/\/www.korhanyilmaz.com\/wp-content\/uploads\/2011\/12\/8765.jpg\"  class=\"lightview\"><img loading=\"lazy\" decoding=\"async\" class=\"aligncenter  wp-image-45290\" src=\"http:\/\/www.korhanyilmaz.com\/wp-content\/uploads\/2011\/12\/8765.jpg\" alt=\"\" width=\"396\" height=\"180\" \/><\/a><\/p>\n<p style=\"text-align: justify;\">Ba\u015fbakan Yard\u0131mc\u0131s\u0131 Ar\u0131n\u00e7, Meclis\u2019te yapt\u0131\u011f\u0131 ve BDP\u2019liler taraf\u0131ndan da alk\u0131\u015flanan konu\u015fmas\u0131yla ilgili MHP lideri Bah\u00e7eli\u2019nin yapt\u0131\u011f\u0131 a\u00e7\u0131klamaya yan\u0131t verdi.<\/p>\n<p style=\"text-align: justify;\">BURSA &#8211; Ba\u015fbakan Yard\u0131mc\u0131s\u0131 B\u00fclent Ar\u0131n\u00e7&#8217;\u0131n, &#8220;Ben K\u00fcrd\u00fcm diyenlerin e\u011fitim ve dil hakk\u0131n\u0131 verece\u011fiz&#8221; s\u00f6zlerine, MHP lideri Devlet Bah\u00e7eli&#8217;den tepki gelmi\u015fti. <!--more--><\/p>\n<p style=\"text-align: justify;\">Bu tepkiye cevap veren Ar\u0131n\u00e7, s\u00f6zlerinin arkas\u0131nda durdu:<\/p>\n<p style=\"text-align: justify;\">&#8220;Biz bu \u00fclkede ya\u015fayan ve kendini K\u00fcrt kimli\u011fi ile ifade etmek isteyen her karde\u015fimize her yurtta\u015f\u0131m\u0131za sa\u011fyg\u0131 duyuyoruz. Onun kimligine insan oldu\u011fu i\u00e7in sayg\u0131 g\u00f6steriyoruz ama anla\u015f\u0131l\u0131yor ki, MHP \u2018ben K\u00fcrd\u00fcm\u2019 diyen K\u00fcrt kimli\u011fini ifade etmek isteyenlere \u2018hay\u0131r sen K\u00fcrt olamazs\u0131n, sen eskiden da\u011flarda y\u00fcr\u00fcrken kart kurt ses \u00e7\u0131kard\u0131, senin ismin oradan kald\u0131\u2019 demek istiyor.&#8221;<\/p>\n<p style=\"text-align: justify;\">\u00d6te yandan partisinin Bursa\u2019daki 3. Ola\u011fan \u0130l Gen\u00e7lik Kongresi&#8217;nde gen\u00e7lere seslenen Ar\u0131n\u00e7, yap\u0131lan tezah\u00fcratlar \u00fczerine bir uyar\u0131da bulundu.<\/p>\n<p style=\"text-align: justify;\">Konu\u015fmas\u0131n\u0131n uzun s\u00fcre &#8216;Recep Tayyip Erdo\u011fan&#8217; \u015feklinde tempo tutularak kesilmesi \u00fczerine Ar\u0131n\u00e7, &#8221;Meclis ba\u015fkanl\u0131\u011f\u0131ndan kalma huyum var. B\u00f6yle s\u0131k s\u0131k ve say\u0131s\u0131 belli olmayan \u015fekilde tezah\u00fcrat yapmak do\u011fru de\u011fil. En fazla 3 kez tekrar edeceksiniz ve b\u00f6yle her kelimenin arkas\u0131ndan alk\u0131\u015flamayacaks\u0131n\u0131z. O zaman konu\u015fmam\u0131za gerek kalmaz. Yeri gelince alk\u0131\u015flay\u0131n, be\u011fenmezseniz sessiz kal\u0131n. Be\u011fendiklerinizi takdir edin, ama \u00fc\u00e7 kez tekrar edin&#8221; dedi.<\/p>\n<p style=\"text-align: justify;\"><a href=\"http:\/\/www.gazeteport.com.tr\/haber\/70228\/arinctan_kart_kurt_yaniti\" target=\"_blank\">Kaynak : GAZETEPORT<\/a><\/p>\n","protected":false},"excerpt":{"rendered":"<p style=\"text-align: center;\">\n<p style=\"text-align: justify;\">Ba\u015fbakan Yard\u0131mc\u0131s\u0131 Ar\u0131n\u00e7, Meclis\u2019te yapt\u0131\u011f\u0131 ve BDP\u2019liler taraf\u0131ndan da alk\u0131\u015flanan konu\u015fmas\u0131yla ilgili MHP lideri Bah\u00e7eli\u2019nin yapt\u0131\u011f\u0131 a\u00e7\u0131klamaya yan\u0131t verdi.<\/p>\n<p style=\"text-align: justify;\">BURSA &#8211; Ba\u015fbakan Yard\u0131mc\u0131s\u0131 B\u00fclent Ar\u0131n\u00e7&#8217;\u0131n, &#8220;Ben K\u00fcrd\u00fcm diyenlerin e\u011fitim ve dil hakk\u0131n\u0131 verece\u011fiz&#8221; s\u00f6zlerine, MHP lideri Devlet Bah\u00e7eli&#8217;den tepki gelmi\u015fti. <\/p>\n","protected":false},"author":1,"featured_media":0,"comment_status":"open","ping_status":"open","sticky":false,"template":"","format":"standard","meta":{"footnotes":""},"categories":[105],"tags":[],"class_list":["post-45289","post","type-post","status-publish","format-standard","hentry","category-gundem","odd"],"_links":{"self":[{"href":"http:\/\/www.korhanyilmaz.com\/index.php?rest_route=\/wp\/v2\/posts\/45289","targetHints":{"allow":["GET"]}}],"collection":[{"href":"http:\/\/www.korhanyilmaz.com\/index.php?rest_route=\/wp\/v2\/posts"}],"about":[{"href":"http:\/\/www.korhanyilmaz.com\/index.php?rest_route=\/wp\/v2\/types\/post"}],"author":[{"embeddable":true,"href":"http:\/\/www.korhanyilmaz.com\/index.php?rest_route=\/wp\/v2\/users\/1"}],"replies":[{"embeddable":true,"href":"http:\/\/www.korhanyilmaz.com\/index.php?rest_route=%2Fwp%2Fv2%2Fcomments&post=45289"}],"version-history":[{"count":0,"href":"http:\/\/www.korhanyilmaz.com\/index.php?rest_route=\/wp\/v2\/posts\/45289\/revisions"}],"wp:attachment":[{"href":"http:\/\/www.korhanyilmaz.com\/index.php?rest_route=%2Fwp%2Fv2%2Fmedia&parent=45289"}],"wp:term":[{"taxonomy":"category","embeddable":true,"href":"http:\/\/www.korhanyilmaz.com\/index.php?rest_route=%2Fwp%2Fv2%2Fcategories&post=45289"},{"taxonomy":"post_tag","embeddable":true,"href":"http:\/\/www.korhanyilmaz.com\/index.php?rest_route=%2Fwp%2Fv2%2Ftags&post=45289"}],"curies":[{"name":"wp","href":"https:\/\/api.w.org\/{rel}","templated":true}]}}