{"id":45285,"date":"2011-12-26T00:12:08","date_gmt":"2011-12-25T22:12:08","guid":{"rendered":"http:\/\/www.korhanyilmaz.com\/?p=45285"},"modified":"2011-12-26T01:27:37","modified_gmt":"2011-12-25T23:27:37","slug":"mehmet-haberal-hastaneye-kaldirildi","status":"publish","type":"post","link":"http:\/\/www.korhanyilmaz.com\/?p=45285","title":{"rendered":"Mehmet Haberal hastaneye kald\u0131r\u0131ld\u0131"},"content":{"rendered":"<p style=\"text-align: center;\"><a href=\"http:\/\/www.korhanyilmaz.com\/wp-content\/uploads\/2011\/12\/8764.jpg\"  class=\"lightview\"><img loading=\"lazy\" decoding=\"async\" class=\"aligncenter  wp-image-45286\" src=\"http:\/\/www.korhanyilmaz.com\/wp-content\/uploads\/2011\/12\/8764.jpg\" alt=\"\" width=\"322\" height=\"241\" \/><\/a><\/p>\n<p style=\"text-align: justify;\">Ba\u015fkent \u00dcniversitesi Kurucusu ve CHP Zonguldak milletvekili Mehmet Haberal, belindeki a\u011fr\u0131lar ve kardiyolojik sorunlardan dolay\u0131 Selimpa\u015fa Devlet Hastanesi&#8217;ne kald\u0131r\u0131ld\u0131. M\u00fc\u015fahade alt\u0131nda tutulan Haberal&#8217;\u0131n sa\u011fl\u0131k durumunun iyi oldu\u011fu ve bir ka\u00e7 g\u00fcn hareket etmeden hastanede yataca\u011f\u0131 belirtildi.<!--more--><\/p>\n<p style=\"text-align: justify;\">\u0130stanbul- Ergenekon soru\u015fturmas\u0131 kapsam\u0131nda tutuklu yarg\u0131lanan Ba\u015fkent \u00dcniversitesi Kurucusu ve CHP Zonguldak milletvekili Mehmet Haberal, \u00f6nceki g\u00fcn tutuklu bulundu\u011fu Silivri Cezaevi\u2019nde belindeki a\u011fr\u0131lar\u0131n artmas\u0131 sonucu acil olarak hastaneye kald\u0131r\u0131ld\u0131.<\/p>\n<p style=\"text-align: justify;\">Doktorlar taraf\u0131ndan bel f\u0131t\u0131\u011f\u0131 te\u015fhisi konulan ve bir ka\u00e7 g\u00fcn hastanede hareket etmeden yatmas\u0131na karar verilen Haberal\u2019\u0131n tedavisine ba\u015fland\u0131. Haberal\u2019\u0131n avukat\u0131 Dilek Helvac\u0131 gazetemize yapt\u0131\u011f\u0131 a\u00e7\u0131klamada Haberal\u2019\u0131n \u00f6nceki g\u00fcn cezaevinde bel a\u011fr\u0131lar\u0131n\u0131n artt\u0131\u011f\u0131n\u0131 ve acil olarak hastaneye kald\u0131r\u0131ld\u0131\u011f\u0131n\u0131 belirterek, \u201cMehmet beyin sa\u011fl\u0131k durumuna ili\u015fkin Kardiyolojik ve Endokrinolojik ileri tetkiklerinin yap\u0131lmas\u0131 i\u00e7in karar \u00e7\u0131kt\u0131. Pazartesi g\u00fcn\u00fc hastaneye gidecek olan Mehmet beyin belindeki a\u011fr\u0131lar ak\u015fam \u00fcst\u00fc artarak \u015fiddetini art\u0131rd\u0131\u011f\u0131 i\u00e7in acil olarak hastaneye kald\u0131r\u0131ld\u0131. Doktorlar taraf\u0131ndan hi\u00e7 hareket etmemesi istenen Mehmet Bey \u015fu an i\u00e7in m\u00fc\u015f\u00fchade alt\u0131nda tutuluyor ve d\u00fczenli olarak kan ve nab\u0131z \u00f6l\u00e7\u00fcmleri yap\u0131l\u0131yor. Bir ka\u00e7 g\u00fcn hareket etmeden hastanede yatmaya devam edecek\u201d dedi.<\/p>\n<p style=\"text-align: justify;\"><a href=\"http:\/\/www.cumhuriyet.com.tr\/?hn=303112\" target=\"_blank\">Kaynak : Cumhuriyet Haber Portal\u0131<\/a><\/p>\n","protected":false},"excerpt":{"rendered":"<p style=\"text-align: center;\">\n<p style=\"text-align: justify;\">Ba\u015fkent \u00dcniversitesi Kurucusu ve CHP Zonguldak milletvekili Mehmet Haberal, belindeki a\u011fr\u0131lar ve kardiyolojik sorunlardan dolay\u0131 Selimpa\u015fa Devlet Hastanesi&#8217;ne kald\u0131r\u0131ld\u0131. M\u00fc\u015fahade alt\u0131nda tutulan Haberal&#8217;\u0131n sa\u011fl\u0131k durumunun iyi oldu\u011fu ve bir ka\u00e7 g\u00fcn hareket etmeden hastanede yataca\u011f\u0131 belirtildi.<\/p>\n","protected":false},"author":1,"featured_media":0,"comment_status":"open","ping_status":"open","sticky":false,"template":"","format":"standard","meta":{"footnotes":""},"categories":[105],"tags":[],"class_list":["post-45285","post","type-post","status-publish","format-standard","hentry","category-gundem","odd"],"_links":{"self":[{"href":"http:\/\/www.korhanyilmaz.com\/index.php?rest_route=\/wp\/v2\/posts\/45285","targetHints":{"allow":["GET"]}}],"collection":[{"href":"http:\/\/www.korhanyilmaz.com\/index.php?rest_route=\/wp\/v2\/posts"}],"about":[{"href":"http:\/\/www.korhanyilmaz.com\/index.php?rest_route=\/wp\/v2\/types\/post"}],"author":[{"embeddable":true,"href":"http:\/\/www.korhanyilmaz.com\/index.php?rest_route=\/wp\/v2\/users\/1"}],"replies":[{"embeddable":true,"href":"http:\/\/www.korhanyilmaz.com\/index.php?rest_route=%2Fwp%2Fv2%2Fcomments&post=45285"}],"version-history":[{"count":0,"href":"http:\/\/www.korhanyilmaz.com\/index.php?rest_route=\/wp\/v2\/posts\/45285\/revisions"}],"wp:attachment":[{"href":"http:\/\/www.korhanyilmaz.com\/index.php?rest_route=%2Fwp%2Fv2%2Fmedia&parent=45285"}],"wp:term":[{"taxonomy":"category","embeddable":true,"href":"http:\/\/www.korhanyilmaz.com\/index.php?rest_route=%2Fwp%2Fv2%2Fcategories&post=45285"},{"taxonomy":"post_tag","embeddable":true,"href":"http:\/\/www.korhanyilmaz.com\/index.php?rest_route=%2Fwp%2Fv2%2Ftags&post=45285"}],"curies":[{"name":"wp","href":"https:\/\/api.w.org\/{rel}","templated":true}]}}