{"id":45264,"date":"2011-12-25T16:57:12","date_gmt":"2011-12-25T14:57:12","guid":{"rendered":"http:\/\/www.korhanyilmaz.com\/?p=45264"},"modified":"2011-12-25T20:22:38","modified_gmt":"2011-12-25T18:22:38","slug":"ak-partili-bakir-dedemi-ermeniler-zehirleyerek-oldurdu","status":"publish","type":"post","link":"http:\/\/www.korhanyilmaz.com\/?p=45264","title":{"rendered":"AK parti&#8217;li Bak\u0131r: Dedemi Ermeniler zehirleyerek \u00f6ld\u00fcrd\u00fc"},"content":{"rendered":"<p style=\"text-align: center;\"><a href=\"http:\/\/www.korhanyilmaz.com\/wp-content\/uploads\/2011\/12\/8763.jpg\"  class=\"lightview\"><img loading=\"lazy\" decoding=\"async\" class=\"aligncenter  wp-image-45265\" src=\"http:\/\/www.korhanyilmaz.com\/wp-content\/uploads\/2011\/12\/8763.jpg\" alt=\"\" width=\"346\" height=\"229\" \/><\/a><\/p>\n<p style=\"text-align: justify;\">AK Parti Kayseri Milletvekili Pelin G\u00fcnde\u015f Bak\u0131r, Fransa meclisi&#8217;nden ge\u00e7en soyk\u0131r\u0131m\u0131 inkar yasa tasar\u0131s\u0131na, &#8216;E\u011fer bir soyk\u0131r\u0131m varsa bunun ad\u0131 T\u00fcrk soyk\u0131r\u0131m\u0131d\u0131r. Benim dedem, 1915&#8217;te Ermeniler taraf\u0131ndan zehirlenerek \u00f6ld\u00fcr\u00fclm\u00fc\u015ft\u00fcr.&#8217; S\u00f6zleriyle tepki g\u00f6sterdi.<!--more--><\/p>\n<p style=\"text-align: justify;\">KAYSER\u0130 &#8211; AK Parti Kayseri Milletvekili Pelin G\u00fcnde\u015f Bak\u0131r, soyk\u0131r\u0131m\u0131 inkara hapis cezas\u0131 getiren yasa tasar\u0131s\u0131n\u0131 kabul eden Fransa\u2019ya tepki g\u00f6stererek, &#8220;Zaten sa\u00e7ma sapan oylamaya 40 ki\u015fi kat\u0131ld\u0131. Fransa\u2019n\u0131n bu ucuz hamlesi, Sarkozy\u2019n\u0131n ucuz siyaseti, tarihe kara leke olarak yaz\u0131lacakt\u0131r&#8221; dedi. \u2019Ermeni soyk\u0131r\u0131m\u0131\u2019 diye bir\u015fey olmad\u0131\u011f\u0131n\u0131 s\u00f6yleyen Bak\u0131r, &#8220;E\u011fer bir soyk\u0131r\u0131m varsa bunun ad\u0131 T\u00fcrk soyk\u0131r\u0131m\u0131d\u0131r. Benim dedem, 1915\u2019te Ermeniler taraf\u0131ndan zehirlenerek \u00f6ld\u00fcr\u00fclm\u00fc\u015ft\u00fcr. Babaannem 8 ya\u015f\u0131nda babas\u0131z kalm\u0131\u015ft\u0131r. B\u00fct\u00fcn ailedeki 8 erkek karde\u015fin hepsini \u00f6ld\u00fcrm\u00fc\u015flerdir. Tarihe do\u011fru bakmak gerekir. Tarihi do\u011fru okumak icap eder&#8221; diye konu\u015ftu.<\/p>\n<p style=\"text-align: justify;\">Kayseri\u2019de, merkez Melikgazi AK Parti il\u00e7e kongresine kat\u0131lan AK Parti Milletvekili Pelin G\u00fcnde\u015f Bak\u0131r, yapt\u0131\u011f\u0131 konu\u015fmada, yo\u011fun bir d\u00f6nemden ge\u00e7tiklerini, b\u00fct\u00e7e g\u00f6r\u00fc\u015fmeleri nedeniyle grup karar\u0131yla Ankara d\u0131\u015f\u0131na \u00e7\u0131kamad\u0131klar\u0131n\u0131, bu nedenle bir s\u00fcre Kayseri\u2019den uzak kald\u0131\u011f\u0131n\u0131 anlatt\u0131. Fransa parlamentosunun kabul etti\u011fi s\u00f6zde Ermeni soyk\u0131r\u0131m\u0131 inkar yasas\u0131n\u0131 da de\u011ferlendiren Bak\u0131r, \u015funlar\u0131 s\u00f6yledi:<\/p>\n<p style=\"text-align: justify;\">&#8220;Ge\u00e7ti\u011fimiz g\u00fcnlerde s\u00f6zde Ermeni soyk\u0131r\u0131m\u0131n\u0131 inkara hapis cezas\u0131 getiren yasa tasar\u0131s\u0131 Fransa parlamentosunda kabul edildi. Bu kanunu \u015fiddetle lanetliyoruz ve kabul etmiyoruz. T\u00fcrkiye g\u00fc\u00e7lendik\u00e7e, \u2019meyve veren a\u011fa\u00e7 ta\u015flan\u0131r\u2019 misali, ta\u015f at\u0131l\u0131yor. G\u00fc\u00e7lendik\u00e7e ta\u015f atanlar \u00e7o\u011falacak. Fransa g\u00fc\u00e7 kaybediyor. Bu Fransa\u2019n\u0131n siyasi hamlesidir. Ermeni soyk\u0131r\u0131m\u0131 olmu\u015f olmam\u0131\u015f Fransa\u2019n\u0131n umrunda de\u011fil. Esas konu T\u00fcrkiye\u2019nin AB\u2019ye girmemesidir. \u00c7\u00fcnk\u00fc T\u00fcrkiye gibi g\u00fc\u00e7l\u00fc bir \u00fclke AB\u2019ye girdi\u011fi takdirde \u0130ngiltere, \u0130tayla ve \u0130spanya\u2019yla birle\u015ferek b\u00fcy\u00fck bir g\u00fc\u00e7 oda\u011f\u0131 olu\u015fturacakt\u0131r ve Fransa\u2019n\u0131n hegemonyas\u0131na son verecektir. Fransa da bunu \u00e7ok iyi biliyor. Zaten sa\u00e7ma sapan oylamaya 40 ki\u015fi kat\u0131ld\u0131. Fransa\u2019n\u0131n bu ucuz hamlesi, Sarkozy\u2019n\u0131n ucuz siyaseti, tarihe kara leke olarak yaz\u0131lacakt\u0131r.&#8221;<\/p>\n<p style=\"text-align: justify;\"><strong>DEDEM\u0130 ERMEN\u0130LER ZEH\u0130RLEYEREK \u00d6LD\u00dcRD\u00dc<\/strong><\/p>\n<p style=\"text-align: justify;\">B\u00f6lgede o d\u00f6nem Rus ve Ermeniler taraf\u0131ndan 2.5 milyon T\u00fcrk\u2019\u00fcn katledildi\u011fini s\u00f6yleyen G\u00fcnde\u015f Bak\u0131r konu\u015fmas\u0131n\u0131 \u015f\u00f6yle s\u00fcrd\u00fcrd\u00fc:<\/p>\n<p style=\"text-align: justify;\">&#8220;\u2019Ermeni soyk\u0131r\u0131m\u0131 diye bir \u015fey yok. 1. D\u00fcnya Sava\u015f\u0131\u2019nda b\u00f6lgede 2.5 milyon T\u00fcrk \u00f6lm\u00fc\u015ft\u00fcr. Nas\u0131l \u00f6lm\u00fc\u015ft\u00fcr bu T\u00fcrkler? Ermeniler, Rus ve Frans\u0131z \u00fcniformas\u0131 giyerek T\u00fcrk k\u00f6ylerini basm\u0131\u015f; kad\u0131n, \u00e7oluk \u00e7ocuk demeden yakarak katletmi\u015flerdir. T\u00fcrklere ait toplu mezarlar s\u0131k s\u0131k bulunuyor. Ermeniler taraf\u0131ndan \u00f6ld\u00fcr\u00fclen T\u00fcrk say\u0131s\u0131 2.5 milyondur. 300 bin Ermeni\u2019nin de te\u00e7hir s\u0131ras\u0131nda \u00f6ld\u00fc\u011f\u00fc ifade ediliyor. Kim kimi \u00f6ld\u00fcrm\u00fc\u015ft\u00fcr, soruyorum? E\u011fer bir soyk\u0131r\u0131m varsa bunun ad\u0131 T\u00fcrk soyk\u0131r\u0131m\u0131d\u0131r. Do\u011fu Anadolu\u2019da Rus ve Ermeniler taraf\u0131ndan T\u00fcrk soyk\u0131r\u0131m\u0131 yap\u0131lm\u0131\u015ft\u0131r. Fransa bizle u\u011fra\u015faca\u011f\u0131na kendi tarihine baks\u0131n. 1915\u2019e gitmeye gerek yok. 1990- 93 y\u0131llar\u0131 aras\u0131nda Ermenistan Azerbaycan\u2019\u0131n topraklar\u0131n\u0131 i\u015fgal etmi\u015ftir. 2 milyon M\u00fcsl\u00fcman T\u00fcrk, m\u00fclteci durumuna d\u00fc\u015fm\u00fc\u015f evlerini yurtlar\u0131n\u0131 terk ederek Azerbaycan\u2019\u0131n i\u00e7ine ka\u00e7mak zorunda kalm\u0131\u015ft\u0131r. Benim kendi dedem, 1915\u2019te Ermeniler taraf\u0131ndan zehirlenerek \u00f6ld\u00fcr\u00fclm\u00fc\u015ft\u00fcr. Babaannem 8 ya\u015f\u0131nda babas\u0131z kalm\u0131\u015ft\u0131r. B\u00fct\u00fcn ailedeki 8 erkek karde\u015fin hepsini \u00f6ld\u00fcrm\u00fc\u015flerdir. Tarihe do\u011fru bakmak gerekir. Tarihi do\u011fru okumak icap eder. E\u011fer tarihse biz tarihlerimizi zaten a\u00e7\u0131yoruz. Buyursunlar gelsinler Osmanl\u0131 ar\u015fivlerinde her\u015fey do\u011fru bi\u00e7imde yazmaktad\u0131r.&#8221;<\/p>\n<p style=\"text-align: justify;\">Hayat\u0131n\u0131 kaybeden Ayd\u0131n Menderes\u2019in, hastanedeki son ziyaret\u00e7ilerinden birisinin de kendisi oldu\u011funu s\u00f6yleyen Pelin G\u00fcnde\u015f Bak\u0131r, \u00f6l\u00fcm\u00fcnden 4 g\u00fcn \u00f6nce ger\u00e7ekle\u015ftirdi\u011fi ziyarette, Ayd\u0131n Menderes\u2019in sandalyede g\u00f6zleriyle namaz\u0131n\u0131 k\u0131ld\u0131\u011f\u0131n\u0131 anlatt\u0131.<\/p>\n<p style=\"text-align: justify;\">Ayd\u0131n Menderes\u2019le 60 y\u0131ll\u0131k aile hukuklar\u0131 oldu\u011funu, \u00f6nce \u00f6l\u00fcm\u00fcnden 20 g\u00fcn \u00f6nce ziyaret etti\u011fini, 4 g\u00fcn \u00f6nce de kendisiyle g\u00f6r\u00fc\u015fmek istemesi \u00fczerine ikinci ziyaretini ger\u00e7ekle\u015ftirdi\u011fini anlatan G\u00fcnde\u015f Bak\u0131r, &#8220;Benim gen\u00e7 ya\u015fta profes\u00f6r olmamla ilgili \u00f6vg\u00fc dolu s\u00f6zlerini an\u0131ms\u0131yorum. Ailemle ilgili \u00f6vg\u00fc dolu s\u00f6zleriyle gururlanm\u0131\u015ft\u0131m. \u00dcz\u00fcnt\u00fcm\u00fc tarif edemem, ancak babas\u0131na kavu\u015ftu\u011fu i\u00e7in mutlu oldu\u011funu d\u00fc\u015f\u00fcn\u00fcyorum&#8221; diye de\u011ferlendirdi.<\/p>\n<p style=\"text-align: justify;\"><a href=\"http:\/\/www.radikal.com.tr\/Radikal.aspx?aType=RadikalDetayV3&amp;ArticleID=1073550&amp;Date=25.12.2011&amp;CategoryID=78\" target=\"_blank\">Kaynak : Radikal.com.tr<\/a><\/p>\n","protected":false},"excerpt":{"rendered":"<p style=\"text-align: center;\">\n<p style=\"text-align: justify;\">AK Parti Kayseri Milletvekili Pelin G\u00fcnde\u015f Bak\u0131r, Fransa meclisi&#8217;nden ge\u00e7en soyk\u0131r\u0131m\u0131 inkar yasa tasar\u0131s\u0131na, &#8216;E\u011fer bir soyk\u0131r\u0131m varsa bunun ad\u0131 T\u00fcrk soyk\u0131r\u0131m\u0131d\u0131r. Benim dedem, 1915&#8217;te Ermeniler taraf\u0131ndan zehirlenerek \u00f6ld\u00fcr\u00fclm\u00fc\u015ft\u00fcr.&#8217; S\u00f6zleriyle tepki g\u00f6sterdi.<\/p>\n","protected":false},"author":1,"featured_media":0,"comment_status":"open","ping_status":"open","sticky":false,"template":"","format":"standard","meta":{"footnotes":""},"categories":[105],"tags":[],"class_list":["post-45264","post","type-post","status-publish","format-standard","hentry","category-gundem","odd"],"_links":{"self":[{"href":"http:\/\/www.korhanyilmaz.com\/index.php?rest_route=\/wp\/v2\/posts\/45264","targetHints":{"allow":["GET"]}}],"collection":[{"href":"http:\/\/www.korhanyilmaz.com\/index.php?rest_route=\/wp\/v2\/posts"}],"about":[{"href":"http:\/\/www.korhanyilmaz.com\/index.php?rest_route=\/wp\/v2\/types\/post"}],"author":[{"embeddable":true,"href":"http:\/\/www.korhanyilmaz.com\/index.php?rest_route=\/wp\/v2\/users\/1"}],"replies":[{"embeddable":true,"href":"http:\/\/www.korhanyilmaz.com\/index.php?rest_route=%2Fwp%2Fv2%2Fcomments&post=45264"}],"version-history":[{"count":0,"href":"http:\/\/www.korhanyilmaz.com\/index.php?rest_route=\/wp\/v2\/posts\/45264\/revisions"}],"wp:attachment":[{"href":"http:\/\/www.korhanyilmaz.com\/index.php?rest_route=%2Fwp%2Fv2%2Fmedia&parent=45264"}],"wp:term":[{"taxonomy":"category","embeddable":true,"href":"http:\/\/www.korhanyilmaz.com\/index.php?rest_route=%2Fwp%2Fv2%2Fcategories&post=45264"},{"taxonomy":"post_tag","embeddable":true,"href":"http:\/\/www.korhanyilmaz.com\/index.php?rest_route=%2Fwp%2Fv2%2Ftags&post=45264"}],"curies":[{"name":"wp","href":"https:\/\/api.w.org\/{rel}","templated":true}]}}