{"id":45256,"date":"2011-12-25T12:28:25","date_gmt":"2011-12-25T10:28:25","guid":{"rendered":"http:\/\/www.korhanyilmaz.com\/?p=45256"},"modified":"2011-12-25T20:15:49","modified_gmt":"2011-12-25T18:15:49","slug":"karsta-yine-heykel-krizi","status":"publish","type":"post","link":"http:\/\/www.korhanyilmaz.com\/?p=45256","title":{"rendered":"Kars&#8217;ta yine heykel krizi"},"content":{"rendered":"<p style=\"text-align: center;\"><a href=\"http:\/\/www.korhanyilmaz.com\/wp-content\/uploads\/2011\/12\/8762.jpg\"  class=\"lightview\"><img loading=\"lazy\" decoding=\"async\" class=\"aligncenter  wp-image-45261\" src=\"http:\/\/www.korhanyilmaz.com\/wp-content\/uploads\/2011\/12\/8762.jpg\" alt=\"\" width=\"384\" height=\"255\" \/><\/a><\/p>\n<p style=\"text-align: justify;\">Kars&#8217;ta Gazi Ahmet Muhtar Pa\u015fa Kona\u011f\u0131 bah\u00e7esindeki &#8216;D\u00f6rt Mevsim Heykeli&#8217;nin &#8216;yaz&#8217;\u0131 temsil eden k\u0131sm\u0131 y\u0131k\u0131ld\u0131.<\/p>\n<p style=\"text-align: justify;\">Kars\u2019ta Ba\u015fbakan Recep Tayyip Erdo\u011fan\u2019\u0131n \u2019ucube\u2019 dedi\u011fi \u2019\u0130nsanl\u0131k An\u0131t\u0131\u2019n\u0131n y\u0131kt\u0131r\u0131lmas\u0131ndan sonda bu kez de \u0130l K\u00fclt\u00fcr ve Turizm M\u00fcd\u00fcrl\u00fc\u011f\u00fc\u2019ne ait G\u00fczel Sanatlar Galerisi olarak kullan\u0131lan tarihi Gazi Ahmet Muhtar Pa\u015fa Kona\u011f\u0131 bah\u00e7esindeki \u2019D\u00f6rt Mevsim Heykeli\u2019 krizi \u00e7\u0131kt\u0131.\u00a0<!--more--><\/p>\n<p style=\"text-align: justify;\">Kona\u011f\u0131n bah\u00e7esinde bulunan s\u00fcs havuzunun d\u00f6rt kenar\u0131na konulan ve her biri bir mevsimi canland\u0131ran kad\u0131n heykellerinden, yaz mevsimini temsil eden heykel, 22 Aral\u0131k gecesi hen\u00fcz bilinmeyen bir nedenle y\u0131k\u0131ld\u0131.<\/p>\n<p style=\"text-align: justify;\">K\u00fclt\u00fcr ve Turizm \u0130l M\u00fcd\u00fcr\u00fc Hakan Do\u011fanay, kendilerinin G\u00fczel Sanatlar Galerisi olarak kulland\u0131klar\u0131 kona\u011f\u0131n bah\u00e7esinin Kars Belediyesi\u2019ne ait oldu\u011funu belirterek, \u2019D\u00f6rt Mevsim Heykeli\u2019nden de Kars Belediyesi\u2019nin sorumlu oldu\u011funu s\u00f6yledi.<\/p>\n<p style=\"text-align: justify;\"><strong>&#8220;HEYKELLERE SOYKIRIM YAPIYORLAR&#8221;<\/strong><\/p>\n<p style=\"text-align: justify;\">Eski Kars Belediye Ba\u015fkan\u0131 Naif Alibeyo\u011flu, g\u00f6revde oldu\u011fu 2003 y\u0131l\u0131nda Bel\u00e7ika\u2019dan getirip s\u00fcs havuzunun d\u00f6rt bir taraf\u0131na koydurdu\u011fu heykellerden birinin y\u0131k\u0131ld\u0131\u011f\u0131n\u0131 \u00f6\u011frenince \u00e7ok \u00fcz\u00fcld\u00fc\u011f\u00fcn\u00fc s\u00f6yledi.<\/p>\n<p style=\"text-align: justify;\">Kendi d\u00f6neminde yap\u0131lan \u0130nsanl\u0131k An\u0131t\u0131\u2019n\u0131n y\u0131k\u0131ld\u0131\u011f\u0131n\u0131, Haydar Aliyev Park\u0131\u2019ndaki \u00e7ok say\u0131da kad\u0131n ve kaz heykelin depolara kald\u0131r\u0131ld\u0131\u011f\u0131n\u0131 s\u00f6yleyen Alibeyo\u011flu, &#8220;Heykellere soyk\u0131r\u0131m yap\u0131yorlar&#8221; dedi.<\/p>\n<p style=\"text-align: justify;\">Ba\u015fkanl\u0131\u011f\u0131 d\u00f6neminde 2003 y\u0131l\u0131nda onlar\u0131 Bel\u00e7ika\u2019dan getirdi\u011fi heykellerin her birinin en az 100 y\u0131ll\u0131k oldu\u011funu kaydeden Alibeyo\u011flu, &#8220;Onlar d\u00f6rt mevsimi sembolize ediyordu. Yaz\u0131 sembol edeni y\u0131kt\u0131lar. Bu insanl\u0131k d\u0131\u015f\u0131. \u00c7\u0131plak olsalar derdik ondan y\u0131kt\u0131lar. \u00d6yle bir \u015fey de yok&#8221; diye konu\u015ftu.<\/p>\n<p style=\"text-align: justify;\">T\u00fcrklerin, Ermeni soyk\u0131r\u0131m\u0131 yapmad\u0131\u011f\u0131n\u0131, ancak Kars\u2019ta kendi insan\u0131m\u0131z\u0131n heykellere soyk\u0131r\u0131m yapt\u0131\u011f\u0131n\u0131 s\u00f6yleyen Naif Alibeyo\u011flu, &#8220;E\u011fer \u0130nsanl\u0131k An\u0131t\u0131 y\u0131k\u0131lmasayd\u0131, tam \u015fu d\u00f6nemde d\u00fcnyaya mesaj verecektik. Bak\u0131n biz soyk\u0131r\u0131m yapmad\u0131k, sava\u015ftan yana de\u011filiz, insanl\u0131ktan yanay\u0131z&#8221; dedi.<\/p>\n<p style=\"text-align: justify;\"><strong>OZANIN HEYKEL\u0130NE SALDIRI<\/strong><\/p>\n<p style=\"text-align: justify;\">Bu arada Naif Alibeyo\u011flu taraf\u0131ndan kentin \u0130n\u00f6n\u00fc Caddesi \u00fczerine yapt\u0131r\u0131lan halk ozanlar\u0131n\u0131n heykelleri de sald\u0131r\u0131ya u\u011frad\u0131. Kimli\u011fi belirsiz ki\u015filerin 23 Aral\u0131k gecesi yapt\u0131klar\u0131 sald\u0131r\u0131da, halk ozan\u0131 \u015eeref Ta\u015fl\u0131ova\u2019n\u0131n saz\u0131n\u0131n sap\u0131 k\u0131rd\u0131.<\/p>\n<p style=\"text-align: justify;\"><a href=\"http:\/\/www.radikal.com.tr\/Radikal.aspx?aType=RadikalDetayV3&amp;ArticleID=1073540&amp;Date=25.12.2011&amp;CategoryID=77\" target=\"_blank\">Kaynak : Radikal.com.tr<\/a><\/p>\n","protected":false},"excerpt":{"rendered":"<p style=\"text-align: center;\">\n<p style=\"text-align: justify;\">Kars&#8217;ta Gazi Ahmet Muhtar Pa\u015fa Kona\u011f\u0131 bah\u00e7esindeki &#8216;D\u00f6rt Mevsim Heykeli&#8217;nin &#8216;yaz&#8217;\u0131 temsil eden k\u0131sm\u0131 y\u0131k\u0131ld\u0131.<\/p>\n<p style=\"text-align: justify;\">Kars\u2019ta Ba\u015fbakan Recep Tayyip Erdo\u011fan\u2019\u0131n \u2019ucube\u2019 dedi\u011fi \u2019\u0130nsanl\u0131k An\u0131t\u0131\u2019n\u0131n y\u0131kt\u0131r\u0131lmas\u0131ndan sonda bu kez de \u0130l K\u00fclt\u00fcr ve Turizm M\u00fcd\u00fcrl\u00fc\u011f\u00fc\u2019ne ait G\u00fczel Sanatlar Galerisi olarak kullan\u0131lan tarihi Gazi Ahmet Muhtar Pa\u015fa Kona\u011f\u0131 bah\u00e7esindeki \u2019D\u00f6rt <\/p>\n","protected":false},"author":1,"featured_media":0,"comment_status":"open","ping_status":"open","sticky":false,"template":"","format":"standard","meta":{"footnotes":""},"categories":[105],"tags":[588,587,12,586],"class_list":["post-45256","post","type-post","status-publish","format-standard","hentry","category-gundem","tag-haydar-aliyev-parki","tag-naif-alibeyoglu","tag-recep-tayyip-erdogan","tag-ucube","odd"],"_links":{"self":[{"href":"http:\/\/www.korhanyilmaz.com\/index.php?rest_route=\/wp\/v2\/posts\/45256","targetHints":{"allow":["GET"]}}],"collection":[{"href":"http:\/\/www.korhanyilmaz.com\/index.php?rest_route=\/wp\/v2\/posts"}],"about":[{"href":"http:\/\/www.korhanyilmaz.com\/index.php?rest_route=\/wp\/v2\/types\/post"}],"author":[{"embeddable":true,"href":"http:\/\/www.korhanyilmaz.com\/index.php?rest_route=\/wp\/v2\/users\/1"}],"replies":[{"embeddable":true,"href":"http:\/\/www.korhanyilmaz.com\/index.php?rest_route=%2Fwp%2Fv2%2Fcomments&post=45256"}],"version-history":[{"count":0,"href":"http:\/\/www.korhanyilmaz.com\/index.php?rest_route=\/wp\/v2\/posts\/45256\/revisions"}],"wp:attachment":[{"href":"http:\/\/www.korhanyilmaz.com\/index.php?rest_route=%2Fwp%2Fv2%2Fmedia&parent=45256"}],"wp:term":[{"taxonomy":"category","embeddable":true,"href":"http:\/\/www.korhanyilmaz.com\/index.php?rest_route=%2Fwp%2Fv2%2Fcategories&post=45256"},{"taxonomy":"post_tag","embeddable":true,"href":"http:\/\/www.korhanyilmaz.com\/index.php?rest_route=%2Fwp%2Fv2%2Ftags&post=45256"}],"curies":[{"name":"wp","href":"https:\/\/api.w.org\/{rel}","templated":true}]}}