{"id":45250,"date":"2011-12-25T16:54:10","date_gmt":"2011-12-25T14:54:10","guid":{"rendered":"http:\/\/www.korhanyilmaz.com\/?p=45250"},"modified":"2011-12-25T19:58:37","modified_gmt":"2011-12-25T17:58:37","slug":"chpli-vekillerden-garip-savunma","status":"publish","type":"post","link":"http:\/\/www.korhanyilmaz.com\/?p=45250","title":{"rendered":"CHP&#8217;li vekillerden garip savunma"},"content":{"rendered":"<p style=\"text-align: center;\"><a href=\"http:\/\/www.korhanyilmaz.com\/wp-content\/uploads\/2011\/12\/8760.jpg\"  class=\"lightview\"><img loading=\"lazy\" decoding=\"async\" class=\"aligncenter  wp-image-45251\" src=\"http:\/\/www.korhanyilmaz.com\/wp-content\/uploads\/2011\/12\/8760.jpg\" alt=\"\" width=\"311\" height=\"239\" \/><\/a><\/p>\n<p style=\"text-align: justify;\">Milletvekiline zam d\u00fczenlemesi CHP&#8217;yi kar\u0131\u015ft\u0131rd\u0131. D\u00fczenlemede imzas\u0131 bulunan iki vekil disipline sevk edildi. CHP lideri K\u0131l\u0131\u00e7daro\u011flu, tart\u0131\u015fmalara girmedi. O iki vekil ise konu\u015ftu. Tanju \u00d6zcan, &#8220;kendi insiiyatifimle imza atmad\u0131m&#8221; dedi, grup y\u00f6netimini i\u015faret etti. Ahmet Topta\u015f ise zamm\u0131 savundu: &#8220;Milletvekili karn\u0131n\u0131 doyurmazsa i\u015f takip\u00e7ili\u011fi yapar.&#8221;<!--more--><\/p>\n<p style=\"text-align: justify;\">CHP Genel Ba\u015fkan\u0131 Kemal K\u0131l\u0131\u00e7daro\u011flu, vekillere maa\u015f zamm\u0131 d\u00fczenlemesi nedeniyle partisinde ya\u015fanan tart\u0131\u015fmalara hi\u00e7 girmedi. Sadece d\u00fczenlemeyi onaylamad\u0131\u011f\u0131n\u0131 s\u00f6yledi.<\/p>\n<p style=\"text-align: justify;\">En sert a\u00e7\u0131klama G\u00fcrsel Tekin&#8217;den geldi, Tanju \u00d6zcan ile Ahmet Topta\u015f&#8217;a. Yani milletvekili maa\u015f art\u0131\u015f\u0131 d\u00fczenlemesine imza atan iki isme.<\/p>\n<p style=\"text-align: justify;\">Sadece G\u00fcrsel Tekin de\u011fil, o gece Genel Kurul&#8217;da bulunan Emine \u00dclker Tarhan da tepki g\u00f6sterdi iki vekile. Oo gece art\u0131\u015fla ilgili ilk \u00f6nergeyi onaylad\u0131klar\u0131n\u0131 s\u00f6yleyen Tarhan, yapt\u0131\u011f\u0131 yaz\u0131l\u0131 a\u00e7\u0131klamayla o iki vekilin bireysel olarak imza att\u0131\u011f\u0131n\u0131 s\u00f6yledi. Ve Genel Kurul&#8217;da oylamaya girmediklerini ac\u0131klad\u0131.<\/p>\n<p style=\"text-align: justify;\">Zaten CHP Grup Ba\u015fkanl\u0131\u011f\u0131 da d\u00fczenlemede imzas\u0131 bulunan Tanju \u00d6zcan&#8217;la Ahmet Topta\u015f&#8217;\u0131 disipline sevk etti.<\/p>\n<p style=\"text-align: justify;\">Disiplin karar\u0131n\u0131 duyururken de vekil emekli ayl\u0131klar\u0131na fahi\u015f art\u0131\u015f d\u00fczenlemesine grubun kar\u015f\u0131 c\u0131kt\u0131\u011f\u0131n\u0131 ve bu nedenle o madde i\u00e7in plan b\u00fct\u00e7e komisyonuna \u00fcye verilmedi\u011fini de duyurdu.<\/p>\n<p style=\"text-align: justify;\"><strong>Ve g\u00f6zler o iki vekile \u00e7evrildi.\u00a0<\/strong><\/p>\n<p style=\"text-align: justify;\">CNN T\u00dcRK&#8217;e konu\u015fan Ahmet Topta\u015f parti y\u00f6netiminden talimat al\u0131p almad\u0131klar\u0131 ile ilgili net konu\u015fmad\u0131 ama d\u00fczenlemeyi savundu. Hem de ilgin\u00e7 s\u00f6zlerle: &#8220;Emekli milletvekilleri ge\u00e7inmekte zorluk \u00e7ekiyor. Hatta tra\u015f olmak i\u00e7in bile ucuz oldu\u011fu i\u00e7in Meclis berberine geliyor. Ben T\u00fcrkiye&#8217;deki 550 milletvekilinden biriyim, bir milletvekiline yak\u0131\u015f\u0131r elbise ayakkab\u0131 giymeyeyim mi? Mlletvekili karn\u0131n\u0131 doyuramazsa, se\u00e7menini a\u011f\u0131rlayamazsa i\u015f takip\u00e7ili\u011fi yapmak zorunda kal\u0131r.&#8221;<\/p>\n<p style=\"text-align: justify;\">Ve Tanju \u00d6zcan. O da &#8220;imzam\u0131 kendi insiyatifimle atmad\u0131m. Grup \u00fcyeleri benim imza atmam\u0131 istedi&#8221; dedi.<\/p>\n<p style=\"text-align: justify;\">Ve g\u00fcnah ke\u00e7isi ilan edildi\u011fini \u00f6ne s\u00fcrd\u00fc.<\/p>\n<p style=\"text-align: justify;\"><a href=\"http:\/\/www.cnnturk.com\/2011\/guncel\/12\/25\/chpli.vekillerden.garip.savunma\/641932.0\/index.html\" target=\"_blank\">Kaynak : CNN T\u00dcRK<\/a><\/p>\n","protected":false},"excerpt":{"rendered":"<p style=\"text-align: center;\">\n<p style=\"text-align: justify;\">Milletvekiline zam d\u00fczenlemesi CHP&#8217;yi kar\u0131\u015ft\u0131rd\u0131. D\u00fczenlemede imzas\u0131 bulunan iki vekil disipline sevk edildi. CHP lideri K\u0131l\u0131\u00e7daro\u011flu, tart\u0131\u015fmalara girmedi. O iki vekil ise konu\u015ftu. Tanju \u00d6zcan, &#8220;kendi insiiyatifimle imza atmad\u0131m&#8221; dedi, grup y\u00f6netimini i\u015faret etti. Ahmet Topta\u015f ise zamm\u0131 savundu: &#8220;Milletvekili karn\u0131n\u0131 doyurmazsa i\u015f takip\u00e7ili\u011fi yapar.&#8221;<\/p>\n","protected":false},"author":1,"featured_media":0,"comment_status":"open","ping_status":"open","sticky":false,"template":"","format":"standard","meta":{"footnotes":""},"categories":[105],"tags":[],"class_list":["post-45250","post","type-post","status-publish","format-standard","hentry","category-gundem","odd"],"_links":{"self":[{"href":"http:\/\/www.korhanyilmaz.com\/index.php?rest_route=\/wp\/v2\/posts\/45250","targetHints":{"allow":["GET"]}}],"collection":[{"href":"http:\/\/www.korhanyilmaz.com\/index.php?rest_route=\/wp\/v2\/posts"}],"about":[{"href":"http:\/\/www.korhanyilmaz.com\/index.php?rest_route=\/wp\/v2\/types\/post"}],"author":[{"embeddable":true,"href":"http:\/\/www.korhanyilmaz.com\/index.php?rest_route=\/wp\/v2\/users\/1"}],"replies":[{"embeddable":true,"href":"http:\/\/www.korhanyilmaz.com\/index.php?rest_route=%2Fwp%2Fv2%2Fcomments&post=45250"}],"version-history":[{"count":0,"href":"http:\/\/www.korhanyilmaz.com\/index.php?rest_route=\/wp\/v2\/posts\/45250\/revisions"}],"wp:attachment":[{"href":"http:\/\/www.korhanyilmaz.com\/index.php?rest_route=%2Fwp%2Fv2%2Fmedia&parent=45250"}],"wp:term":[{"taxonomy":"category","embeddable":true,"href":"http:\/\/www.korhanyilmaz.com\/index.php?rest_route=%2Fwp%2Fv2%2Fcategories&post=45250"},{"taxonomy":"post_tag","embeddable":true,"href":"http:\/\/www.korhanyilmaz.com\/index.php?rest_route=%2Fwp%2Fv2%2Ftags&post=45250"}],"curies":[{"name":"wp","href":"https:\/\/api.w.org\/{rel}","templated":true}]}}