{"id":45245,"date":"2011-12-25T13:45:07","date_gmt":"2011-12-25T11:45:07","guid":{"rendered":"http:\/\/www.korhanyilmaz.com\/?p=45245"},"modified":"2011-12-25T17:30:42","modified_gmt":"2011-12-25T15:30:42","slug":"aydin-menderes-ugurlandi","status":"publish","type":"post","link":"http:\/\/www.korhanyilmaz.com\/?p=45245","title":{"rendered":"Ayd\u0131n Menderes u\u011furland\u0131"},"content":{"rendered":"<p style=\"text-align: center;\"><a href=\"http:\/\/www.korhanyilmaz.com\/wp-content\/uploads\/2011\/12\/8759.jpg\"  class=\"lightview\"><img loading=\"lazy\" decoding=\"async\" class=\"aligncenter  wp-image-45246\" src=\"http:\/\/www.korhanyilmaz.com\/wp-content\/uploads\/2011\/12\/8759.jpg\" alt=\"\" width=\"346\" height=\"266\" \/><\/a><\/p>\n<p style=\"text-align: justify;\">Ankara&#8217;da tedavi g\u00f6rd\u00fc\u011f\u00fc hastanede \u00f6nceki g\u00fcn vefat eden eski ba\u015fbakanlardan Adnan Menderes&#8217;in o\u011flu Ayd\u0131n Menderes i\u00e7in Fatih Camisi&#8217;nde cenaze t\u00f6reni d\u00fczenlendi.<\/p>\n<p style=\"text-align: justify;\">Sabah saatlerinde Ankara&#8217;dan \u0130stanbul&#8217;a getirilen Menderes&#8217;in cenazesi Atat\u00fcrk Havaliman\u0131&#8217;ndan al\u0131narak, Fatih Camisine getirildi.\u00a0<!--more--><\/p>\n<p style=\"text-align: justify;\">Menderes&#8217;in T\u00fcrk bayra\u011f\u0131na sar\u0131l\u0131 tabutu, cami avlusundaki musalla ta\u015f\u0131na konuldu. \u00d6n\u00fcne Menderes&#8217;in foto\u011fraf\u0131 yerle\u015ftirilen tabutun ba\u015f\u0131nda polisler n\u00f6bet tuttu.<\/p>\n<p style=\"text-align: justify;\">Cumhurba\u015fkan\u0131 Abdullah G\u00fcl&#8217;\u00fcn, TBMM Ba\u015fkan\u0131 Cemil \u00c7i\u00e7ek ve Ba\u015fbakan Recep Tayyip Erdo\u011fan&#8217;\u0131n da saf tuttu\u011fu cenaze namaz\u0131n\u0131, \u0130stanbul M\u00fcft\u00fcs\u00fc Rahmi Yaran k\u0131ld\u0131rd\u0131.<\/p>\n<p style=\"text-align: justify;\">\u00d6\u011fle vakti k\u0131l\u0131nan cenaze namaz\u0131n\u0131n ard\u0131ndan bir konu\u015fma yapan Yaran, d\u00fcnya hayat\u0131n\u0131n bir imtihan oldu\u011funu, bu imtihan\u0131n hedefinin de iyi insan, iyi M\u00fcsl\u00fcman olmak oldu\u011funu belirterek, &#8220;Allah hepimize bu yolda yard\u0131mc\u0131 olsun. Ayd\u0131n Menderes&#8217;in bu imtihan\u0131 ba\u015farm\u0131\u015f olmas\u0131n\u0131 umuyoruz&#8221; dedi.<\/p>\n<p style=\"text-align: justify;\">Yaran, Ayd\u0131n Menderes&#8217;in \u00e7ok y\u00f6nl\u00fc bir ki\u015fili\u011fe sahip oldu\u011funu da kaydederek, \u015funlar\u0131 s\u00f6yledi:<\/p>\n<p style=\"text-align: justify;\">&#8220;Kendisi milletin geni\u015f tevecc\u00fch\u00fcne mazhar olmu\u015f bir devlet adam\u0131m\u0131z\u0131n evlad\u0131yd\u0131. Bunun yan\u0131 s\u0131ra kendi \u015fahsiyetiyle de bizim i\u00e7in de\u011ferli bir insan. Onu \u015fu y\u00f6nleriyle hat\u0131rlayaca\u011f\u0131z, ya\u015fad\u0131\u011f\u0131 zorluklara ra\u011fmen devletine k\u00fcsmemi\u015f, milletine dar\u0131lmam\u0131\u015ft\u0131r. Ayakta kalmay\u0131 ve siyaset yapmay\u0131 ba\u015farm\u0131\u015ft\u0131r. Milletin de\u011ferlerine ba\u011fl\u0131, kar\u015f\u0131 d\u00fc\u015f\u00fcncelere sayg\u0131l\u0131, ho\u015fg\u00f6r\u00fcl\u00fc, felsefi derinli\u011fe sahip bir fikir adam\u0131yd\u0131. D\u00fc\u015f\u00fcncelerini d\u00fczg\u00fcn bir \u015fekilde ifade eden bir hatip, iyi bir yazar.&#8221;<\/p>\n<p style=\"text-align: justify;\">Yaran, Menderes&#8217;in ailesi ile T\u00fcrk milletine sab\u0131r, Menderes&#8217;e de Allah&#8217;tan rahmet diledi.<\/p>\n<p style=\"text-align: justify;\">Helallik al\u0131nmas\u0131n\u0131n ard\u0131ndan Menderes&#8217;in cenazesi, musalla ta\u015f\u0131ndan al\u0131narak, tekbirler e\u015fli\u011finde omuzlarda cenaze arac\u0131na ta\u015f\u0131nd\u0131.<\/p>\n<p style=\"text-align: justify;\">Cenaze arac\u0131 daha sonra, Topkap\u0131&#8217;daki An\u0131t Mezar&#8217;a gitmek \u00fczere yola \u00e7\u0131kt\u0131. Bu arada, cenaze arac\u0131n\u0131n arkas\u0131nda &#8216;Ayd\u0131n Menderes&#8217; yaz\u0131l\u0131 oldu\u011fu g\u00f6r\u00fcld\u00fc.<\/p>\n<p style=\"text-align: justify;\">T\u00f6renin ard\u0131ndan cami \u00e7\u0131k\u0131\u015f\u0131nda Ba\u015fbakan Erdo\u011fan, e\u015fi Emine Erdo\u011fan ile birlikte Menderes&#8217;in e\u015fi \u00dcmran Menderes&#8217;e taziyelerini iletti.<\/p>\n<p style=\"text-align: justify;\">T\u00f6rene, Avrupa Birli\u011fi Bakan\u0131 ve Ba\u015fm\u00fczakereci Egemen Ba\u011f\u0131\u015f, G\u00fcmr\u00fck ve Ticaret Bakan\u0131 Hayati Yaz\u0131c\u0131, \u00c7evre ve \u015eehircilik Bakan\u0131 Erdo\u011fan Bayraktar, Ula\u015ft\u0131rma, Denizcilik ve Haberle\u015fme Bakan\u0131 Binali Y\u0131ld\u0131r\u0131m, CHP Ba\u015fkanvekili Akif Hamza\u00e7ebi, CHP Genel Ba\u015fkan Yard\u0131mc\u0131s\u0131 Sezgin Tanr\u0131kulu, HAS Parti Genel Ba\u015fkan\u0131 Numan Kurtulmu\u015f, DP Genel Ba\u015fkan\u0131 Nam\u0131k Kemal Zeybek, eski Cumhurba\u015fkanlar\u0131ndan merhum Celal Bayar&#8217;\u0131n torunu Emine G\u00fcrsoy Naskali, askeri erkan, eski Ba\u015fbakanlardan Tansu \u00c7iller, Ba\u015fbakan Erdo\u011fan&#8217;\u0131n k\u0131z\u0131 S\u00fcmeyye Erdo\u011fan&#8217;\u0131n yan\u0131 s\u0131ra \u00e7ok say\u0131da ki\u015fi kat\u0131ld\u0131.<\/p>\n<p style=\"text-align: justify;\">T\u00f6rene Cumhurba\u015fkan\u0131 G\u00fcl, TBMM Ba\u015fkan\u0131 \u00c7i\u00e7ek&#8217;in yan\u0131 s\u0131ra \u00e7ok say\u0131da ki\u015finin de \u00e7elenk g\u00f6nderdi\u011fi g\u00f6r\u00fcld\u00fc.<\/p>\n<p style=\"text-align: justify;\">T\u00f6ren boyunca geni\u015f g\u00fcvenlik \u00f6nlemleri dikkati \u00e7ekti.<\/p>\n<p style=\"text-align: justify;\"><strong>Cenazesi Topkap\u0131&#8217;da defnedildi\u00a0<\/strong><\/p>\n<p style=\"text-align: justify;\">Fatih Camisi&#8217;ndeki cenaze namaz\u0131n\u0131n ard\u0131ndan polis konvoyuyla Topkap\u0131&#8217;daki An\u0131t Mezar&#8217;a getirilen Ayd\u0131n Menderes&#8217;in naa\u015f\u0131, yak\u0131nlar\u0131n\u0131n omuzlar\u0131nda defnedilece\u011fi b\u00f6l\u00fcme al\u0131nd\u0131.<\/p>\n<p style=\"text-align: justify;\">Daha sonra din g\u00f6revlileri taraf\u0131ndan Kuran\u0131 Kerim okunmas\u0131 ve dualar edilmesinin ard\u0131ndan Menderes&#8217;in naa\u015f\u0131, ye\u011feni Adnan Menderes ve di\u011fer yak\u0131nlar\u0131 taraf\u0131ndan T\u00fcrk bayra\u011f\u0131na sar\u0131l\u0131 tabutundan \u00e7\u0131kar\u0131larak dualarla mezara indirildi.<\/p>\n<p style=\"text-align: justify;\">Ayd\u0131n Menderes&#8217;in naa\u015f\u0131, 1994 y\u0131l\u0131nda vefat eden annesi Berin Menderes&#8217;in yan\u0131na defnedildi.<\/p>\n<p style=\"text-align: justify;\">Bu s\u0131rada, Ayd\u0131n Menderes&#8217;in e\u015fi \u00dcmran Menderes&#8217;in g\u00f6zya\u015flar\u0131na hakim olamad\u0131\u011f\u0131 g\u00f6zlendi.<\/p>\n<p style=\"text-align: justify;\">An\u0131t Mezar&#8217;daki t\u00f6rene, TBMM Ba\u015fkan\u0131 Cemil \u00c7i\u00e7ek, Devlet Bakan\u0131 Hayati Yaz\u0131c\u0131, Adalet Bakan\u0131 Sadullah Ergin, Ula\u015ft\u0131rma Denizcilik ve Haberle\u015fme Bakan\u0131 Binali Y\u0131ld\u0131r\u0131m, \u00c7evre ve \u015eehircilik Bakan\u0131 Erdo\u011fan Bayraktar, DP Genel Ba\u015fkan\u0131 Nam\u0131k Kemal Zeybek, \u0130stanbul Valisi H\u00fcseyin Avni Mutlu ile \u00e7ok say\u0131da vatanda\u015f kat\u0131ld\u0131.<\/p>\n<p style=\"text-align: justify;\">Bu arada, \u0130stanbul B\u00fcy\u00fck\u015fehir Belediyesi Mezarl\u0131klar M\u00fcd\u00fcrl\u00fc\u011f\u00fc ekiplerince de Ayd\u0131n Menderes&#8217;in kabrine \u00e7i\u00e7ekler ve fidanlar dikildi.<\/p>\n<p style=\"text-align: justify;\">T\u00f6renin sonunda, vatanda\u015flar, bariyerli b\u00f6l\u00fcm\u00fcn a\u00e7\u0131lmas\u0131n\u0131n ard\u0131ndan eski Ba\u015fbakan Adnan Menderes, eski D\u0131\u015fi\u015fleri Bakan\u0131 Fatin R\u00fc\u015ft\u00fc Zorlu ve eski Maliye Bakan\u0131 Hasan Polatkan&#8217;\u0131n kabirlerinin bulundu\u011fu b\u00f6l\u00fcm\u00fc ziyaret etti. Vatanda\u015flar, Ayd\u0131n Menderes&#8217;in mezar\u0131 ba\u015f\u0131na da gelerek dua okudular.<\/p>\n<p style=\"text-align: justify;\">Kabir ba\u015f\u0131nda bulunan \u00dcmran Menderes de, vatanda\u015flar\u0131n taziyelerini kabul etti.<\/p>\n<p style=\"text-align: justify;\">T\u00f6renin ard\u0131ndan vatanda\u015flara ayran ve pilav ikram edildi.<\/p>\n<p style=\"text-align: justify;\"><a href=\"http:\/\/www.cnnturk.com\/2011\/turkiye\/12\/25\/aydin.menderes.ugurlandi\/641902.0\/index.html\" target=\"_blank\">Kaynak : CNN T\u00dcRK<\/a><\/p>\n","protected":false},"excerpt":{"rendered":"<p style=\"text-align: center;\">\n<p style=\"text-align: justify;\">Ankara&#8217;da tedavi g\u00f6rd\u00fc\u011f\u00fc hastanede \u00f6nceki g\u00fcn vefat eden eski ba\u015fbakanlardan Adnan Menderes&#8217;in o\u011flu Ayd\u0131n Menderes i\u00e7in Fatih Camisi&#8217;nde cenaze t\u00f6reni d\u00fczenlendi.<\/p>\n<p style=\"text-align: justify;\">Sabah saatlerinde Ankara&#8217;dan \u0130stanbul&#8217;a getirilen Menderes&#8217;in cenazesi Atat\u00fcrk Havaliman\u0131&#8217;ndan al\u0131narak, Fatih Camisine getirildi. <\/p>\n","protected":false},"author":1,"featured_media":0,"comment_status":"open","ping_status":"open","sticky":false,"template":"","format":"standard","meta":{"footnotes":""},"categories":[105],"tags":[],"class_list":["post-45245","post","type-post","status-publish","format-standard","hentry","category-gundem","odd"],"_links":{"self":[{"href":"http:\/\/www.korhanyilmaz.com\/index.php?rest_route=\/wp\/v2\/posts\/45245","targetHints":{"allow":["GET"]}}],"collection":[{"href":"http:\/\/www.korhanyilmaz.com\/index.php?rest_route=\/wp\/v2\/posts"}],"about":[{"href":"http:\/\/www.korhanyilmaz.com\/index.php?rest_route=\/wp\/v2\/types\/post"}],"author":[{"embeddable":true,"href":"http:\/\/www.korhanyilmaz.com\/index.php?rest_route=\/wp\/v2\/users\/1"}],"replies":[{"embeddable":true,"href":"http:\/\/www.korhanyilmaz.com\/index.php?rest_route=%2Fwp%2Fv2%2Fcomments&post=45245"}],"version-history":[{"count":0,"href":"http:\/\/www.korhanyilmaz.com\/index.php?rest_route=\/wp\/v2\/posts\/45245\/revisions"}],"wp:attachment":[{"href":"http:\/\/www.korhanyilmaz.com\/index.php?rest_route=%2Fwp%2Fv2%2Fmedia&parent=45245"}],"wp:term":[{"taxonomy":"category","embeddable":true,"href":"http:\/\/www.korhanyilmaz.com\/index.php?rest_route=%2Fwp%2Fv2%2Fcategories&post=45245"},{"taxonomy":"post_tag","embeddable":true,"href":"http:\/\/www.korhanyilmaz.com\/index.php?rest_route=%2Fwp%2Fv2%2Ftags&post=45245"}],"curies":[{"name":"wp","href":"https:\/\/api.w.org\/{rel}","templated":true}]}}