{"id":45241,"date":"2011-12-25T11:26:10","date_gmt":"2011-12-25T09:26:10","guid":{"rendered":"http:\/\/www.korhanyilmaz.com\/?p=45241"},"modified":"2011-12-25T17:24:45","modified_gmt":"2011-12-25T15:24:45","slug":"karabaga-karisma","status":"publish","type":"post","link":"http:\/\/www.korhanyilmaz.com\/?p=45241","title":{"rendered":"Karaba\u011f&#8217;a kar\u0131\u015fma!.."},"content":{"rendered":"<p style=\"text-align: center;\"><a href=\"http:\/\/www.korhanyilmaz.com\/wp-content\/uploads\/2011\/12\/8758.jpg\"  class=\"lightview\"><img loading=\"lazy\" decoding=\"async\" class=\"aligncenter  wp-image-45242\" src=\"http:\/\/www.korhanyilmaz.com\/wp-content\/uploads\/2011\/12\/8758.jpg\" alt=\"\" width=\"307\" height=\"236\" \/><\/a><\/p>\n<p style=\"text-align: justify;\">577 parlamenterli Frans\u0131z Meclisi&#8217;nde 50 oyla ge\u00e7en s\u00f6zde soyk\u0131r\u0131m yasas\u0131yla Fransa&#8217;n\u0131n tarafs\u0131zl\u0131\u011f\u0131n\u0131 kaybetti\u011fini belirten T\u00fcrkiye, bu \u00fclkenin Minsk Grubu&#8217;ndan derhal \u00e7ekilmesi i\u00e7in AG\u0130T nezdinde giri\u015fim ba\u015flatt\u0131.<\/p>\n<p style=\"text-align: justify;\">Fransa&#8217;n\u0131n 3 e\u015fba\u015fkandan biri oldu\u011fu Minsk Grubu, Ermenistan&#8217;\u0131n Karaba\u011f&#8217;\u0131 i\u015fgali \u00fczerine bu \u00fclkeyle Azerbaycan aras\u0131ndaki ihtilaf\u0131 \u00e7\u00f6zmek \u00fczere kurulmu\u015ftu.\u00a0<!--more--><\/p>\n<p style=\"text-align: justify;\">T\u00fcrkiye, Fransa&#8217;n\u0131n &#8216;Minsk Grubu&#8217;ndan bir an \u00f6nce ayr\u0131lmas\u0131n\u0131 istedi. Avrupa G\u00fcvenlik ve \u0130\u015fbirli\u011fi Te\u015fkilat\u0131 (AG\u0130T) Minsk Grubu, Azerbaycan ve Ermenistan devletlerinin Karaba\u011f sorunu i\u00e7in bar\u0131\u015f\u00e7\u0131l bir \u00e7\u00f6z\u00fcm bulmalar\u0131n\u0131 te\u015fvik etme amac\u0131yla kurulmu\u015ftu.<\/p>\n<p style=\"text-align: justify;\">H\u00fcrriyet gazetesinin haberine g\u00f6re, 1992&#8217;den beri faaliyette olan bu grubun \u00fc\u00e7 e\u015fba\u015fkanl\u0131\u011f\u0131ndan birini Fransa yap\u0131yor.<\/p>\n<p style=\"text-align: justify;\">T\u00fcrkiye, Fransa Parlamentosu&#8217;nda onaylanan s\u00f6zde soyk\u0131r\u0131m yasas\u0131 sonras\u0131 Paris&#8217;in art\u0131k &#8220;tarafs\u0131z konumunu yitirdi\u011fini&#8221; ve &#8220;Azerbaycan-Ermenistan aras\u0131nda yap\u0131lacak g\u00f6r\u00fc\u015fmelere bundan sonra tarafs\u0131z yakla\u015famayaca\u011f\u0131&#8221; g\u00f6r\u00fc\u015f\u00fcn\u00fc ortaya koydu ve bunun i\u00e7in AG\u0130T nezdinde giri\u015fimde bulunarak Fransa&#8217;n\u0131n Minsk Grubu&#8217;ndan bir an \u00f6nce ayr\u0131lmas\u0131n\u0131 istedi.<\/p>\n<p style=\"text-align: justify;\">AG\u0130T&#8217;in merkezi Viyana&#8217;da ba\u015flat\u0131lan bu giri\u015fim i\u00e7in T\u00fcrkiye&#8217;nin AG\u0130T Daimi Temsilcili\u011fi&#8217;ne bizzat Ankara&#8217;dan talimat geldi\u011fi \u00f6\u011frenildi.<\/p>\n<p style=\"text-align: justify;\"><strong>G\u00fcl de uyarm\u0131\u015ft\u0131\u00a0<\/strong><\/p>\n<p style=\"text-align: justify;\">Cumhurba\u015fkan\u0131 Abdullah G\u00fcl de \u00f6nceki g\u00fcn yapt\u0131\u011f\u0131 a\u00e7\u0131klamada, Fransa&#8217;n\u0131n Kafkasya&#8217;daki istikrars\u0131zl\u0131\u011f\u0131 gidermek ve \u00f6zellikle Azerbaycan ve Ermenistan aras\u0131ndaki ihtilafa \u00e7\u00f6z\u00fcm bulmak i\u00e7in kurulmu\u015f olan Minsk Grubu&#8217;nun \u00fc\u00e7 \u00fcyesinden birisi oldu\u011funu belirterek, &#8220;Herhalde bu yasa teklifi kanunla\u015ft\u0131ktan sonra ki b\u00f6yle olmamas\u0131n\u0131 \u00fcmit ederim, Fransa&#8217;n\u0131n b\u00fct\u00fcn bu arabuluculuk \u00e7al\u0131\u015fmalar\u0131ndan hemen \u00e7ekilmesi gerekir. \u00c7\u00fcnk\u00fc Fransa, tarafs\u0131zl\u0131\u011f\u0131n\u0131 resmen ihlal eden ve tarafl\u0131 oldu\u011funu resmen ilan eden bir tav\u0131r almaktad\u0131r bu davran\u0131\u015f\u0131yla&#8221; demi\u015fti.<\/p>\n<p style=\"text-align: justify;\"><strong>Bak\u00fc&#8217;den destek\u00a0<\/strong><\/p>\n<p style=\"text-align: justify;\">Fransa&#8217;n\u0131n AG\u0130T Minsk Grubu&#8217;ndaki g\u00f6revini b\u0131rakmas\u0131na y\u00f6nelik giri\u015fimi, Azerbaycan&#8217;dan da &#8220;dolayl\u0131&#8221; destek g\u00f6rd\u00fc. \u0130ktidardaki &#8220;Yeni Azerbaycan Partisi&#8221; Genel Ba\u015fkan Yard\u0131mc\u0131s\u0131 Ali Ahmedov, yasan\u0131n resmile\u015fmesi halinde, Fransa&#8217;n\u0131n Karaba\u011f sorununun \u00e7\u00f6z\u00fcm\u00fcnde adaletli tav\u0131r sergilemesinin &#8220;ku\u015fku&#8221; yarataca\u011f\u0131n\u0131 kaydetti.<\/p>\n<p style=\"text-align: justify;\"><strong>3 ba\u015fkandan biri\u00a0<\/strong><\/p>\n<p style=\"text-align: justify;\">AG\u0130T Minsk Grubu, Azerbaycan ve Ermenistan devletlerinin Karaba\u011f sorunu i\u00e7in bar\u0131\u015f\u00e7\u0131l bir \u00e7\u00f6z\u00fcm bulmalar\u0131n\u0131 te\u015fvik etmek amac\u0131yla, 1992 y\u0131l\u0131nda AG\u0130T taraf\u0131ndan kuruldu. 6 Aral\u0131k 1994 tarihinde Budape\u015fte&#8217;de yap\u0131lan toplant\u0131da, Minsk S\u00fcreci i\u00e7in e\u015fba\u015fkanl\u0131k kurumlar\u0131n\u0131n olu\u015fturulmas\u0131na ve bu e\u015fba\u015fkanlar\u0131n ABD, Fransa ve Rusya olmas\u0131na karar verildi. Halen ABD&#8217;nin e\u015fba\u015fkanl\u0131\u011f\u0131n\u0131 Robert Bradtke, Rusya&#8217;n\u0131nkini Igor Popov y\u00fc\u00fct\u00fcyor. Fransa&#8217;n\u0131n ise Ocak ay\u0131ndan itibaren e\u015fba\u015fkanl\u0131k g\u00f6revini Jak For, Bernard Fassier&#8217;den devralacak. AG\u0130T Minsk Grubu&#8217;nda Beyaz Rusya, Almanya, \u0130talya, Portekiz, Hollanda, \u0130sve\u00e7, Finlandiya, T\u00fcrkiye ve sorunun taraflar\u0131 olan Azerbaycan ve Ermenistan da yer al\u0131yor.<\/p>\n<p style=\"text-align: justify;\"><a href=\"http:\/\/www.cnnturk.com\/2011\/dunya\/12\/25\/karabaga.karisma\/641908.0\/index.html\" target=\"_blank\">Kaynak : CNN T\u00dcRK<\/a><\/p>\n","protected":false},"excerpt":{"rendered":"<p style=\"text-align: center;\">\n<p style=\"text-align: justify;\">577 parlamenterli Frans\u0131z Meclisi&#8217;nde 50 oyla ge\u00e7en s\u00f6zde soyk\u0131r\u0131m yasas\u0131yla Fransa&#8217;n\u0131n tarafs\u0131zl\u0131\u011f\u0131n\u0131 kaybetti\u011fini belirten T\u00fcrkiye, bu \u00fclkenin Minsk Grubu&#8217;ndan derhal \u00e7ekilmesi i\u00e7in AG\u0130T nezdinde giri\u015fim ba\u015flatt\u0131.<\/p>\n<p style=\"text-align: justify;\">Fransa&#8217;n\u0131n 3 e\u015fba\u015fkandan biri oldu\u011fu Minsk Grubu, Ermenistan&#8217;\u0131n Karaba\u011f&#8217;\u0131 i\u015fgali \u00fczerine bu \u00fclkeyle Azerbaycan aras\u0131ndaki ihtilaf\u0131 \u00e7\u00f6zmek \u00fczere kurulmu\u015ftu. <\/p>\n","protected":false},"author":1,"featured_media":0,"comment_status":"open","ping_status":"open","sticky":false,"template":"","format":"standard","meta":{"footnotes":""},"categories":[105],"tags":[],"class_list":["post-45241","post","type-post","status-publish","format-standard","hentry","category-gundem","odd"],"_links":{"self":[{"href":"http:\/\/www.korhanyilmaz.com\/index.php?rest_route=\/wp\/v2\/posts\/45241","targetHints":{"allow":["GET"]}}],"collection":[{"href":"http:\/\/www.korhanyilmaz.com\/index.php?rest_route=\/wp\/v2\/posts"}],"about":[{"href":"http:\/\/www.korhanyilmaz.com\/index.php?rest_route=\/wp\/v2\/types\/post"}],"author":[{"embeddable":true,"href":"http:\/\/www.korhanyilmaz.com\/index.php?rest_route=\/wp\/v2\/users\/1"}],"replies":[{"embeddable":true,"href":"http:\/\/www.korhanyilmaz.com\/index.php?rest_route=%2Fwp%2Fv2%2Fcomments&post=45241"}],"version-history":[{"count":0,"href":"http:\/\/www.korhanyilmaz.com\/index.php?rest_route=\/wp\/v2\/posts\/45241\/revisions"}],"wp:attachment":[{"href":"http:\/\/www.korhanyilmaz.com\/index.php?rest_route=%2Fwp%2Fv2%2Fmedia&parent=45241"}],"wp:term":[{"taxonomy":"category","embeddable":true,"href":"http:\/\/www.korhanyilmaz.com\/index.php?rest_route=%2Fwp%2Fv2%2Fcategories&post=45241"},{"taxonomy":"post_tag","embeddable":true,"href":"http:\/\/www.korhanyilmaz.com\/index.php?rest_route=%2Fwp%2Fv2%2Ftags&post=45241"}],"curies":[{"name":"wp","href":"https:\/\/api.w.org\/{rel}","templated":true}]}}