{"id":45236,"date":"2011-12-25T15:11:13","date_gmt":"2011-12-25T13:11:13","guid":{"rendered":"http:\/\/www.korhanyilmaz.com\/?p=45236"},"modified":"2011-12-25T16:49:02","modified_gmt":"2011-12-25T14:49:02","slug":"zamli-maasi-almayacagim","status":"publish","type":"post","link":"http:\/\/www.korhanyilmaz.com\/?p=45236","title":{"rendered":"Zaml\u0131 maa\u015f\u0131 almayaca\u011f\u0131m"},"content":{"rendered":"<p style=\"text-align: center;\"><a href=\"http:\/\/www.korhanyilmaz.com\/wp-content\/uploads\/2011\/12\/8757.jpg\"  class=\"lightview\"><img loading=\"lazy\" decoding=\"async\" class=\"aligncenter  wp-image-45237\" src=\"http:\/\/www.korhanyilmaz.com\/wp-content\/uploads\/2011\/12\/8757.jpg\" alt=\"\" width=\"315\" height=\"189\" \/><\/a><\/p>\n<p style=\"text-align: justify;\">CHP \u0130stanbul Milletvekili Umut Oran, milletvekillerine yap\u0131lan zamm\u0131n do\u011fru olmad\u0131\u011f\u0131n\u0131 belirterek, maa\u015f zamm\u0131n\u0131 almayaca\u011f\u0131n\u0131 s\u00f6yledi.<\/p>\n<p style=\"text-align: justify;\">Oran, yapt\u0131\u011f\u0131 yaz\u0131l\u0131 a\u00e7\u0131klamada, TBMM\u2019de emekli milletvekillerine yap\u0131lan k\u0131yak zamm\u0131 almamak i\u00e7in giri\u015fimde bulunaca\u011f\u0131n\u0131, konuyla ilgili olarak CHP Genel Ba\u015fkan\u0131 Kemal K\u0131l\u0131\u00e7daro\u011flu ile g\u00f6r\u00fc\u015ferek \u00f6neride bulanaca\u011f\u0131n\u0131 belirtti.\u00a0<!--more--><\/p>\n<p style=\"text-align: justify;\">Oran, a\u00e7\u0131klamas\u0131nda \u015fu g\u00f6r\u00fc\u015flere yer verdi:<\/p>\n<p style=\"text-align: justify;\">&#8220;Genel Ba\u015fkan\u2019a yasa iptal edilene kadar ortaya \u00e7\u0131kan hak edilmemi\u015f gelirin halka aktar\u0131lmas\u0131n\u0131 \u00f6nerece\u011fim. Ben bu maa\u015f\u0131 almayaca\u011f\u0131m ama mevzuat nedeniyle mecbur kal\u0131n\u0131rsa gelen paran\u0131n tamam\u0131n\u0131 burs olarak da\u011f\u0131t\u0131p, gelen ve harcan\u0131n mebla\u011f\u0131 ayr\u0131nt\u0131lar\u0131yla kendi web sitemden duyuraca\u011f\u0131m.<\/p>\n<p style=\"text-align: justify;\">Yap\u0131lan d\u00fczenlemeyi vicdanla ba\u011fda\u015ft\u0131rmak m\u00fcmk\u00fcn de\u011fil. Bug\u00fcn T\u00fcrkiye\u2019de asgari \u00fccretlilere y\u00fczde 10, SSK ve Ba\u011f-Kur emeklilerine y\u00fczde 4 oran\u0131nda zam yap\u0131l\u0131yor. Milletin kendisine y\u00fczde 10 zamm\u0131 \u00e7ok g\u00f6r\u00fcp, vekiline y\u00fczde 75 zam yapmay\u0131 kimse a\u00e7\u0131klayamaz. Bunun ad\u0131 k\u0131yak ayr\u0131cal\u0131kt\u0131r ve bu Meclis\u2019in itibar\u0131na da g\u00f6lge d\u00fc\u015f\u00fcr\u00fcyor.&#8221;<\/p>\n<p style=\"text-align: justify;\">Cumhurba\u015fkan\u0131 Abdullah G\u00fcl\u2019e de yasay\u0131 veto etmesi \u00e7a\u011fr\u0131s\u0131nda bulunan Oran, \u201cKamuoyu vicdan\u0131nda b\u00fcy\u00fck infial yaratan, e\u015fitlik ilkesine ayk\u0131r\u0131 olan bu yasay\u0131 tekrar g\u00f6r\u00fc\u015f\u00fclmek \u00fczere TBMM\u2019ye geri g\u00f6ndersin. Halk\u0131n hassasiyetleri ve demokrasinin temel ilkeleri dikkate al\u0131ns\u0131n. Hatadan d\u00f6nmek h\u00e2l\u00e2 m\u00fcmk\u00fcn\u201d dedi.<\/p>\n<p style=\"text-align: justify;\"><strong>&#8220;ZAM G\u00d6R\u00dc\u015eMES\u0130NDE ORADA DE\u011e\u0130LD\u0130M&#8221;\u00a0<\/strong><\/p>\n<p style=\"text-align: justify;\">Oran, TBMM\u2019de zamm\u0131n yap\u0131ld\u0131\u011f\u0131 saatlerde CHP PM toplant\u0131s\u0131nda oldu\u011funu belirtti\u011fi a\u00e7\u0131klamas\u0131nda \u015funlar\u0131 kaydetti:<\/p>\n<p style=\"text-align: justify;\">\u201cBu arada \u015funu da belirtmek isterim ki TBMM Genel Kurulu\u2019nda s\u00f6z konusu g\u00f6r\u00fc\u015fmenin yap\u0131ld\u0131\u011f\u0131 saatlerde CHP Parti Meclisi toplant\u0131s\u0131ndayd\u0131m ve bu nedenle ret y\u00f6n\u00fcnde oy kullanamad\u0131m. Ayr\u0131ca o tarihte b\u00f6yle bir d\u00fczenlemenin s\u00fcrpriz \u00f6nerge \u015feklinde TBMM\u2019de g\u00f6r\u00fc\u015f\u00fclece\u011finden de haberim yoktu.&#8221;<\/p>\n<p style=\"text-align: justify;\"><a href=\"http:\/\/www.hurriyet.com.tr\/gundem\/19539868.asp\" target=\"_blank\">Kaynak : H\u00fcrriyet.com.tr<\/a><\/p>\n","protected":false},"excerpt":{"rendered":"<p style=\"text-align: center;\">\n<p style=\"text-align: justify;\">CHP \u0130stanbul Milletvekili Umut Oran, milletvekillerine yap\u0131lan zamm\u0131n do\u011fru olmad\u0131\u011f\u0131n\u0131 belirterek, maa\u015f zamm\u0131n\u0131 almayaca\u011f\u0131n\u0131 s\u00f6yledi.<\/p>\n<p style=\"text-align: justify;\">Oran, yapt\u0131\u011f\u0131 yaz\u0131l\u0131 a\u00e7\u0131klamada, TBMM\u2019de emekli milletvekillerine yap\u0131lan k\u0131yak zamm\u0131 almamak i\u00e7in giri\u015fimde bulunaca\u011f\u0131n\u0131, konuyla ilgili olarak CHP Genel Ba\u015fkan\u0131 Kemal K\u0131l\u0131\u00e7daro\u011flu ile g\u00f6r\u00fc\u015ferek \u00f6neride bulanaca\u011f\u0131n\u0131 belirtti. <\/p>\n","protected":false},"author":1,"featured_media":0,"comment_status":"open","ping_status":"open","sticky":false,"template":"","format":"standard","meta":{"footnotes":""},"categories":[105],"tags":[],"class_list":["post-45236","post","type-post","status-publish","format-standard","hentry","category-gundem","odd"],"_links":{"self":[{"href":"http:\/\/www.korhanyilmaz.com\/index.php?rest_route=\/wp\/v2\/posts\/45236","targetHints":{"allow":["GET"]}}],"collection":[{"href":"http:\/\/www.korhanyilmaz.com\/index.php?rest_route=\/wp\/v2\/posts"}],"about":[{"href":"http:\/\/www.korhanyilmaz.com\/index.php?rest_route=\/wp\/v2\/types\/post"}],"author":[{"embeddable":true,"href":"http:\/\/www.korhanyilmaz.com\/index.php?rest_route=\/wp\/v2\/users\/1"}],"replies":[{"embeddable":true,"href":"http:\/\/www.korhanyilmaz.com\/index.php?rest_route=%2Fwp%2Fv2%2Fcomments&post=45236"}],"version-history":[{"count":0,"href":"http:\/\/www.korhanyilmaz.com\/index.php?rest_route=\/wp\/v2\/posts\/45236\/revisions"}],"wp:attachment":[{"href":"http:\/\/www.korhanyilmaz.com\/index.php?rest_route=%2Fwp%2Fv2%2Fmedia&parent=45236"}],"wp:term":[{"taxonomy":"category","embeddable":true,"href":"http:\/\/www.korhanyilmaz.com\/index.php?rest_route=%2Fwp%2Fv2%2Fcategories&post=45236"},{"taxonomy":"post_tag","embeddable":true,"href":"http:\/\/www.korhanyilmaz.com\/index.php?rest_route=%2Fwp%2Fv2%2Ftags&post=45236"}],"curies":[{"name":"wp","href":"https:\/\/api.w.org\/{rel}","templated":true}]}}