{"id":45223,"date":"2011-12-24T13:27:02","date_gmt":"2011-12-24T11:27:02","guid":{"rendered":"http:\/\/www.korhanyilmaz.com\/?p=45223"},"modified":"2011-12-25T11:18:22","modified_gmt":"2011-12-25T09:18:22","slug":"adim-adim-akp-hiyaneti","status":"publish","type":"post","link":"http:\/\/www.korhanyilmaz.com\/?p=45223","title":{"rendered":"Ad\u0131m ad\u0131m AKP h\u0131yaneti"},"content":{"rendered":"<p style=\"text-align: center;\"><a href=\"http:\/\/www.korhanyilmaz.com\/wp-content\/uploads\/2011\/12\/8753.jpg\"  class=\"lightview\"><img loading=\"lazy\" decoding=\"async\" class=\"aligncenter  wp-image-45224\" src=\"http:\/\/www.korhanyilmaz.com\/wp-content\/uploads\/2011\/12\/8753.jpg\" alt=\"\" width=\"396\" height=\"180\" \/><\/a><\/p>\n<p style=\"text-align: justify;\">MHP Genel Ba\u015fkan\u0131 Devlet Bah\u00e7eli, \u201cArt\u0131k d\u00fcr\u00fcstl\u00fck ve siyasi namus gere\u011fi kabul etmek laz\u0131md\u0131r ki; BDP\u2019yle AKP aras\u0131nda hi\u00e7bir fark kalmam\u0131\u015f, b\u00f6l\u00fcc\u00fcl\u00fc\u011f\u00fcn siyasi ikizleri bu vesileyle y\u00fczeye \u00e7\u0131km\u0131\u015ft\u0131r\u201d dedi.<\/p>\n<p style=\"text-align: justify;\">ANKARA &#8211; MHP Genel Ba\u015fkan\u0131 Devlet Bah\u00e7eli, \u201cArt\u0131k d\u00fcr\u00fcstl\u00fck ve siyasi namus gere\u011fi kabul etmek laz\u0131md\u0131r ki; BDP\u2019yle AKP aras\u0131nda hi\u00e7bir fark kalmam\u0131\u015f, b\u00f6l\u00fcc\u00fcl\u00fc\u011f\u00fcn siyasi ikizleri bu vesileyle y\u00fczeye \u00e7\u0131km\u0131\u015ft\u0131r\u201d dedi. <!--more--><\/p>\n<p style=\"text-align: justify;\">Bah\u00e7eli, Ba\u015fbakan Yard\u0131mc\u0131s\u0131 B\u00fclent Ar\u0131n\u00e7\u2019\u0131n, \u201cK\u00fcrtlere e\u011fitim, dil, bilgi, k\u00fclt\u00fcr ve kimlik hakk\u0131 verece\u011fiz. O kimli\u011fin b\u00fct\u00fcn k\u00fclt\u00fcrel haklar\u0131n\u0131, Anayasal haklar\u0131n\u0131 verece\u011fiz, tan\u0131yaca\u011f\u0131z\u201d s\u00f6zlerine sert ifadelerin bulundu\u011fu yaz\u0131l\u0131 a\u00e7\u0131klamayla yan\u0131t verdi. AKP ve BDP\u2019nin Anayasa de\u011fi\u015fiklikleri kanal\u0131yla \u201cb\u00f6l\u00fcc\u00fcl\u00fc\u011f\u00fcn me\u015frula\u015ft\u0131r\u0131lmas\u0131na\u201d ula\u015famayacaklar\u0131n\u0131 dile getiren Bah\u00e7eli, \u201cG\u00f6r\u00fcld\u00fc\u011f\u00fc kadar\u0131yla iktidar partisi, Meclis\u2019teki siyasi b\u00f6l\u00fcc\u00fclerin misyonunu \u00fcstlenmi\u015f; gizli ajandas\u0131ndaki K\u00fcrt\u00e7\u00fcl\u00fck ve az\u0131nl\u0131k ba\u015fl\u0131klar\u0131 bu \u015fekilde daha da a\u00e7\u0131\u011fa \u00e7\u0131km\u0131\u015ft\u0131r\u201d dedi. Bah\u00e7eli, &#8220;PKK\u2019n\u0131n g\u00f6r\u00fc\u015fleri ve kanl\u0131 y\u00fczlerin zorlamalar\u0131 AKP taraf\u0131ndan sahiplenilmi\u015f, millet varl\u0131\u011f\u0131n\u0131n kutlu ba\u011fr\u0131na pimi \u00e7ekilen nifak bombas\u0131 adice yerle\u015ftirilmi\u015ftir&#8221; g\u00f6r\u00fc\u015f\u00fcn\u00fc savundu.<\/p>\n<p style=\"text-align: justify;\"><strong>\u201cHIYANET\u0130 ADIM ADIM \u0130LERLET\u0130YORLAR\u201d<\/strong><\/p>\n<p style=\"text-align: justify;\">Ar\u0131n\u00e7\u2019\u0131n \u201cPKK\u2019n\u0131n kimlik dayatmalar\u0131n\u0131 insan haklar\u0131 meselesi olarak g\u00f6rd\u00fc\u011f\u00fcn\u00fc ifade etmesinin hezeyan batakl\u0131\u011f\u0131nda bo\u011fulmak \u00fczere oldu\u011fu\u201d anlam\u0131na geldi\u011fini \u00f6ne s\u00fcren Bah\u00e7eli, AKP H\u00fck\u00fcmeti\u2019nin Anayasa\u2019dan ne bekledi\u011fi ve neleri hedefledi\u011finin bu a\u00e7\u0131klamayla belirsizlikten kurtuldu\u011funu belirtti. PKK\u2019n\u0131n g\u00f6r\u00fc\u015f ve zorlamalar\u0131n\u0131n AKP taraf\u0131ndan sahiplenilmi\u015f oldu\u011funu vurgulayan Bah\u00e7eli, \u015funlar\u0131 ekledi:<\/p>\n<p style=\"text-align: justify;\">\u201cBilhassa PKK\u2019n\u0131n siyasalla\u015fma s\u00fcrecinde \u00f6zne olan K\u00fcrt kimli\u011finin kabul edilmesine onay vermesi ve bununla birlikte t\u0131pk\u0131 Ba\u015fbakan\u2019\u0131 gibi bir bir sayd\u0131\u011f\u0131 alt kimlik gruplar\u0131na k\u00fclt\u00fcrel ve anayasal haklar\u0131n\u0131 vereceklerini bildirmesi, \u015fayet \u015fuursuzca seslendirilen bir g\u00f6r\u00fc\u015f de\u011filse, h\u0131yanetin ad\u0131m ad\u0131m ilerletilmesi olarak de\u011ferlendirilecektir.<\/p>\n<p style=\"text-align: justify;\">Vatan\u0131n selameti, milletimizin birli\u011fi ve ilelebet ya\u015famas\u0131 konusunda hi\u00e7bir katk\u0131s\u0131, fikri ve fedakarl\u0131\u011f\u0131 bulunmayan zevat\u0131n, d\u00f6nemsel g\u00fc\u00e7lerine dayanarak ganimet payla\u015f\u0131r gibi milli de\u011ferlerimizi pe\u015fke\u015f \u00e7ekmesi yeni mandac\u0131l\u0131\u011f\u0131n hangi k\u0131l\u0131klara girebilece\u011fini de g\u00f6stermi\u015ftir.<\/p>\n<p style=\"text-align: justify;\">Alt kimlik misyonerlerinin, b\u00f6l\u00fcc\u00fcl\u00fck acentelerinin, etnik gurup \u015fak\u015fak\u00e7\u0131lar\u0131n\u0131n ve y\u0131k\u0131m koalisyonunun AKP\u2019de bulu\u015fmas\u0131 asl\u0131nda tesad\u00fcfi olmay\u0131p tamamen planl\u0131 bir organizasyonun eseri ve neticesidir.<\/p>\n<p style=\"text-align: justify;\">Herkes emin olmal\u0131d\u0131r ki, MHP var oldu\u011fu s\u00fcrece, hi\u00e7 kimse vatan topraklar\u0131ndan pay alamayacak, federasyon ve demokratik \u00f6zerklik \u00f6zlemlerine ula\u015famayacak, milli ve \u00fcniter devlet yap\u0131s\u0131n\u0131 bozamayacak, aziz milletimizi da\u011f\u0131tamayacak ve T\u00fcrkiye\u2019yi yabanc\u0131lar\u0131n insaf\u0131na terk edemeyecektir.<\/p>\n<p style=\"text-align: justify;\">Milli uyan\u0131\u015f\u0131 k\u00f6reltmeye gayret eden istismarc\u0131, baya\u011f\u0131 ve k\u00fcflenmi\u015f ki\u015filikler iki cihanda da rahat ve huzur y\u00fcz\u00fc g\u00f6remeyecekler, milletimizin beddualar\u0131 pe\u015flerini b\u0131rakmayacakt\u0131r.\u201d<\/p>\n<p style=\"text-align: justify;\">Ar\u0131n\u00e7&#8217;\u0131n s\u00f6zlerinin BDP ve AKP milletvekilleriyle birlikte baz\u0131 H\u00fck\u00fcmet \u00fcyeleri taraf\u0131ndan da hararetle alk\u0131\u015fland\u0131\u011f\u0131n\u0131 kaydeden Bah\u00e7eli, &#8220;Bu s\u00f6zler ancak T\u00fcrk milletine hasmane duygular besleyen ge\u00e7mi\u015fi sorunlu tasavvurlar\u0131 ku\u015fkulu bir kafa yap\u0131s\u0131ndan beklenebilecektir&#8221; dedi.<\/p>\n<p style=\"text-align: justify;\">2009 y\u0131l\u0131nda kurdelesi kesilen y\u0131k\u0131m projesinin \u00f6ng\u00f6r\u00fclerinin, gizli kalan taraflar\u0131n\u0131n PKK k\u0131lavuzlu\u011fuyla Anayasaya yedirilece\u011fini, T\u00fcrk milletinin fitne ate\u015fi i\u00e7ine at\u0131laca\u011f\u0131n\u0131 kaydeden Bah\u00e7eli \u015fu iddialarda bulundu:<\/p>\n<p style=\"text-align: justify;\">&#8220;\u00d6n\u00fcm\u00fczdeki y\u0131l bu nedenle \u00f6nemli, tehdit alg\u0131lamalar\u0131 a\u00e7\u0131s\u0131ndan da tarihi bir kav\u015fak noktas\u0131 olacakt\u0131r.<\/p>\n<p style=\"text-align: justify;\">Unutulmamal\u0131d\u0131r ki, Anayasa de\u011fi\u015fiklikleri kanal\u0131yla b\u00f6l\u00fcc\u00fcl\u00fc\u011f\u00fcn me\u015frula\u015ft\u0131r\u0131lmas\u0131na AKP ve rol payla\u015f\u0131m\u0131 i\u00e7inde hareket etti\u011fi BDP kesinlikle ula\u015famayacakt\u0131r.<\/p>\n<p style=\"text-align: justify;\">G\u00f6r\u00fcld\u00fc\u011f\u00fc kadar\u0131yla iktidar partisi, Meclisteki siyasi b\u00f6l\u00fcc\u00fclerin misyonunu \u00fcstlenmi\u015f; gizli ajandas\u0131ndaki K\u00fcrt\u00e7\u00fcl\u00fck ve az\u0131nl\u0131k ba\u015fl\u0131klar\u0131 bu \u015fekilde daha da a\u00e7\u0131\u011fa \u00e7\u0131km\u0131\u015ft\u0131r.<\/p>\n<p style=\"text-align: justify;\">Art\u0131k d\u00fcr\u00fcstl\u00fck ve siyasi namus gere\u011fince kabul etmek laz\u0131md\u0131r ki; BDP\u2019yle AKP aras\u0131nda hi\u00e7bir fark kalmam\u0131\u015f, b\u00f6l\u00fcc\u00fcl\u00fc\u011f\u00fcn siyasi ikizleri bu vesileyle y\u00fczeye \u00e7\u0131km\u0131\u015ft\u0131r.<\/p>\n<p style=\"text-align: justify;\">B\u00fct\u00e7e m\u00fczakerelerini f\u0131rsat olarak g\u00f6ren Ba\u015fbakan Yard\u0131mc\u0131s\u0131n\u0131n, kontrol\u00fc kaybedercesine beyanda bulunmas\u0131n\u0131n ki\u015fisel maksad\u0131 ise; Ba\u015fbakan Erdo\u011fan sonras\u0131yla ilgili beklenti i\u00e7ine girmesi ve T\u00fcrkiye \u00fczerinde hesap yapan malum \u00e7evrelere pe\u015finen taahh\u00fctte bulunmas\u0131d\u0131r.<\/p>\n<p style=\"text-align: justify;\">Bin y\u0131ld\u0131r aziz milletimizi yok etmek isteyen emperyalist ittifak\u0131n, projelerini savunmakla g\u00f6revlendirdi\u011fi \u00e7\u00fcr\u00fcm\u00fc\u015f \u015fahsiyetleri uzaktan kumandayla idare etmesi her a\u00e7\u0131dan b\u00fcy\u00fck bir talihsizlik ve h\u00fcsrand\u0131r.<\/p>\n<p style=\"text-align: justify;\">Gazi Meclis\u2019in k\u00fcrs\u00fcs\u00fcnden T\u00fcrkl\u00fc\u011fe, T\u00fcrkiye Cumhuriyeti\u2019ne ve T\u00fcrk milletinin de\u011ferlerine g\u00f6z\u00fc d\u00f6nm\u00fc\u015f\u00e7esine sald\u0131ran karanl\u0131k simalar\u0131 ve k\u00fcstahlar\u0131 elbette aziz milletimiz asla unutmayacak ve affetmeyecektir.<\/p>\n<p style=\"text-align: justify;\">Vatan\u0131n selameti, milletimizin birli\u011fi ve ilelebet ya\u015famas\u0131 konusunda hi\u00e7bir katk\u0131s\u0131, fikri ve fedak\u00e2rl\u0131\u011f\u0131 bulunmayan zevat\u0131n, d\u00f6nemsel g\u00fc\u00e7lerine dayanarak ganimet payla\u015f\u0131r gibi milli de\u011ferlerimizi pe\u015fke\u015f \u00e7ekmesi yeni mandac\u0131l\u0131\u011f\u0131n hangi k\u0131l\u0131klara girebilece\u011fini de g\u00f6stermi\u015ftir.<\/p>\n<p style=\"text-align: justify;\">Alt kimlik misyonerlerinin, b\u00f6l\u00fcc\u00fcl\u00fck acentelerinin, etnik gurup \u015fak\u015fak\u00e7\u0131lar\u0131n\u0131n ve y\u0131k\u0131m koalisyonunun AKP\u2019de bulu\u015fmas\u0131 asl\u0131nda tesad\u00fcf\u00ee olmay\u0131p tamamen planl\u0131 bir organizasyonun eseri ve neticesidir.<\/p>\n<p style=\"text-align: justify;\">AKP\u2019nin T\u00fcrk milletini red ve ink\u00e2r eden tutumunun tehlikeli bir boyut kazanmas\u0131; alt kimliklere duydu\u011fu sempatinin ve i\u00e7ine girdi\u011fi yak\u0131nl\u0131\u011f\u0131n yo\u011funla\u015fmas\u0131 hedefiyle tutarl\u0131l\u0131k arz etmektedir.<\/p>\n<p style=\"text-align: justify;\">Son a\u00e7\u0131klama ve izahlardan sonra, bug\u00fcne kadar yap\u0131lan KCK operasyonlar\u0131n\u0131n, ter\u00f6rle m\u00fccadelenin ve bu \u00e7er\u00e7evedeki kararl\u0131l\u0131k beyanlar\u0131n\u0131n g\u00f6z boyamadan ibaret oldu\u011fu anla\u015f\u0131lmaktad\u0131r.<\/p>\n<p style=\"text-align: justify;\">Kald\u0131 ki AKP ile b\u00f6l\u00fcc\u00fc \u00e7evreler aras\u0131ndaki dan\u0131\u015f\u0131kl\u0131 d\u00f6v\u00fc\u015f \u00fczeri \u00f6rt\u00fclemeyecek kadar vuzuha ermi\u015ftir.<\/p>\n<p style=\"text-align: justify;\">Bu durum kar\u015f\u0131s\u0131nda AKP\u2019nin \u015fehitlerimizin aziz emanetlerine, gazilerimizin kutlu hat\u0131ralar\u0131na ve T\u00fcrk milletinin mevcudiyetine ileri derecede hakaret etti\u011fi netlik kazanm\u0131\u015ft\u0131r.<\/p>\n<p style=\"text-align: justify;\">PKK\u2019n\u0131n g\u00f6r\u00fc\u015fleri ve kanl\u0131 y\u00fczlerin zorlamalar\u0131 AKP taraf\u0131ndan sahiplenilmi\u015f, millet varl\u0131\u011f\u0131n\u0131n kutlu ba\u011fr\u0131na pimi \u00e7ekilen nifak bombas\u0131 adice yerle\u015ftirilmi\u015ftir.<\/p>\n<p style=\"text-align: justify;\">B\u00f6l\u00fcc\u00fcl\u00fck ve millet d\u00fc\u015fmanl\u0131\u011f\u0131n\u0131n taraflar\u0131 iyice belirgin olmu\u015f; \u0130mral\u0131, Kandil ve AKP\u2019den olu\u015fan sacayak son yurdumuzu zehirlemek i\u00e7in emel ve eylem birli\u011fi i\u00e7ine girmi\u015flerdir.<\/p>\n<p style=\"text-align: justify;\">Ter\u00f6re kar\u015f\u0131 sergilenen ataletin, dirayetsizli\u011fin ve iradesizli\u011fin alt\u0131nda \u00e7ok sinsi ve tehlikeli bir hesap bulundu\u011fu bug\u00fcn daha berrak bir bi\u00e7imde fark edilmektedir.<\/p>\n<p style=\"text-align: justify;\">Nitekim bunun da T\u00fcrkiye\u2019yi tasfiye etmek, T\u00fcrk milletinin b\u00fct\u00fcnl\u00fc\u011f\u00fcn\u00fc bozmak amac\u0131na d\u00f6n\u00fck oldu\u011fu milli vicdanlarda tescil ve teyit edilmi\u015ftir.<\/p>\n<p style=\"text-align: justify;\">Bu kapsamda b\u00f6l\u00fcc\u00fc taleplerin, ter\u00f6rist dayatmalar\u0131n ve \u0130mral\u0131 tekliflerinin AKP nezdinde cevap ve kar\u015f\u0131l\u0131k bulmas\u0131 milli ilkelerin ciddi bir \u015fekilde \u00e7i\u011fnenmesine ve zedelenmesine yol a\u00e7m\u0131\u015ft\u0131r.<\/p>\n<p style=\"text-align: justify;\">Bilinmelidir ki T\u00fcrkiye BOP\u2019un izd\u00fc\u015f\u00fcm\u00fcnde d\u00f6n\u00fc\u015ft\u00fcr\u00fclmek ve T\u00fcrk milleti etnik cerrahi m\u00fcdahaleyle bile\u015fenlerine ayr\u0131lmak istenmektedir.&#8221;<\/p>\n<p style=\"text-align: justify;\"><strong>ARAP BAHARI T\u00dcRK\u0130YE&#8217;DE FARKLI<\/strong><\/p>\n<p style=\"text-align: justify;\">Ortado\u011fu ve Kuzey Afrika\u2019da ya\u015fanan halk hareketleriyle y\u00f6netim ve rejimler el de\u011fi\u015ftirip \u00e7at\u0131\u015fma ve \u015fiddet sahneleri korkutucu bir a\u015famaya gelmi\u015fken; T\u00fcrkiye\u2019deki s\u00fcrecin \u015fimdilik daha sakin ve hukuki vas\u0131talarla seyir halinde oldu\u011funu belirten Bah\u00e7eli, &#8220;\u015e\u00fcphesiz y\u00fcksek riskler bar\u0131nd\u0131ran bu ortam\u0131 ve zemini kurgulayan AKP H\u00fck\u00fcmeti a\u00e7\u0131k\u00e7a Anayasa su\u00e7u i\u015flemektedir. Milliyet\u00e7i Hareket Partisi; b\u00f6l\u00fcnmeyi alenen k\u00f6r\u00fckleyen ve te\u015fvik eden kim ya da kimler varsa sonuna kadar kar\u015f\u0131lar\u0131nda cesurca duracak ve maskelerini indirmek i\u00e7in her m\u00fccadeleyi g\u00f6sterecektir. Milli uyan\u0131\u015f\u0131 k\u00f6reltmeye gayret eden istismarc\u0131, baya\u011f\u0131 ve k\u00fcflenmi\u015f ki\u015filikler iki cihanda da rahat ve huzur y\u00fcz\u00fc g\u00f6remeyecekler, milletimizin beddualar\u0131 pe\u015flerini b\u0131rakmayacakt\u0131r&#8221; dedi.<\/p>\n<p style=\"text-align: justify;\">Devlet Bah\u00e7eli, Milliyet\u00e7i Hareket Partisi var oldu\u011fu s\u00fcrece, hi\u00e7 kimsenin vatan topraklar\u0131ndan pay alamayaca\u011f\u0131n\u0131, federasyon ve demokratik \u00f6zerklik \u00f6zlemlerine ula\u015famayaca\u011f\u0131n\u0131, milli ve \u00fcniter devlet yap\u0131s\u0131n\u0131 bozamayaca\u011f\u0131n\u0131, milleti da\u011f\u0131tamayaca\u011f\u0131n\u0131 da\u011f\u0131tamayacak ve T\u00fcrkiye\u2019yi yabanc\u0131lar\u0131n insaf\u0131na terk edemeyece\u011fini bildirdi.<\/p>\n<p style=\"text-align: justify;\">Bah\u00e7eli a\u00e7\u0131klamas\u0131n\u0131, &#8220;Ne Ba\u015fbakan Erdo\u011fan\u2019\u0131n ne de timsah g\u00f6zya\u015flar\u0131 d\u00f6ken yard\u0131mc\u0131s\u0131n\u0131n hevesleri, \u0131srarlar\u0131 ve g\u00f6ze girme \u00e7abalar\u0131 da bir sonu\u00e7 do\u011furmayacak ve T\u00fcrk milleti her durumda mukadderat\u0131na sahip \u00e7\u0131kacakt\u0131r&#8221; diye bitirdi.<\/p>\n<p style=\"text-align: justify;\"><a href=\"http:\/\/www.gazeteport.com.tr\/haber\/70074\/adim_adim_akp_hiyaneti\" target=\"_blank\">Kaynak : GAZETEPORT<\/a><\/p>\n","protected":false},"excerpt":{"rendered":"<p style=\"text-align: center;\">\n<p style=\"text-align: justify;\">MHP Genel Ba\u015fkan\u0131 Devlet Bah\u00e7eli, \u201cArt\u0131k d\u00fcr\u00fcstl\u00fck ve siyasi namus gere\u011fi kabul etmek laz\u0131md\u0131r ki; BDP\u2019yle AKP aras\u0131nda hi\u00e7bir fark kalmam\u0131\u015f, b\u00f6l\u00fcc\u00fcl\u00fc\u011f\u00fcn siyasi ikizleri bu vesileyle y\u00fczeye \u00e7\u0131km\u0131\u015ft\u0131r\u201d dedi.<\/p>\n<p style=\"text-align: justify;\">ANKARA &#8211; MHP Genel Ba\u015fkan\u0131 Devlet Bah\u00e7eli, \u201cArt\u0131k d\u00fcr\u00fcstl\u00fck ve siyasi namus gere\u011fi kabul etmek laz\u0131md\u0131r ki; BDP\u2019yle AKP <\/p>\n","protected":false},"author":1,"featured_media":0,"comment_status":"open","ping_status":"open","sticky":false,"template":"","format":"standard","meta":{"footnotes":""},"categories":[105],"tags":[],"class_list":["post-45223","post","type-post","status-publish","format-standard","hentry","category-gundem","odd"],"_links":{"self":[{"href":"http:\/\/www.korhanyilmaz.com\/index.php?rest_route=\/wp\/v2\/posts\/45223","targetHints":{"allow":["GET"]}}],"collection":[{"href":"http:\/\/www.korhanyilmaz.com\/index.php?rest_route=\/wp\/v2\/posts"}],"about":[{"href":"http:\/\/www.korhanyilmaz.com\/index.php?rest_route=\/wp\/v2\/types\/post"}],"author":[{"embeddable":true,"href":"http:\/\/www.korhanyilmaz.com\/index.php?rest_route=\/wp\/v2\/users\/1"}],"replies":[{"embeddable":true,"href":"http:\/\/www.korhanyilmaz.com\/index.php?rest_route=%2Fwp%2Fv2%2Fcomments&post=45223"}],"version-history":[{"count":0,"href":"http:\/\/www.korhanyilmaz.com\/index.php?rest_route=\/wp\/v2\/posts\/45223\/revisions"}],"wp:attachment":[{"href":"http:\/\/www.korhanyilmaz.com\/index.php?rest_route=%2Fwp%2Fv2%2Fmedia&parent=45223"}],"wp:term":[{"taxonomy":"category","embeddable":true,"href":"http:\/\/www.korhanyilmaz.com\/index.php?rest_route=%2Fwp%2Fv2%2Fcategories&post=45223"},{"taxonomy":"post_tag","embeddable":true,"href":"http:\/\/www.korhanyilmaz.com\/index.php?rest_route=%2Fwp%2Fv2%2Ftags&post=45223"}],"curies":[{"name":"wp","href":"https:\/\/api.w.org\/{rel}","templated":true}]}}