{"id":45219,"date":"2011-12-24T15:59:47","date_gmt":"2011-12-24T13:59:47","guid":{"rendered":"http:\/\/www.korhanyilmaz.com\/?p=45219"},"modified":"2011-12-25T10:32:03","modified_gmt":"2011-12-25T08:32:03","slug":"gazeteci-yazar-ali-tezel-bugun-yaptigi-bir-yazi-aciklamayla-chp-uyeliginden-istifa-ettigini-duyurdu","status":"publish","type":"post","link":"http:\/\/www.korhanyilmaz.com\/?p=45219","title":{"rendered":"Gazeteci yazar Ali Tezel bug\u00fcn yapt\u0131\u011f\u0131 bir yaz\u0131 a\u00e7\u0131klamayla CHP \u00fcyeli\u011finden istifa etti\u011fini duyurdu."},"content":{"rendered":"<p style=\"text-align: center;\"><a href=\"http:\/\/www.korhanyilmaz.com\/wp-content\/uploads\/2011\/12\/8752.jpg\"  class=\"lightview\"><img loading=\"lazy\" decoding=\"async\" class=\"aligncenter  wp-image-45220\" src=\"http:\/\/www.korhanyilmaz.com\/wp-content\/uploads\/2011\/12\/8752.jpg\" alt=\"\" width=\"357\" height=\"175\" \/><\/a><\/p>\n<p style=\"text-align: justify;\">Habert\u00fcrk Gazetesi\u2019nde haftada be\u015f g\u00fcn tam sayfa \u00c7al\u0131\u015fma Hayat\u0131 ile ilgili yazan, ayr\u0131ca BLOOMBERG HT Televizyonunda her Per\u015fembe AL\u0130 TEZEL\u2019E SORALIM program\u0131n\u0131 sunan gazeteci yazar Ali Tezel bug\u00fcn yapt\u0131\u011f\u0131 bir yaz\u0131 a\u00e7\u0131klamayla CHP \u00fcyeli\u011finden istifa etti\u011fini duyurdu.\u00a0<!--more--><\/p>\n<p style=\"text-align: justify;\"><span style=\"text-decoration: underline;\">\u0130\u015fte Tezel\u2019in o a\u00e7\u0131klamas\u0131&#8230; .\u00a0<\/span><\/p>\n<p style=\"text-align: justify;\">CHP Genel Ba\u015fkanl\u0131\u011f\u0131\u2019na<\/p>\n<p style=\"text-align: justify;\">Son yap\u0131lan d\u00fczenleme ile milletvekili emekli ayl\u0131klar\u0131nda yap\u0131lan de\u011fi\u015fiklikte, hem teklif metninde hem de oylamada imzalar\u0131 olan CHP vekilleri ile ayn\u0131 konumda olmamak i\u00e7in parti \u00fcyeli\u011finizden istifa ediyorum.<\/p>\n<p style=\"text-align: justify;\">Ali Tezel<\/p>\n<p style=\"text-align: justify;\">-Yarg\u0131tay Cumhuriyet Ba\u015fsavc\u0131l\u0131\u011f\u0131na<\/p>\n<p style=\"text-align: justify;\">-CHP Genel Ba\u015fkanl\u0131\u011f\u0131\u2019na<\/p>\n<p style=\"text-align: justify;\"><a href=\"http:\/\/muhalifgazete.com\/28300-Hangi-gazeteci-CHP-den-istifa-etti.htm\" target=\"_blank\">Kaynak : Muhalif Gazete<\/a><\/p>\n","protected":false},"excerpt":{"rendered":"<p style=\"text-align: center;\">\n<p style=\"text-align: justify;\">Habert\u00fcrk Gazetesi\u2019nde haftada be\u015f g\u00fcn tam sayfa \u00c7al\u0131\u015fma Hayat\u0131 ile ilgili yazan, ayr\u0131ca BLOOMBERG HT Televizyonunda her Per\u015fembe AL\u0130 TEZEL\u2019E SORALIM program\u0131n\u0131 sunan gazeteci yazar Ali Tezel bug\u00fcn yapt\u0131\u011f\u0131 bir yaz\u0131 a\u00e7\u0131klamayla CHP \u00fcyeli\u011finden istifa etti\u011fini duyurdu. <\/p>\n","protected":false},"author":1,"featured_media":0,"comment_status":"open","ping_status":"open","sticky":false,"template":"","format":"standard","meta":{"footnotes":""},"categories":[105],"tags":[],"class_list":["post-45219","post","type-post","status-publish","format-standard","hentry","category-gundem","odd"],"_links":{"self":[{"href":"http:\/\/www.korhanyilmaz.com\/index.php?rest_route=\/wp\/v2\/posts\/45219","targetHints":{"allow":["GET"]}}],"collection":[{"href":"http:\/\/www.korhanyilmaz.com\/index.php?rest_route=\/wp\/v2\/posts"}],"about":[{"href":"http:\/\/www.korhanyilmaz.com\/index.php?rest_route=\/wp\/v2\/types\/post"}],"author":[{"embeddable":true,"href":"http:\/\/www.korhanyilmaz.com\/index.php?rest_route=\/wp\/v2\/users\/1"}],"replies":[{"embeddable":true,"href":"http:\/\/www.korhanyilmaz.com\/index.php?rest_route=%2Fwp%2Fv2%2Fcomments&post=45219"}],"version-history":[{"count":0,"href":"http:\/\/www.korhanyilmaz.com\/index.php?rest_route=\/wp\/v2\/posts\/45219\/revisions"}],"wp:attachment":[{"href":"http:\/\/www.korhanyilmaz.com\/index.php?rest_route=%2Fwp%2Fv2%2Fmedia&parent=45219"}],"wp:term":[{"taxonomy":"category","embeddable":true,"href":"http:\/\/www.korhanyilmaz.com\/index.php?rest_route=%2Fwp%2Fv2%2Fcategories&post=45219"},{"taxonomy":"post_tag","embeddable":true,"href":"http:\/\/www.korhanyilmaz.com\/index.php?rest_route=%2Fwp%2Fv2%2Ftags&post=45219"}],"curies":[{"name":"wp","href":"https:\/\/api.w.org\/{rel}","templated":true}]}}