{"id":45215,"date":"2011-12-24T22:23:54","date_gmt":"2011-12-24T20:23:54","guid":{"rendered":"http:\/\/www.korhanyilmaz.com\/?p=45215"},"modified":"2011-12-25T10:26:29","modified_gmt":"2011-12-25T08:26:29","slug":"chpde-toplu-istifa-2","status":"publish","type":"post","link":"http:\/\/www.korhanyilmaz.com\/?p=45215","title":{"rendered":"CHP&#8217;de toplu istifa"},"content":{"rendered":"<p style=\"text-align: center;\"><a href=\"http:\/\/www.korhanyilmaz.com\/wp-content\/uploads\/2011\/12\/8751.jpg\"  class=\"lightview\"><img loading=\"lazy\" decoding=\"async\" class=\"aligncenter  wp-image-45216\" src=\"http:\/\/www.korhanyilmaz.com\/wp-content\/uploads\/2011\/12\/8751.jpg\" alt=\"\" width=\"290\" height=\"217\" \/><\/a><\/p>\n<p style=\"text-align: justify;\">CHP Malatya \u0130l Ba\u015fkan\u0131 H\u00fcseyin Ba\u015ft\u00fcrk, il y\u00f6netim kurulundaki 10 ki\u015finin istifa etti\u011fini bildirdi.<\/p>\n<p style=\"text-align: justify;\">Malatya- CHP Malatya \u0130l Ba\u015fkan\u0131 H\u00fcseyin Ba\u015ft\u00fcrk, yapt\u0131\u011f\u0131 a\u00e7\u0131klamada, 15 ki\u015filik il y\u00f6netim kurulundan 10 ki\u015finin istifa etti\u011fini belirtti.<!--more--><\/p>\n<p style=\"text-align: justify;\">Ba\u015ft\u00fcrk, y\u00f6netim kurulundaki Cumali G\u00fcndo\u011fan, Ali R\u0131za Meng\u00fc\u00e7o\u011flu, Ali Cenap Fidan, G\u00fclseren Korkmaz, G\u00fclnur Tabel, \u0130smail Balaman, Hakk\u0131 Koyun, Basri Sar\u0131, Mustafa Meng\u00fc\u00e7 ve Ender Kiraz&#8217;\u0131n istifa dilek\u00e7elerini verdiklerini dile getirerek, istifalar\u0131n ard\u0131ndan y\u00f6netim kurulunun d\u00fc\u015ft\u00fc\u011f\u00fcn\u00fc kaydetti.<\/p>\n<p style=\"text-align: justify;\"><a href=\"http:\/\/www.cumhuriyet.com.tr\/?kn=6&amp;hn=302912\" target=\"_blank\">Kaynak : Cumhuriyet Haber Portal\u0131<\/a><\/p>\n","protected":false},"excerpt":{"rendered":"<p style=\"text-align: center;\">\n<p style=\"text-align: justify;\">CHP Malatya \u0130l Ba\u015fkan\u0131 H\u00fcseyin Ba\u015ft\u00fcrk, il y\u00f6netim kurulundaki 10 ki\u015finin istifa etti\u011fini bildirdi.<\/p>\n<p style=\"text-align: justify;\">Malatya- CHP Malatya \u0130l Ba\u015fkan\u0131 H\u00fcseyin Ba\u015ft\u00fcrk, yapt\u0131\u011f\u0131 a\u00e7\u0131klamada, 15 ki\u015filik il y\u00f6netim kurulundan 10 ki\u015finin istifa etti\u011fini belirtti.<\/p>\n","protected":false},"author":1,"featured_media":0,"comment_status":"open","ping_status":"open","sticky":false,"template":"","format":"standard","meta":{"footnotes":""},"categories":[105],"tags":[],"class_list":["post-45215","post","type-post","status-publish","format-standard","hentry","category-gundem","odd"],"_links":{"self":[{"href":"http:\/\/www.korhanyilmaz.com\/index.php?rest_route=\/wp\/v2\/posts\/45215","targetHints":{"allow":["GET"]}}],"collection":[{"href":"http:\/\/www.korhanyilmaz.com\/index.php?rest_route=\/wp\/v2\/posts"}],"about":[{"href":"http:\/\/www.korhanyilmaz.com\/index.php?rest_route=\/wp\/v2\/types\/post"}],"author":[{"embeddable":true,"href":"http:\/\/www.korhanyilmaz.com\/index.php?rest_route=\/wp\/v2\/users\/1"}],"replies":[{"embeddable":true,"href":"http:\/\/www.korhanyilmaz.com\/index.php?rest_route=%2Fwp%2Fv2%2Fcomments&post=45215"}],"version-history":[{"count":0,"href":"http:\/\/www.korhanyilmaz.com\/index.php?rest_route=\/wp\/v2\/posts\/45215\/revisions"}],"wp:attachment":[{"href":"http:\/\/www.korhanyilmaz.com\/index.php?rest_route=%2Fwp%2Fv2%2Fmedia&parent=45215"}],"wp:term":[{"taxonomy":"category","embeddable":true,"href":"http:\/\/www.korhanyilmaz.com\/index.php?rest_route=%2Fwp%2Fv2%2Fcategories&post=45215"},{"taxonomy":"post_tag","embeddable":true,"href":"http:\/\/www.korhanyilmaz.com\/index.php?rest_route=%2Fwp%2Fv2%2Ftags&post=45215"}],"curies":[{"name":"wp","href":"https:\/\/api.w.org\/{rel}","templated":true}]}}