{"id":45212,"date":"2011-12-24T22:18:33","date_gmt":"2011-12-24T20:18:33","guid":{"rendered":"http:\/\/www.korhanyilmaz.com\/?p=45212"},"modified":"2011-12-25T10:22:51","modified_gmt":"2011-12-25T08:22:51","slug":"chp-iki-vekili-disipline-sevk-ediyor","status":"publish","type":"post","link":"http:\/\/www.korhanyilmaz.com\/?p=45212","title":{"rendered":"CHP, iki vekili disipline sevk ediyor"},"content":{"rendered":"<p style=\"text-align: center;\"><a href=\"http:\/\/www.korhanyilmaz.com\/wp-content\/uploads\/2011\/12\/8750.jpg\"  class=\"lightview\"><img loading=\"lazy\" decoding=\"async\" class=\"aligncenter  wp-image-45213\" src=\"http:\/\/www.korhanyilmaz.com\/wp-content\/uploads\/2011\/12\/8750.jpg\" alt=\"\" width=\"322\" height=\"241\" \/><\/a><\/p>\n<p style=\"text-align: justify;\">CHP, milletvekili ayl\u0131klar\u0131nda y\u00fcksek art\u0131\u015fa yol a\u00e7an \u00f6nergeye imza atan Afyonkarahisar Milletvekili Ahmet Topta\u015f ile Bolu Milletvekili Tanju \u00d6zcan&#8217;\u0131 Grup Disiplin Kurulu&#8217;na sevk edecek.<!--more--><\/p>\n<p style=\"text-align: justify;\">Ankara &#8211; CHP Grup Ba\u015fkanl\u0131\u011f\u0131&#8217;ndan yap\u0131lan 5 maddelik yaz\u0131l\u0131 a\u00e7\u0131klamada, &#8220;Emekli Sand\u0131\u011f\u0131 Kanunu ile Baz\u0131 Kanunlarda De\u011fi\u015fiklik Yap\u0131lmas\u0131na Dair Kanun Tasar\u0131s\u0131&#8221;n\u0131n TBMM Genel Kurulu&#8217;nda, 22 Aral\u0131k 2011 tarihinde kabul edildi\u011fi hat\u0131rlat\u0131larak, \u015f\u00f6yle denildi:<\/p>\n<p style=\"text-align: justify;\">&#8220;CHP Grubu, emekli milletvekilleri ile eski ve yeni TBMM Ba\u015fkanlar\u0131 aras\u0131ndaki e\u015fitsizliklerin giderilmesini uygun g\u00f6r\u00fcrken, ayl\u0131klarda yap\u0131lacak ola\u011fand\u0131\u015f\u0131 art\u0131\u015fa kesinlikle kar\u015f\u0131 \u00e7\u0131km\u0131\u015ft\u0131r. Nitekim, ayl\u0131klardaki fahi\u015f art\u0131\u015fa yol a\u00e7an gece yar\u0131s\u0131 \u00f6nergesi g\u00f6r\u00fc\u015f\u00fclmeden \u00f6nce, (ek madde oldu\u011fu i\u00e7in) TBMM Genel Kurulunda Plan ve B\u00fct\u00e7e Komisyonu \u00e7o\u011funlu\u011fu aranm\u0131\u015f, CHP bu \u00f6nergeye kar\u015f\u0131 \u00e7\u0131kt\u0131\u011f\u0131 i\u00e7in \u00fcye vermemi\u015ftir. \u00c7\u00fcnk\u00fc gece yar\u0131s\u0131 operasyonlar\u0131yla ayl\u0131klardaki ola\u011fand\u0131\u015f\u0131 art\u0131\u015f\u0131 etik bulmam\u0131\u015ft\u0131r. Daha sonra ayl\u0131klarda y\u00fcksek art\u0131\u015fa yol a\u00e7an \u00f6nerge TBMM Genel Kurulunda g\u00f6r\u00fc\u015f\u00fcl\u00fcrken, CHP Grubu; hem bu \u00f6nergeye hem de tasar\u0131n\u0131n t\u00fcm\u00fcne ret oyu kullanm\u0131\u015ft\u0131r. \u00d6zetle, kamuoyunun hakl\u0131 tepkisine neden olan bu d\u00fczenleme CHP&#8217;nin muhalefetine ra\u011fmen yap\u0131lm\u0131\u015ft\u0131r. \u00d6nergede imzas\u0131 bulunan iki milletvekilimizin imzalar\u0131, ki\u015fisel sorumluluklar\u0131 kapsam\u0131nda de\u011ferlendirilecek ve grup disiplin kurallar\u0131 i\u015fletilecektir.&#8221;<\/p>\n<p style=\"text-align: justify;\"><strong>G\u00fcrsel Tekin: Hi\u00e7bir katk\u0131m\u0131z yok\u00a0<\/strong><\/p>\n<p style=\"text-align: justify;\">CHP Genel Ba\u015fkan Yard\u0131mc\u0131s\u0131 G\u00fcrsel Tekin, \u00c7ankaya \u0130l\u00e7e \u00f6rg\u00fct\u00fc taraf\u0131ndan d\u00fczenlenen a\u015fure etkinli\u011fine kat\u0131ld\u0131. A\u015fure&#8217;nin \u00f6nemine de\u011finen Tekin, &#8221;A\u015fure sadece y\u00fczy\u0131llar \u00f6nceki ac\u0131y\u0131 hat\u0131rlatmak de\u011fildir. Ayn\u0131 zamanda ya\u015fad\u0131\u011f\u0131m\u0131z d\u00f6nemde bar\u0131\u015f\u0131n, sevginin sembol\u00fcd\u00fcr&#8221; dedi.<\/p>\n<p style=\"text-align: justify;\"><strong>&#8221;O arkada\u015flar\u0131m\u0131z ciddi hata yapm\u0131\u015ft\u0131r, ki\u015fisel olarak k\u0131n\u0131yorum&#8230;&#8221;\u00a0<\/strong><\/p>\n<p style=\"text-align: justify;\">Medyaya da ele\u015ftirilerde bulunan Tekin, baz\u0131 gazetelerde, milletvekillerinin emeklili\u011fine ili\u015fkin d\u00fczenlemeyi sanki CHP \u00e7\u0131karm\u0131\u015f gibi haberler yap\u0131ld\u0131\u011f\u0131n\u0131 s\u00f6yledi.<\/p>\n<p style=\"text-align: justify;\">Tekin, \u015f\u00f6yle devam etti:<\/p>\n<p style=\"text-align: justify;\">&#8221;\u0130ki tane arkada\u015f\u0131m\u0131z\u0131n hatas\u0131ndan dolay\u0131, b\u00fct\u00fcn gazetelere bak\u0131yorsunuz iki tane CHP&#8217;li milletvekili var, nerede bu yasay\u0131 getiren kim karde\u015fim? Bu yasan\u0131n \u00f6nc\u00fcleri kim? Niye onlar gazetelerde yok? Evet o arkada\u015flar\u0131m\u0131z ciddi hata yapm\u0131\u015ft\u0131r, ki\u015fisel olarak k\u0131n\u0131yorum. CHP olarak bunun gere\u011fi yap\u0131lacakt\u0131r. Ama elinizi vicdan\u0131n\u0131za koyun, gazetelerinizin sayfalar\u0131na al\u0131rken, bu teklifi kim getirdi, bu teklif gruba gelirken CHP reddetmedi mi? Say\u0131n Meclis Ba\u015fkan\u0131 siz \u00e7ok iyi biliyorsunuz, grupba\u015fkanvekili arkada\u015flar\u0131m\u0131z size bu yasayla ilgili d\u00fc\u015f\u00fcncelerini s\u00f6ylemediler mi? Ama gazete sayfalar\u0131na bakt\u0131\u011f\u0131n\u0131zda sanki bir iktidar partisi AKP yokmu\u015f, sadece T\u00fcrkiye&#8217;yi CHP y\u00f6netiyormu\u015f ve iki tane arkada\u015f\u0131m\u0131z bu yasay\u0131 \u00e7\u0131karm\u0131\u015flar. Elinizi vicdan\u0131n\u0131za koyun, m\u00fccadelemiz sadece bu iktidarla de\u011fil. Devletin b\u00fct\u00fcn kurumlar\u0131yla. D\u00fcn ge\u00e7en yasada CHP&#8217;nin en ufak bir katk\u0131s\u0131 yok. Sadece ve sadece iki arkada\u015f\u0131m\u0131z\u0131n yanl\u0131\u015flar\u0131 dolay\u0131s\u0131yla bunlar bug\u00fcn haber olmu\u015f. E\u011fer iktidar partisi bir yasa getiremiyorsa, muhalefet partisinin getirmi\u015f olmas\u0131n\u0131n bir anlam\u0131 yok. Orada ge\u00e7mesi de m\u00fcmk\u00fcn de\u011fil. Ke\u015fke \u00f6yle kolay olsa yar\u0131n hemen \u00f6zellikle tutuklu milletvekillerimizle, binlerce tutuklu ayd\u0131nla ilgili yasa teklifi veririz. Burada yanl\u0131\u015f yapan arkada\u015flar\u0131m\u0131z gerekli cezay\u0131 g\u00f6receklerdir. &#8221;<\/p>\n<p style=\"text-align: justify;\">D\u00fcn \u0130zmir&#8217;de olduklar\u0131n\u0131 an\u0131msatan Tekin, b\u00fct\u00fcn CHP&#8217;li belediyelerde m\u00fcfetti\u015flerin oldu\u011funu ileri s\u00fcrd\u00fc.<\/p>\n<p style=\"text-align: justify;\">Tekin, &#8221;E\u011fer y\u00fcre\u011finiz varsa, \u015feffaf, temiz belediyecilik istiyorsan\u0131z gelin parlamentoda bir komisyon olu\u015ftural\u0131m. \u00d6ncelikli olarak CHP&#8217;li belediyeleri inceleyelim, sonra da d\u00f6nelim AKP belediyelerini inceleyelim. Var m\u0131s\u0131n\u0131z buna? Yok. Niye? \u00c7\u00fcnk\u00fc b\u00fct\u00fcn kentleri adeta rant merkezine d\u00f6nd\u00fcrd\u00fcn\u00fcz&#8221; dedi.<\/p>\n<p style=\"text-align: justify;\"><a href=\"http:\/\/www.cumhuriyet.com.tr\/?kn=6&amp;hn=302880\" target=\"_blank\">Kaynak : Cumhuriyet Haber Portal\u0131<\/a><\/p>\n","protected":false},"excerpt":{"rendered":"<p style=\"text-align: center;\">\n<p style=\"text-align: justify;\">CHP, milletvekili ayl\u0131klar\u0131nda y\u00fcksek art\u0131\u015fa yol a\u00e7an \u00f6nergeye imza atan Afyonkarahisar Milletvekili Ahmet Topta\u015f ile Bolu Milletvekili Tanju \u00d6zcan&#8217;\u0131 Grup Disiplin Kurulu&#8217;na sevk edecek.<\/p>\n","protected":false},"author":1,"featured_media":0,"comment_status":"open","ping_status":"open","sticky":false,"template":"","format":"standard","meta":{"footnotes":""},"categories":[105],"tags":[],"class_list":["post-45212","post","type-post","status-publish","format-standard","hentry","category-gundem","odd"],"_links":{"self":[{"href":"http:\/\/www.korhanyilmaz.com\/index.php?rest_route=\/wp\/v2\/posts\/45212","targetHints":{"allow":["GET"]}}],"collection":[{"href":"http:\/\/www.korhanyilmaz.com\/index.php?rest_route=\/wp\/v2\/posts"}],"about":[{"href":"http:\/\/www.korhanyilmaz.com\/index.php?rest_route=\/wp\/v2\/types\/post"}],"author":[{"embeddable":true,"href":"http:\/\/www.korhanyilmaz.com\/index.php?rest_route=\/wp\/v2\/users\/1"}],"replies":[{"embeddable":true,"href":"http:\/\/www.korhanyilmaz.com\/index.php?rest_route=%2Fwp%2Fv2%2Fcomments&post=45212"}],"version-history":[{"count":0,"href":"http:\/\/www.korhanyilmaz.com\/index.php?rest_route=\/wp\/v2\/posts\/45212\/revisions"}],"wp:attachment":[{"href":"http:\/\/www.korhanyilmaz.com\/index.php?rest_route=%2Fwp%2Fv2%2Fmedia&parent=45212"}],"wp:term":[{"taxonomy":"category","embeddable":true,"href":"http:\/\/www.korhanyilmaz.com\/index.php?rest_route=%2Fwp%2Fv2%2Fcategories&post=45212"},{"taxonomy":"post_tag","embeddable":true,"href":"http:\/\/www.korhanyilmaz.com\/index.php?rest_route=%2Fwp%2Fv2%2Ftags&post=45212"}],"curies":[{"name":"wp","href":"https:\/\/api.w.org\/{rel}","templated":true}]}}