{"id":45206,"date":"2011-12-25T00:29:10","date_gmt":"2011-12-24T22:29:10","guid":{"rendered":"http:\/\/www.korhanyilmaz.com\/?p=45206"},"modified":"2011-12-25T02:35:18","modified_gmt":"2011-12-25T00:35:18","slug":"sarkozy-merkozy-zamkozy","status":"publish","type":"post","link":"http:\/\/www.korhanyilmaz.com\/?p=45206","title":{"rendered":"Sarkozy Merkozy Zamkozy"},"content":{"rendered":"<p style=\"text-align: justify;\"><a href=\"http:\/\/www.korhanyilmaz.com\/wp-content\/uploads\/2011\/12\/8749.jpg\"  class=\"lightview\"><img loading=\"lazy\" decoding=\"async\" class=\"aligncenter size-full wp-image-45207\" title=\"\" src=\"http:\/\/www.korhanyilmaz.com\/wp-content\/uploads\/2011\/12\/8749.jpg\" alt=\"\" width=\"313\" height=\"188\" \/><\/a><\/p>\n<p style=\"text-align: justify;\">Emekli milletvekillerinin maa\u015flar\u0131na yap\u0131lan zam, Cumhurba\u015fkan\u0131 Abdullah G\u00fcl\u2019\u00fcn Facebook sayfas\u0131nda \u015fik\u00e2yet ya\u011fmuruna neden oldu.<\/p>\n<p style=\"text-align: justify;\">G\u00fcl\u2019\u00fcn de herhangi bir sans\u00fcre u\u011fratmadan Facebook sayfas\u0131nda aynen yer verdi\u011fi vatanda\u015f tepkileri \u015f\u00f6yle:<\/p>\n<p style=\"text-align: justify;\">B\u00fclent Dirikan Sarkozy, Merkozy derken gece yar\u0131s\u0131 vekillere y\u00fczde 100 emeklilik \u2018Zamkozy\u2019i ge\u00e7irdiler. Ulan biz burada 3 kuru\u015fa 5 d\u00fc\u011f\u00fcm at\u0131yoruz. Hi\u00e7 bir \u015feyde anla\u015famayan milletvekilleri kendilerine para s\u00f6zkonusu olunca hepsi bal\u0131klama atl\u0131yor \u015fip\u015fak. Helal etmiyorum arkada\u015f. Say\u0131n Cumhurba\u015fkan\u0131m, in\u015fallah vekillerin y\u00fczde 100 zamm\u0131n\u0131 onaylamayacaks\u0131n\u0131z, emekliye 3 kuru\u015f vermezlerken yap\u0131lana bak\u0131n, o zamlarda t\u00fcy\u00fc bitmemi\u015f yetimlerin hakk\u0131 oldu\u011funu bizden iyi bilirsiniz, l\u00fctfen size yak\u0131\u015fan\u0131 yap\u0131n.<!--more--><\/p>\n<p style=\"text-align: justify;\"><strong>Ay\u0131p, biraz utan\u0131n\u00a0<\/strong><\/p>\n<p style=\"text-align: justify;\">Mustafa Ergin Milletvekilleri emekli maa\u015f\u0131n\u0131 hak etseler bir\u015fey demem de 2 sene milletvekilli\u011fi yap emekli ol, ne g\u00fczel, i\u015fte adalet, ben 55 ya\u015f\u0131nda olucam, tabii Allah \u00f6m\u00fcr verirse. Bir intibak yasas\u0131n\u0131 2 senedir \u00e7\u0131karamayanlar kendi menfaatleri olunca 2 dakikada kanun \u00e7\u0131kar\u0131yorlar. Cari a\u00e7\u0131k 4 milyar dolarm\u0131\u015f, olur tabii, \u00e7o\u011fu da milletvekillerine harcanan parad\u0131r. Her \u015feyleri bedava. Millete gelince y\u00fczde 3 zamm\u0131 \u00e7ok g\u00f6r\u00fcrler. Bu d\u00fcnyan\u0131n \u00f6b\u00fcr taraf\u0131 da var, hi\u00e7birine hakk\u0131m\u0131 helal etmem, 800 TL\u2019ye bir emekliye ge\u00e7inmeyi \u00e7ok g\u00f6renlere s\u00f6yl\u00fcyorum, siz de ayn\u0131 paray\u0131 neden alm\u0131yorsunuz, ay\u0131p, biraz utan\u0131n, tabii utanacak y\u00fcz\u00fcn\u00fcz varsa.<\/p>\n<p style=\"text-align: justify;\">Feramuz B\u00fcy\u00fckhan Halk\u0131m\u0131za \u00e7ok cimri davranan say\u0131n parlamentomuzun iktidar ve muhalefet milletvekilleri tam bir mutabakat i\u00e7erisindeler. 8 bin, 10 bin, 15 bin, 20 bin, 30 bin kendileri al\u0131rken halk\u0131m\u0131za 1000 lira asgari \u00fccreti ve i\u015fsizlik paras\u0131n\u0131 \u00e7ok g\u00f6ren milletvekillerini \u015fiddetle k\u0131n\u0131yorum.<\/p>\n<p style=\"text-align: justify;\">Ali G\u00fcm\u00fc\u015f Say\u0131n Cumhurba\u015fkan\u0131m \u00e7ok rencide olduk, biz a\u00e7 sefil s\u00fcr\u00fcn\u00fcrken onlar bir geceyar\u0131s\u0131 i\u015flerini halletti, milletin paras\u0131n\u0131 payla\u015ft\u0131lar, ben hakk\u0131m\u0131 helal etmiyorum, Denizli\u2019den bir fakir.<\/p>\n<p style=\"text-align: justify;\">Feyyaz Kaya Vekil emeklisi sizin vatanda\u015f\u0131n\u0131z da \u00f6b\u00fcr emekliler sizin vatanda\u015f\u0131n\u0131z de\u011fil mi, emekliler a\u00e7l\u0131k ve sefalet i\u00e7inde ya\u015f\u0131yorlar.<\/p>\n<p style=\"text-align: justify;\"><strong>Hakk\u0131m z\u0131kk\u0131m olsun\u00a0<\/strong><\/p>\n<p style=\"text-align: justify;\">K\u0131rkd\u00f6rtbin \u00d6\u011fretmen Atamas\u0131 1 milyon \u00fcniversite mezunu i\u015fsiz, 350 bin atamas\u0131 yap\u0131lmayan \u00f6\u011fretmen varken vekillere % 100 zam yapan iktidar\u0131 ve muhalefeti k\u0131n\u0131yorum, hakk\u0131m zehir z\u0131kk\u0131m olsun.<\/p>\n<p style=\"text-align: justify;\">Mehmet K\u00fc\u00e7\u00fckosman Allah kat\u0131nda t\u00fcm insanlar e\u015fittir, \u00fcst\u00fcnl\u00fck takva iledir, adalet m\u00fclk\u00fcn temelidir, Allah korkusu varsa bu yasa ya herkese e\u015fit olmal\u0131 ya da kabul edilemez. Helal haram demeden maa\u015f yenmez.<\/p>\n<p style=\"text-align: justify;\"><strong>Sonumuz k\u00f6t\u00fc ba\u015fkan\u0131m\u00a0<\/strong><\/p>\n<p style=\"text-align: justify;\">K\u00fcr\u015fat Kartalc\u0131 Cumhurba\u015fkan\u0131m asgari \u00fccretlilerin hali ne olacak, bu gidi\u015fle sonumuz k\u00f6t\u00fc ba\u015fkan\u0131m.<\/p>\n<p style=\"text-align: justify;\">Dursan Uysal Say\u0131n Cumhurba\u015fkan\u0131, 650 TL, bir ay ge\u00e7inmeye var m\u0131s\u0131n yok musun?<\/p>\n<p style=\"text-align: justify;\">Yavuz Keskinbalta \u00c7\u00f6z\u00fcm bulacak kadro verecek olan h\u00fck\u00fcmettir. Ama h\u00fck\u00fcmetimiz me\u015fgul, Maliye Bakan\u0131m\u0131z bakan yard\u0131mc\u0131lar\u0131n\u0131n Audi A4 arabalar\u0131n\u0131 A8 yapma, maa\u015flar\u0131n\u0131 9 bin 500 TL, milletvekili dan\u0131\u015fman\u0131n\u0131n maa\u015f\u0131na y\u00fczde 170 zam yap\u0131p 5 bin 400 TL yapma derdinde, ama konu 4C olunca kulaklar\u0131n\u0131 kapat\u0131yor veya kafas\u0131n\u0131 kuma sokuyor. Konu asgari \u00fccrete zam olunca y\u00fczde 3\u2019den fazla verirsek Yunanistan oluruz korkusunu pompal\u0131yor.<\/p>\n<p style=\"text-align: justify;\"><strong>Yasay\u0131 titizlikle inceleyecek\u00a0<\/strong><\/p>\n<p style=\"text-align: justify;\">TBMM\u2019den ge\u00e7irilen milletvekili emekli maa\u015flar\u0131ndaki rekor art\u0131\u015fa ili\u015fkin d\u00fczenleme haftasonu tatili nedeniyle \u00c7ankaya K\u00f6\u015fk\u00fc\u2019ne g\u00f6nderilemedi. TBMM Ba\u015fkanl\u0131\u011f\u0131, Cuma g\u00fcn\u00fc gece yar\u0131s\u0131 kabul edilen yasay\u0131 onay i\u00e7in K\u00f6\u015fk\u2019e yar\u0131n g\u00f6nderecek. \u015eike cezas\u0131n\u0131 indiren yasay\u0131 kamuoyundaki tepkileri de dikkate alarak veto eden G\u00fcl\u2019\u00fcn, milletvekili emekli maa\u015flar\u0131na ili\u015fkin d\u00fczenleme konusunda tak\u0131naca\u011f\u0131 tav\u0131r merak konusu oldu. G\u00fcl\u2019\u00fcn yasay\u0131, ba\u015flar\u0131nda Genel Sekreter Yard\u0131mc\u0131s\u0131 M. Emin Kuz ve Kanunlar Kararlar ve Hukuk \u0130\u015fleri Ba\u015fkan\u0131 Hamdi G\u00fcle\u00e7\u2019in bulundu\u011fu K\u00f6\u015fk\u2019teki hukuk\u00e7u kurmaylar\u0131na sadece mevzuat de\u011fil, team\u00fcller a\u00e7\u0131s\u0131ndan da titiz bir bi\u00e7imde inceletece\u011fi belirtildi. Kulislerde ise G\u00fcl\u2019\u00fcn, milletvekili emekli maa\u015flar\u0131n\u0131 kendi ayl\u0131k \u00f6dene\u011fine endeksleyen 5\u2019inci maddeye dokunmay\u0131p, tam geceyar\u0131s\u0131 verilen bir \u00f6nergeyle yasaya eklenen ve rekor maa\u015f art\u0131\u015f\u0131na olanak sa\u011flad\u0131\u011f\u0131 i\u00e7in kamuoyunu aya\u011fa kald\u0131ran 14\u2019\u00fcnc\u00fc maddeyi bir kez daha g\u00f6r\u00fc\u015f\u00fclmek \u00fczere Meclis\u2019e iade edebilece\u011fi \u00f6ne s\u00fcr\u00fcl\u00fcyor.<\/p>\n<p style=\"text-align: justify;\"><strong>Tepkilere bakacak\u00a0<\/strong><\/p>\n<p style=\"text-align: justify;\">G\u00fcl\u2019e yak\u0131n isimler, \u201cCumhurba\u015fkan\u0131\u2019n\u0131n \u00f6n\u00fcne gelen konularda mevzuat ve team\u00fcl\u00fcn yan\u0131nda kamuoyunu da dikkate ald\u0131\u011f\u0131n\u0131, kamuoyundaki g\u00f6r\u00fc\u015f, \u00f6neri ve tepkilere duyars\u0131z kalmad\u0131\u011f\u0131n\u0131 \u00f6nceki baz\u0131 uygulamalardan da biliyoruz. Bunda da yine kamuo-yunu dikkate alarak karar\u0131n\u0131 verece\u011fini d\u00fc\u015f\u00fcn\u00fcyoruz. Mevzuata, team\u00fcle, kamu vicdan\u0131na s\u0131\u011fmayan bir y\u00f6n g\u00f6rd\u00fc\u011f\u00fc takdirde alt\u0131na imza koymaz\u201d dediler.<\/p>\n<p style=\"text-align: justify;\"><strong>2.395 emekli vekile zam\u00a0<\/strong><\/p>\n<p style=\"text-align: justify;\">YASA onaylan\u0131p d\u00fczenleme y\u00fcr\u00fcrl\u00fc\u011fe girerse, aralar\u0131nda halen TBMM\u2019de g\u00f6rev yapanlar\u0131n da bulundu\u011fu toplam 2 bin 395 emekli milletvekilinin maa\u015f\u0131 zamlanacak. Bu milletvekilleri y\u0131lba\u015f\u0131ndan sonraki ilk emekli maa\u015flar\u0131n\u0131 zaml\u0131 alacaklar. D\u00fczenlemeyle SSK ve Ba\u011f-Kur k\u00f6kenli olan ve emeklili\u011finde d\u00fc\u015f\u00fck maa\u015f alma ihtimali olan 170 milletvekilinin de y\u00fcksek emekli maa\u015f almas\u0131 garantileniyor. Bu milletvekilleri de ileride, prim g\u00fcn say\u0131s\u0131 ve ya\u015f ko\u015fullar\u0131n\u0131 yerine getirerek emeklili\u011fe hak kazand\u0131klar\u0131nda y\u00fcksek emekli maa\u015flar\u0131na kavu\u015facaklar. Emeklilik hakk\u0131 elde edememi\u015f olan 120 eski milletvekiline de prim deste\u011fi geliyor. Bu 120 ki\u015finin ileride milletvekili emeklili\u011fi hakk\u0131 elde edebilmeleri i\u00e7in \u00f6demeleri gereken en \u00fcst basamaktan primlerinin tamam\u0131 4 y\u0131l s\u00fcreyle TBMM b\u00fct\u00e7esinden kar\u015f\u0131lanacak. \u0130yile\u015ftirmeden, bu milletvekillerinin bakmakla y\u00fck\u00fcml\u00fc oldu\u011fu 15 bin civar\u0131ndaki ki\u015fi de yararlanacak.<\/p>\n<p style=\"text-align: justify;\"><a href=\"http:\/\/www.hurriyet.com.tr\/gundem\/19538457.asp\" target=\"_blank\">Kaynak : Turan Y\u0131lmaz &#8211; Ankara \/ H\u00fcrriyet.com.tr<\/a><\/p>\n","protected":false},"excerpt":{"rendered":"<p style=\"text-align: justify;\">\n<p style=\"text-align: justify;\">Emekli milletvekillerinin maa\u015flar\u0131na yap\u0131lan zam, Cumhurba\u015fkan\u0131 Abdullah G\u00fcl\u2019\u00fcn Facebook sayfas\u0131nda \u015fik\u00e2yet ya\u011fmuruna neden oldu.<\/p>\n<p style=\"text-align: justify;\">G\u00fcl\u2019\u00fcn de herhangi bir sans\u00fcre u\u011fratmadan Facebook sayfas\u0131nda aynen yer verdi\u011fi vatanda\u015f tepkileri \u015f\u00f6yle:<\/p>\n<p style=\"text-align: justify;\">B\u00fclent Dirikan Sarkozy, Merkozy derken gece yar\u0131s\u0131 vekillere y\u00fczde 100 emeklilik \u2018Zamkozy\u2019i ge\u00e7irdiler. Ulan biz burada 3 kuru\u015fa <\/p>\n","protected":false},"author":1,"featured_media":0,"comment_status":"open","ping_status":"open","sticky":false,"template":"","format":"standard","meta":{"footnotes":""},"categories":[105],"tags":[],"class_list":["post-45206","post","type-post","status-publish","format-standard","hentry","category-gundem","odd"],"_links":{"self":[{"href":"http:\/\/www.korhanyilmaz.com\/index.php?rest_route=\/wp\/v2\/posts\/45206","targetHints":{"allow":["GET"]}}],"collection":[{"href":"http:\/\/www.korhanyilmaz.com\/index.php?rest_route=\/wp\/v2\/posts"}],"about":[{"href":"http:\/\/www.korhanyilmaz.com\/index.php?rest_route=\/wp\/v2\/types\/post"}],"author":[{"embeddable":true,"href":"http:\/\/www.korhanyilmaz.com\/index.php?rest_route=\/wp\/v2\/users\/1"}],"replies":[{"embeddable":true,"href":"http:\/\/www.korhanyilmaz.com\/index.php?rest_route=%2Fwp%2Fv2%2Fcomments&post=45206"}],"version-history":[{"count":0,"href":"http:\/\/www.korhanyilmaz.com\/index.php?rest_route=\/wp\/v2\/posts\/45206\/revisions"}],"wp:attachment":[{"href":"http:\/\/www.korhanyilmaz.com\/index.php?rest_route=%2Fwp%2Fv2%2Fmedia&parent=45206"}],"wp:term":[{"taxonomy":"category","embeddable":true,"href":"http:\/\/www.korhanyilmaz.com\/index.php?rest_route=%2Fwp%2Fv2%2Fcategories&post=45206"},{"taxonomy":"post_tag","embeddable":true,"href":"http:\/\/www.korhanyilmaz.com\/index.php?rest_route=%2Fwp%2Fv2%2Ftags&post=45206"}],"curies":[{"name":"wp","href":"https:\/\/api.w.org\/{rel}","templated":true}]}}