{"id":45194,"date":"2011-12-24T17:39:03","date_gmt":"2011-12-24T15:39:03","guid":{"rendered":"http:\/\/www.korhanyilmaz.com\/?p=45194"},"modified":"2011-12-24T21:04:38","modified_gmt":"2011-12-24T19:04:38","slug":"menderes-ankaradan-son-kez-ugurlandi","status":"publish","type":"post","link":"http:\/\/www.korhanyilmaz.com\/?p=45194","title":{"rendered":"Menderes Ankara&#8217;dan son kez u\u011furland\u0131"},"content":{"rendered":"<p style=\"text-align: center;\"><a href=\"http:\/\/www.korhanyilmaz.com\/wp-content\/uploads\/2011\/12\/8748.jpg\"  class=\"lightview\"><img loading=\"lazy\" decoding=\"async\" class=\"aligncenter  wp-image-45195\" src=\"http:\/\/www.korhanyilmaz.com\/wp-content\/uploads\/2011\/12\/8748.jpg\" alt=\"\" width=\"444\" height=\"212\" \/><\/a><\/p>\n<p style=\"text-align: justify;\">Ge\u00e7irdi\u011fi rahats\u0131zl\u0131k nedeniyle hayata veda eden Ayd\u0131n Menderes i\u00e7in Ankara&#8217;da cenaze namaz\u0131 k\u0131l\u0131nd\u0131. Eski Ba\u015fbakan Adnan Menderes&#8217;in o\u011flu Ayd\u0131n Menderes, son yolculu\u011funa ise \u0130stanbul&#8217;da u\u011furlanacak. Babas\u0131n\u0131n yan\u0131na defnedilecek.<!--more--><\/p>\n<p style=\"text-align: justify;\">Ayd\u0131n Menderes&#8217;in Ankara&#8217;daki cenaze namaz\u0131na siyaset ve i\u015f d\u00fcnyas\u0131n\u0131n \u00f6nde gelen isimleri kat\u0131ld\u0131. Meclis Ba\u015fkan\u0131 Cemil \u00c7i\u00e7ek, Ba\u015fbakan Yard\u0131mc\u0131s\u0131 B\u00fclent Ar\u0131n\u00e7 ve baz\u0131 bakanlar\u0131n yan\u0131 s\u0131ra, CHP lideri Kemal K\u0131l\u0131\u00e7daro\u011flu, eski Genel Ba\u015fkan Deniz Baykal ve baz\u0131 CHP y\u00f6neticileri de namazda \u00f6n s\u0131ralarda saf tuttu.<\/p>\n<p style=\"text-align: justify;\">Menderes&#8217;in vasiyeti \u00fczerine Meclis&#8217;te t\u00f6ren d\u00fczenlenmedi.<\/p>\n<p style=\"text-align: justify;\">65 ya\u015f\u0131ndaki Menderes ba\u011f\u0131\u015f\u0131kl\u0131k sitemindeki sorunlar nedeniyle d\u00fcn ak\u015fam saatlerinde vefat etti.<\/p>\n<p style=\"text-align: justify;\">\u00d6te yandan \u0130stanbul Topkap\u0131&#8217;daki An\u0131t Mezar da Ayd\u0131n Menderes i\u00e7in haz\u0131rlan\u0131yor. Menderes&#8217;in cenazesi, yar\u0131n Fatih Camisi&#8217;nde \u00f6\u011fle namaz\u0131ndan sonra k\u0131l\u0131nacak cenaze namaz\u0131n\u0131n ard\u0131ndan An\u0131t Mezar&#8217;da topra\u011fa verilecek. Menderes&#8217;in cenazesi, An\u0131t Mezar&#8217;\u0131n i\u00e7inde yer alan ve 1994 y\u0131l\u0131nda vefat ederek buraya g\u00f6m\u00fclen annesi Berin Menderes&#8217;in yan\u0131na defnedilecek.<\/p>\n<p style=\"text-align: justify;\">\u0130stanbul B\u00fcy\u00fck\u015fehir Belediyesi ekipleri, yar\u0131n yap\u0131lacak t\u00f6ren i\u00e7in An\u0131t Mezar&#8217;a \u00e7\u0131kan yoldaki kald\u0131r\u0131mlar\u0131n temizli\u011fi ve tamirini yapt\u0131. Ayr\u0131ca, Menderes&#8217;in defnedilece\u011fi yerin \u00e7evresindeki zararl\u0131 otlar temizlenerek, yar\u0131n kaz\u0131lacak olan mezar yeri haz\u0131rland\u0131.<\/p>\n<p><center><a class=\"lightview\" title=\" :::: width:550, height:413\" href=\"\/swf\/flvplayer.swf?file=cnnturk\/haber\/2011-12-24\/menderes.mp4&amp;streamer=rtmp:\/\/213.243.10.90\/vod\/&amp;skin=\/swf\/nacht.zip&amp;menu=false&amp;volume=45&amp;autostart=true&amp;volume=50&amp;controlbar=over&amp;stretching=exactfit\" rel=\"set[sifre02]\"><img decoding=\"async\" src=\"http:\/\/www.korhanyilmaz.com\/wp-data\/images\/videoizle1.png\" alt=\"\" \/><\/a><\/center><\/p>\n<p style=\"text-align: justify;\"><a href=\"http:\/\/www.cnnturk.com\/2011\/turkiye\/12\/24\/menderes.ankaradan.son.kez.ugurlandi\/641860.0\/index.html\" target=\"_blank\">Kaynak : CNN T\u00dcRK<\/a><\/p>\n","protected":false},"excerpt":{"rendered":"<p style=\"text-align: center;\">\n<p style=\"text-align: justify;\">Ge\u00e7irdi\u011fi rahats\u0131zl\u0131k nedeniyle hayata veda eden Ayd\u0131n Menderes i\u00e7in Ankara&#8217;da cenaze namaz\u0131 k\u0131l\u0131nd\u0131. Eski Ba\u015fbakan Adnan Menderes&#8217;in o\u011flu Ayd\u0131n Menderes, son yolculu\u011funa ise \u0130stanbul&#8217;da u\u011furlanacak. Babas\u0131n\u0131n yan\u0131na defnedilecek.<\/p>\n","protected":false},"author":1,"featured_media":0,"comment_status":"open","ping_status":"open","sticky":false,"template":"","format":"standard","meta":{"footnotes":""},"categories":[105],"tags":[],"class_list":["post-45194","post","type-post","status-publish","format-standard","hentry","category-gundem","odd"],"_links":{"self":[{"href":"http:\/\/www.korhanyilmaz.com\/index.php?rest_route=\/wp\/v2\/posts\/45194","targetHints":{"allow":["GET"]}}],"collection":[{"href":"http:\/\/www.korhanyilmaz.com\/index.php?rest_route=\/wp\/v2\/posts"}],"about":[{"href":"http:\/\/www.korhanyilmaz.com\/index.php?rest_route=\/wp\/v2\/types\/post"}],"author":[{"embeddable":true,"href":"http:\/\/www.korhanyilmaz.com\/index.php?rest_route=\/wp\/v2\/users\/1"}],"replies":[{"embeddable":true,"href":"http:\/\/www.korhanyilmaz.com\/index.php?rest_route=%2Fwp%2Fv2%2Fcomments&post=45194"}],"version-history":[{"count":0,"href":"http:\/\/www.korhanyilmaz.com\/index.php?rest_route=\/wp\/v2\/posts\/45194\/revisions"}],"wp:attachment":[{"href":"http:\/\/www.korhanyilmaz.com\/index.php?rest_route=%2Fwp%2Fv2%2Fmedia&parent=45194"}],"wp:term":[{"taxonomy":"category","embeddable":true,"href":"http:\/\/www.korhanyilmaz.com\/index.php?rest_route=%2Fwp%2Fv2%2Fcategories&post=45194"},{"taxonomy":"post_tag","embeddable":true,"href":"http:\/\/www.korhanyilmaz.com\/index.php?rest_route=%2Fwp%2Fv2%2Ftags&post=45194"}],"curies":[{"name":"wp","href":"https:\/\/api.w.org\/{rel}","templated":true}]}}