{"id":45186,"date":"2011-12-24T17:25:40","date_gmt":"2011-12-24T15:25:40","guid":{"rendered":"http:\/\/www.korhanyilmaz.com\/?p=45186"},"modified":"2011-12-24T20:38:57","modified_gmt":"2011-12-24T18:38:57","slug":"erdogan-rojini-aradi","status":"publish","type":"post","link":"http:\/\/www.korhanyilmaz.com\/?p=45186","title":{"rendered":"Rojin&#8217;e \u00fc\u00e7 anlaml\u0131 telefon"},"content":{"rendered":"<p style=\"text-align: center;\"><a href=\"http:\/\/www.korhanyilmaz.com\/wp-content\/uploads\/2011\/12\/8747.jpg\"  class=\"lightview\"><img loading=\"lazy\" decoding=\"async\" class=\"aligncenter  wp-image-45191\" src=\"http:\/\/www.korhanyilmaz.com\/wp-content\/uploads\/2011\/12\/8747.jpg\" alt=\"\" width=\"309\" height=\"231\" \/><\/a><\/p>\n<p style=\"text-align: justify;\">Ba\u015fbakan Recep Tayyip Erdo\u011fan\u2019\u0131n, e\u015fi Emine Erdo\u011fan ile birlikte Rojin\u2019i arayarak \u00fcz\u00fcnt\u00fclerini ifade etti\u011fi \u00f6\u011frenildi.<\/p>\n<p style=\"text-align: justify;\">Edinilen bilgiye g\u00f6re, TRT Genel M\u00fcd\u00fcr\u00fc \u0130brahim \u015eahin\u2019in sanat\u00e7\u0131 Rojin ile ilgili s\u00f6zlerinin ard\u0131ndan Ba\u015fbakan Erdo\u011fan, e\u015fi Emine Erdo\u011fan ile birlikte Rojin\u2019i arayarak \u00fcz\u00fcnt\u00fclerini dile getirdi. Erdo\u011fan\u2019\u0131n, Rojin\u2019e konuyla ilgilenece\u011fini s\u00f6yledi\u011fi \u00f6\u011frenildi.\u00a0<!--more--><\/p>\n<p style=\"text-align: justify;\"><strong>Ar\u0131n\u00e7&#8217;tan Rojin&#8217;e &#8220;ge\u00e7mi\u015f olsun&#8221; telefonu Ar\u0131n\u00e7: \u015eahin&#8217;in s\u00f6zleri son derece yak\u0131\u015f\u0131ks\u0131z<\/strong><\/p>\n<p style=\"text-align: justify;\">Ba\u015fbakan Yard\u0131mc\u0131s\u0131 B\u00fclent Ar\u0131n\u00e7, &#8220;TRT Genel M\u00fcd\u00fcr\u00fcm\u00fcz \u0130brahim \u015eahin&#8217;in sanat\u00e7\u0131 Rojin&#8217;e y\u00f6nelik s\u00f6zleri son derece yak\u0131\u015f\u0131ks\u0131zd\u0131r&#8221; dedi. Ar\u0131n\u00e7, Rojin&#8217;i de arayarak ge\u00e7mi\u015f olsun dileklerini iletti\u011fini s\u00f6yledi.<\/p>\n<p style=\"text-align: justify;\">Ar\u0131n\u00e7, AA muhabirine yapt\u0131\u011f\u0131 a\u00e7\u0131klamada, TRT Genel M\u00fcd\u00fcr\u00fc \u0130brahim \u015eahin&#8217;in bir toplant\u0131 s\u0131ras\u0131nda sanat\u00e7\u0131 Rojin&#8217;e y\u00f6nelik s\u00f6zlerine ili\u015fkin haberleri d\u00fcn gazeteden \u00f6\u011frendi\u011fini s\u00f6yledi.<\/p>\n<p style=\"text-align: justify;\">Bunun \u00fczerine bir ara\u015ft\u0131rma yapt\u0131\u011f\u0131n\u0131 ifade eden Ar\u0131n\u00e7, \u015funlar\u0131 kaydetti: &#8220;Bir sivil toplum kurulu\u015fumuz taraf\u0131ndan organize edilen bir \u00e7al\u0131\u015fma toplant\u0131s\u0131nda bu \u00fcz\u00fcc\u00fc olay maalesef meydana gelmi\u015f. TRT Genel M\u00fcd\u00fcr\u00fcm\u00fcz \u0130brahim \u015eahin&#8217;in Sanat\u00e7\u0131 Rojin&#8217;e y\u00f6nelik s\u00f6zleri son derece yak\u0131\u015f\u0131ks\u0131zd\u0131r.<\/p>\n<p style=\"text-align: justify;\">\u00d6zellikle de kendisinin bulunmad\u0131\u011f\u0131 bir ortamda halk\u0131n sevdi\u011fi kad\u0131n bir sanat\u00e7\u0131ya yap\u0131lm\u0131\u015f olmas\u0131, olay\u0131n ba\u015fka bir vahim yan\u0131d\u0131r. Bu talihsiz s\u00f6zleri, incitici ve devletin bir b\u00fcrokrat\u0131n\u0131n ta\u015f\u0131d\u0131\u011f\u0131 vakara yak\u0131\u015ft\u0131ramad\u0131m. Zaten ben, bu haberlerinin bas\u0131na yans\u0131mas\u0131ndan dolay\u0131 incinece\u011fini d\u00fc\u015f\u00fcnd\u00fc\u011f\u00fcm i\u00e7in Rojin&#8217;i telefonla arad\u0131m. Konu\u015ftuk. Son derece \u00fczg\u00fcn oldu\u011funu g\u00f6rd\u00fcm. Kendisine bu talihsiz olaydan dolay\u0131 ge\u00e7mi\u015f olsun dileklerimi ilettim. Umar\u0131m bu tarz \u00fcz\u00fcc\u00fc olaylarla bir daha kar\u015f\u0131la\u015fmay\u0131z.&#8221;<\/p>\n<p style=\"text-align: justify;\">TRT Genel M\u00fcd\u00fcr\u00fc \u015eahin, bir toplant\u0131da sanat\u00e7\u0131 Rojin i\u00e7in &#8220;<span style=\"text-decoration: underline;\">a\u015f\u00fcfte kad\u0131n<\/span>&#8221; ifadelerini kullanm\u0131\u015ft\u0131.<\/p>\n<p style=\"text-align: justify;\"><a href=\"http:\/\/siyaset.milliyet.com.tr\/rojin-e-uc-anlamli-telefon\/siyaset\/siyasetdetay\/24.12.2011\/1479964\/default.htm\" target=\"_blank\">Kaynak : Milliyet<\/a><\/p>\n","protected":false},"excerpt":{"rendered":"<p style=\"text-align: center;\">\n<p style=\"text-align: justify;\">Ba\u015fbakan Recep Tayyip Erdo\u011fan\u2019\u0131n, e\u015fi Emine Erdo\u011fan ile birlikte Rojin\u2019i arayarak \u00fcz\u00fcnt\u00fclerini ifade etti\u011fi \u00f6\u011frenildi.<\/p>\n<p style=\"text-align: justify;\">Edinilen bilgiye g\u00f6re, TRT Genel M\u00fcd\u00fcr\u00fc \u0130brahim \u015eahin\u2019in sanat\u00e7\u0131 Rojin ile ilgili s\u00f6zlerinin ard\u0131ndan Ba\u015fbakan Erdo\u011fan, e\u015fi Emine Erdo\u011fan ile birlikte Rojin\u2019i arayarak \u00fcz\u00fcnt\u00fclerini dile getirdi. Erdo\u011fan\u2019\u0131n, Rojin\u2019e konuyla ilgilenece\u011fini s\u00f6yledi\u011fi \u00f6\u011frenildi. <\/p>\n","protected":false},"author":1,"featured_media":0,"comment_status":"open","ping_status":"open","sticky":false,"template":"","format":"standard","meta":{"footnotes":""},"categories":[105],"tags":[],"class_list":["post-45186","post","type-post","status-publish","format-standard","hentry","category-gundem","odd"],"_links":{"self":[{"href":"http:\/\/www.korhanyilmaz.com\/index.php?rest_route=\/wp\/v2\/posts\/45186","targetHints":{"allow":["GET"]}}],"collection":[{"href":"http:\/\/www.korhanyilmaz.com\/index.php?rest_route=\/wp\/v2\/posts"}],"about":[{"href":"http:\/\/www.korhanyilmaz.com\/index.php?rest_route=\/wp\/v2\/types\/post"}],"author":[{"embeddable":true,"href":"http:\/\/www.korhanyilmaz.com\/index.php?rest_route=\/wp\/v2\/users\/1"}],"replies":[{"embeddable":true,"href":"http:\/\/www.korhanyilmaz.com\/index.php?rest_route=%2Fwp%2Fv2%2Fcomments&post=45186"}],"version-history":[{"count":0,"href":"http:\/\/www.korhanyilmaz.com\/index.php?rest_route=\/wp\/v2\/posts\/45186\/revisions"}],"wp:attachment":[{"href":"http:\/\/www.korhanyilmaz.com\/index.php?rest_route=%2Fwp%2Fv2%2Fmedia&parent=45186"}],"wp:term":[{"taxonomy":"category","embeddable":true,"href":"http:\/\/www.korhanyilmaz.com\/index.php?rest_route=%2Fwp%2Fv2%2Fcategories&post=45186"},{"taxonomy":"post_tag","embeddable":true,"href":"http:\/\/www.korhanyilmaz.com\/index.php?rest_route=%2Fwp%2Fv2%2Ftags&post=45186"}],"curies":[{"name":"wp","href":"https:\/\/api.w.org\/{rel}","templated":true}]}}