{"id":45181,"date":"2011-12-24T17:40:39","date_gmt":"2011-12-24T15:40:39","guid":{"rendered":"http:\/\/www.korhanyilmaz.com\/?p=45181"},"modified":"2011-12-24T18:22:44","modified_gmt":"2011-12-24T16:22:44","slug":"emekliye-yuzde-3-vekile-yuzde-61-zam","status":"publish","type":"post","link":"http:\/\/www.korhanyilmaz.com\/?p=45181","title":{"rendered":"Emekliye y\u00fczde 3, vekile y\u00fczde 61 zam"},"content":{"rendered":"<p style=\"text-align: center;\"><a href=\"http:\/\/www.korhanyilmaz.com\/wp-content\/uploads\/2011\/12\/8745.jpg\"  class=\"lightview\"><img loading=\"lazy\" decoding=\"async\" class=\"aligncenter  wp-image-45182\" src=\"http:\/\/www.korhanyilmaz.com\/wp-content\/uploads\/2011\/12\/8745.jpg\" alt=\"\" width=\"322\" height=\"241\" \/><\/a><\/p>\n<p style=\"text-align: justify;\">Birle\u015fik Emekliler Derne\u011fi ve T\u00fcrk Emekli-Sen, emekli milletvekili maa\u015flar\u0131na yap\u0131lan zamla 4 bin 980 TL&#8217;lik maa\u015flar\u0131n 2012 y\u0131l\u0131nda 8 bin 40 TL&#8217;ye y\u00fckselece\u011fini belirterek, emekli memur ve emekli vekil maa\u015f\u0131 aras\u0131ndaki zam oran\u0131 u\u00e7urumuna tepki g\u00f6sterdi.<!--more--><\/p>\n<p style=\"text-align: justify;\">Ankara- Emekliler Derne\u011fi Genel Ba\u015fkan\u0131 Nalan Huriye Akcan ve T\u00fcrk Emekli-Sen Genel Ba\u015fkan\u0131 Osman \u00d6zdemir yapt\u0131klar\u0131 ortak a\u00e7\u0131klamada, emekli vekil maa\u015flar\u0131n\u0131n Cumhurba\u015fkan\u0131n\u0131n maa\u015f\u0131na endekslenerek artt\u0131r\u0131lmas\u0131na tepki g\u00f6sterdi.<\/p>\n<p style=\"text-align: justify;\">A\u00e7\u0131klamada, &#8220;H\u00fck\u00fcmet emekli memura y\u00fczde 3 art\u0131 3 zam verirken, bir gece bask\u0131n\u0131yla Milletvekili emeklilerine y\u00fczde 61 zam verdi. 4 bin 980 TL&#8217;lik maa\u015flar\u0131 2012 y\u0131l\u0131nda 8 bin 40 TL olacak. Art\u0131k maa\u015flar\u0131 Ba\u015fbakanl\u0131k M\u00fcste\u015far\u0131na endekslenmeyecek, Cumhurba\u015fkan\u0131 emekli ayl\u0131\u011f\u0131na endekslenecek&#8221; denildi.<\/p>\n<p style=\"text-align: justify;\">Milletvekillerinin hastalar\u0131n ayakta tedavilerinde il\u00e2\u00e7 kat\u0131l\u0131m paylar\u0131nda art\u0131\u015f yapan yasa tasar\u0131s\u0131na, bir \u00f6nerge il\u00e2ve ederek kendi zamlar\u0131n\u0131 ger\u00e7ekle\u015ftirdiklerinin s\u00f6ylendi\u011fi a\u00e7\u0131klamada, &#8220;Bizlerin il\u00e2\u00e7lar\u0131m\u0131za \u00f6deyece\u011fimiz zamlar\u0131n kanununda, bizlerle alay eder gibi kendi maa\u015flar\u0131na y\u00fczde 61 zam yapt\u0131lar. T\u00fcrkiye&#8217;de ortalama emekli maa\u015f\u0131 800 TL, asgari \u00fccret ise 650 TL civar\u0131nda bulunuyor. A\u00e7l\u0131kla m\u00fccadele eden emeklilerimizden hastanelerde al\u0131nan paran\u0131n art\u0131r\u0131lmas\u0131 i\u00e7in g\u00f6z\u00fcn\u00fc k\u0131rpmadan kanun \u00e7\u0131karan vekiller kendi emekli maa\u015flar\u0131n\u0131 da 8 bin TL&#8217;ye y\u00fckselttiler&#8221; dedi. A\u00e7\u0131klamada \u015f\u00f6yle denildi:<\/p>\n<p style=\"text-align: justify;\">&#8220;\u00dc\u00e7 kuru\u015fluk maa\u015flar\u0131m\u0131zdan yap\u0131lacak kesintilerle herhalde 8 bin TL&#8217;lik emekli maa\u015flar\u0131na kaynak olu\u015fturacaklar. Ne diyelim; e\u011fer 75 milyonluk \u00fclkenin 15 milyonu 800 TL ve alt\u0131nda maa\u015fa mahk\u00fbmken, 8 bin TL emekli maa\u015f\u0131n\u0131 g\u00f6n\u00fcl rahatl\u0131\u011f\u0131 i\u00e7inde yiyecek vekillerimiz varsa; onlara da hay\u0131rl\u0131 olsun!&#8221;<\/p>\n<p style=\"text-align: justify;\"><a href=\"http:\/\/www.cumhuriyet.com.tr\/?hn=302878\" target=\"_blank\">Kaynak : Cumhuriyet Haber Portal\u0131<\/a><\/p>\n","protected":false},"excerpt":{"rendered":"<p style=\"text-align: center;\">\n<p style=\"text-align: justify;\">Birle\u015fik Emekliler Derne\u011fi ve T\u00fcrk Emekli-Sen, emekli milletvekili maa\u015flar\u0131na yap\u0131lan zamla 4 bin 980 TL&#8217;lik maa\u015flar\u0131n 2012 y\u0131l\u0131nda 8 bin 40 TL&#8217;ye y\u00fckselece\u011fini belirterek, emekli memur ve emekli vekil maa\u015f\u0131 aras\u0131ndaki zam oran\u0131 u\u00e7urumuna tepki g\u00f6sterdi.<\/p>\n","protected":false},"author":1,"featured_media":0,"comment_status":"open","ping_status":"open","sticky":false,"template":"","format":"standard","meta":{"footnotes":""},"categories":[105],"tags":[],"class_list":["post-45181","post","type-post","status-publish","format-standard","hentry","category-gundem","odd"],"_links":{"self":[{"href":"http:\/\/www.korhanyilmaz.com\/index.php?rest_route=\/wp\/v2\/posts\/45181","targetHints":{"allow":["GET"]}}],"collection":[{"href":"http:\/\/www.korhanyilmaz.com\/index.php?rest_route=\/wp\/v2\/posts"}],"about":[{"href":"http:\/\/www.korhanyilmaz.com\/index.php?rest_route=\/wp\/v2\/types\/post"}],"author":[{"embeddable":true,"href":"http:\/\/www.korhanyilmaz.com\/index.php?rest_route=\/wp\/v2\/users\/1"}],"replies":[{"embeddable":true,"href":"http:\/\/www.korhanyilmaz.com\/index.php?rest_route=%2Fwp%2Fv2%2Fcomments&post=45181"}],"version-history":[{"count":0,"href":"http:\/\/www.korhanyilmaz.com\/index.php?rest_route=\/wp\/v2\/posts\/45181\/revisions"}],"wp:attachment":[{"href":"http:\/\/www.korhanyilmaz.com\/index.php?rest_route=%2Fwp%2Fv2%2Fmedia&parent=45181"}],"wp:term":[{"taxonomy":"category","embeddable":true,"href":"http:\/\/www.korhanyilmaz.com\/index.php?rest_route=%2Fwp%2Fv2%2Fcategories&post=45181"},{"taxonomy":"post_tag","embeddable":true,"href":"http:\/\/www.korhanyilmaz.com\/index.php?rest_route=%2Fwp%2Fv2%2Ftags&post=45181"}],"curies":[{"name":"wp","href":"https:\/\/api.w.org\/{rel}","templated":true}]}}