{"id":45178,"date":"2011-12-24T17:38:21","date_gmt":"2011-12-24T15:38:21","guid":{"rendered":"http:\/\/www.korhanyilmaz.com\/?p=45178"},"modified":"2011-12-24T18:19:33","modified_gmt":"2011-12-24T16:19:33","slug":"bu-yil-kubilay-mesaji-yok","status":"publish","type":"post","link":"http:\/\/www.korhanyilmaz.com\/?p=45178","title":{"rendered":"Bu y\u0131l Kubilay mesaj\u0131 yok"},"content":{"rendered":"<p style=\"text-align: center;\"><a href=\"http:\/\/www.korhanyilmaz.com\/wp-content\/uploads\/2011\/12\/8744.jpg\"  class=\"lightview\"><img loading=\"lazy\" decoding=\"async\" class=\"aligncenter  wp-image-45179\" src=\"http:\/\/www.korhanyilmaz.com\/wp-content\/uploads\/2011\/12\/8744.jpg\" alt=\"\" width=\"322\" height=\"241\" \/><\/a><\/p>\n<p style=\"text-align: justify;\">Cumhurba\u015fkanl\u0131\u011f\u0131 bu y\u0131l Devrim \u015eehidi Aste\u011fmen Kubilay&#8217;\u0131n katledili\u015finin y\u0131ld\u00f6n\u00fcm\u00fcnde mesaj yay\u0131nlamad\u0131.<\/p>\n<p style=\"text-align: justify;\">Ankara- Kubilay 23 Aral\u0131k 1930 tarihinde katledilmi\u015fti. Cumhurba\u015fkanl\u0131\u011f\u0131 her y\u0131l 22 ya da 23 Aral\u0131k tarihlerinde, cumhurba\u015fkanlar\u0131n\u0131n Kubilay ve arkada\u015flar\u0131n\u0131n katledili\u015f y\u0131ld\u00f6n\u00fcmlerinde kamuoyuna anma ve taziye mesajlar\u0131 yay\u0131nl\u0131yordu.<!--more--><\/p>\n<p style=\"text-align: justify;\">Son olarak 22 Aral\u0131k 2010 tarihinde Cumhurba\u015fkan\u0131 Abdullah G\u00fcl yay\u0131nlad\u0131\u011f\u0131 mesajda, Devrim \u015eehidi Aste\u011fmen Kubilay ve iki bek\u00e7inin \u015fehit edili\u015flerinin 80&#8217;inci y\u0131ld\u00f6n\u00fcm\u00fc dolay\u0131s\u0131yla \u00fcz\u00fcnt\u00fcs\u00fcn\u00fc ifade etmi\u015fti. Bu y\u0131l ise 24 Aral\u0131k ak\u015fam\u0131 itibar\u0131yla Cumhurba\u015fkanl\u0131\u011f\u0131&#8217;n\u0131n internet sitesine kamuoyuna y\u00f6nelik herhangi bir mesaj konulmad\u0131.<\/p>\n<p style=\"text-align: justify;\"><a href=\"http:\/\/www.cumhuriyet.com.tr\/?hn=302896&amp;kw=Bu+y%FDl+Kubilay+mesaj%FD+yok\" target=\"_blank\">Kaynak : Cumhuriyet Haber Portal\u0131<\/a><\/p>\n","protected":false},"excerpt":{"rendered":"<p style=\"text-align: center;\">\n<p style=\"text-align: justify;\">Cumhurba\u015fkanl\u0131\u011f\u0131 bu y\u0131l Devrim \u015eehidi Aste\u011fmen Kubilay&#8217;\u0131n katledili\u015finin y\u0131ld\u00f6n\u00fcm\u00fcnde mesaj yay\u0131nlamad\u0131.<\/p>\n<p style=\"text-align: justify;\">Ankara- Kubilay 23 Aral\u0131k 1930 tarihinde katledilmi\u015fti. Cumhurba\u015fkanl\u0131\u011f\u0131 her y\u0131l 22 ya da 23 Aral\u0131k tarihlerinde, cumhurba\u015fkanlar\u0131n\u0131n Kubilay ve arkada\u015flar\u0131n\u0131n katledili\u015f y\u0131ld\u00f6n\u00fcmlerinde kamuoyuna anma ve taziye mesajlar\u0131 yay\u0131nl\u0131yordu.<\/p>\n","protected":false},"author":1,"featured_media":0,"comment_status":"open","ping_status":"open","sticky":false,"template":"","format":"standard","meta":{"footnotes":""},"categories":[105],"tags":[],"class_list":["post-45178","post","type-post","status-publish","format-standard","hentry","category-gundem","odd"],"_links":{"self":[{"href":"http:\/\/www.korhanyilmaz.com\/index.php?rest_route=\/wp\/v2\/posts\/45178","targetHints":{"allow":["GET"]}}],"collection":[{"href":"http:\/\/www.korhanyilmaz.com\/index.php?rest_route=\/wp\/v2\/posts"}],"about":[{"href":"http:\/\/www.korhanyilmaz.com\/index.php?rest_route=\/wp\/v2\/types\/post"}],"author":[{"embeddable":true,"href":"http:\/\/www.korhanyilmaz.com\/index.php?rest_route=\/wp\/v2\/users\/1"}],"replies":[{"embeddable":true,"href":"http:\/\/www.korhanyilmaz.com\/index.php?rest_route=%2Fwp%2Fv2%2Fcomments&post=45178"}],"version-history":[{"count":0,"href":"http:\/\/www.korhanyilmaz.com\/index.php?rest_route=\/wp\/v2\/posts\/45178\/revisions"}],"wp:attachment":[{"href":"http:\/\/www.korhanyilmaz.com\/index.php?rest_route=%2Fwp%2Fv2%2Fmedia&parent=45178"}],"wp:term":[{"taxonomy":"category","embeddable":true,"href":"http:\/\/www.korhanyilmaz.com\/index.php?rest_route=%2Fwp%2Fv2%2Fcategories&post=45178"},{"taxonomy":"post_tag","embeddable":true,"href":"http:\/\/www.korhanyilmaz.com\/index.php?rest_route=%2Fwp%2Fv2%2Ftags&post=45178"}],"curies":[{"name":"wp","href":"https:\/\/api.w.org\/{rel}","templated":true}]}}