{"id":45161,"date":"2011-12-24T11:59:22","date_gmt":"2011-12-24T09:59:22","guid":{"rendered":"http:\/\/www.korhanyilmaz.com\/?p=45161"},"modified":"2011-12-24T15:24:23","modified_gmt":"2011-12-24T13:24:23","slug":"36-gazeteci-tutuklandi","status":"publish","type":"post","link":"http:\/\/www.korhanyilmaz.com\/?p=45161","title":{"rendered":"36 gazeteci tutukland\u0131"},"content":{"rendered":"<p style=\"text-align: center;\"><a href=\"http:\/\/www.korhanyilmaz.com\/wp-content\/uploads\/2011\/12\/8741.jpg\"  class=\"lightview\"><img loading=\"lazy\" decoding=\"async\" class=\"aligncenter  wp-image-45162\" src=\"http:\/\/www.korhanyilmaz.com\/wp-content\/uploads\/2011\/12\/8741.jpg\" alt=\"\" width=\"307\" height=\"236\" \/><\/a><\/p>\n<p style=\"text-align: justify;\">KCK&#8217;ya y\u00f6nelik yap\u0131lan operasyon kapsam\u0131nda g\u00f6zalt\u0131na al\u0131nan, \u00e7o\u011funlu\u011funu gazetecilerin olu\u015fturdu\u011fu 36 ki\u015fi tutukland\u0131. Aralar\u0131nda Vatan ve Birg\u00fcn gazeteleri muhabirlerinin de bulundu\u011fu tutuklanan gazeteciler, &#8220;KCK&#8217;n\u0131n talimat\u0131yla haber yapmakla&#8221; su\u00e7land\u0131.\u00a0<!--more--><\/p>\n<p style=\"text-align: justify;\">KCK&#8217;ya y\u00f6nelik yap\u0131lan operasyon kapsam\u0131nda Dicle 20 Aral\u0131k&#8217;ta Etkin Haber Ajans\u0131 (ETHA), Dicle Haber Ajans\u0131 (D\u0130HA) ve \u00d6zg\u00fcr G\u00fcndem gazetelerine bask\u0131nlar yap\u0131lm\u0131\u015f bu bask\u0131nlarda 49 ki\u015fi g\u00f6zalt\u0131na al\u0131nm\u0131\u015ft\u0131. G\u00f6zalt\u0131na al\u0131nanlar\u0131n \u00e7o\u011funlu\u011funu bu kurumlarda \u00e7al\u0131\u015fan gazeteciler olu\u015fturmu\u015ftu. Bu gazetecilerle olan mesleki ili\u015fkileri ve haberlerinin bu yay\u0131n organlar\u0131nda da yay\u0131nlanmas\u0131 nedeniyle Birg\u00fcn gazetesi muhabiri Zeynep Kuray, Vatan gazetesi muhabiri \u00c7a\u011fda\u015f Ulus ve AFP muhabiri Mustafa \u00d6zer de g\u00f6zalt\u0131na al\u0131nm\u0131\u015ft\u0131.<\/p>\n<p style=\"text-align: justify;\">Soru\u015fturma kapsam\u0131nda \u0130stanbul Emniyet M\u00fcd\u00fcrl\u00fc\u011f\u00fc Ter\u00f6rle M\u00fccadele \u015eubesinde 4 g\u00fcnl\u00fck g\u00f6zalt\u0131 s\u00fcresi dolan gazeteciler Cuma g\u00fcn\u00fc saat 04.30 s\u0131ralar\u0131nda Adli T\u0131p Kurumu&#8217;nda sa\u011fl\u0131k kontrol\u00fcnden ge\u00e7irildi. Ard\u0131ndan da 3 ara\u00e7la, saat 05.30 s\u0131ralar\u0131nda Be\u015fikta\u015f&#8217;taki \u0130stanbul Adliyesi&#8217;ne getirildiler. Burada soru\u015fturmay\u0131 y\u00fcr\u00fcten \u00f6zel yetkili \u0130stanbul Cumhuriyet Savc\u0131s\u0131 Bilal Bayraktar ile 10 savc\u0131 taraf\u0131ndan sorguland\u0131lar.<\/p>\n<p style=\"text-align: justify;\">Savc\u0131l\u0131kta 11 saat boyunca sorgulanan gazetecilere, yapt\u0131klar\u0131 haberlere ili\u015fkin sorular\u0131n y\u00f6neltildi\u011fi \u00f6\u011frenildi. Savc\u0131l\u0131kta gazetecilere foto\u011fraf makineleri ve kameralar\u0131 ile gazeteci olarak takip ettikleri protesto g\u00f6sterilerinde \u00e7ekilmi\u015f foto\u011fraflar\u0131 g\u00f6sterilerek, &#8220;eylemlere neden kat\u0131ld\u0131klar\u0131&#8221;n\u0131n soruldu\u011fu bilgisi edinildi.<\/p>\n<p style=\"text-align: justify;\">Sorgular\u0131n\u0131n tamamlanmas\u0131n\u0131n ard\u0131ndan 7 gazeteci savc\u0131l\u0131ktan serbest b\u0131rak\u0131l\u0131rken, 42&#8217;si ise tutuklanmalar\u0131 talebiyle n\u00f6bet\u00e7i mahkemeye sevk edildi. Savc\u0131l\u0131ktan AFP muhabiri Mustafa \u00d6zer, D\u0130HA muhabiri Evrim Kepenek, Celal Kaya, \u00dclfiye \u00d6zcan, Hamza S\u00fcrmeli, Murat Erdo\u011fan ve Hatice Bozkurt serbest b\u0131rak\u0131ld\u0131.<\/p>\n<p style=\"text-align: justify;\">Di\u011fer isimler ise tutuklanmalar\u0131 istemiyle \u0130stanbul N\u00f6bet\u00e7i 9. A\u011f\u0131r Ceza Mahkemesine sevk edildi. N\u00f6bet\u00e7i hakimlikteki i\u015flemleri sabah 05.30&#8217;a kadar devam eden 36 gazeteci tutukland\u0131; 6&#8217;s\u0131 ise tutuksuz yarg\u0131lanmak \u00fczere serbest b\u0131rak\u0131ld\u0131.<\/p>\n<p style=\"text-align: justify;\">Gazetecilerin yapt\u0131\u011f\u0131 haberlerinin sorguland\u0131\u011f\u0131 yarg\u0131lama sonucunda Eylem S\u00fcrmeli, G\u00fcne\u015f \u00dcnsal, Enis Yal\u00e7\u0131n, \u015eeref S\u00fcmeli, Sevin\u00e7 Tuncelli ile Arzu Demir tutuksuz yarg\u0131lanmak \u00fczere serbest b\u0131rak\u0131ld\u0131. Di\u011fer 36 gazeteci de &#8220;\u00f6rg\u00fct \u00fcyesi olmak&#8221; su\u00e7lamas\u0131yla tutukland\u0131. Vatan gazetesi muhabiri \u00c7a\u011fda\u015f Ulus ile Birg\u00fcn gazetesi muhabiri Zeynep Kuray&#8217;\u0131n da aralar\u0131nda yer ald\u0131\u011f\u0131, tutuklananlar\u0131n isimleri \u015f\u00f6yle:<\/p>\n<p style=\"text-align: justify;\">Ramazan Pekg\u00f6z, Mazlum \u00d6zdemir, Fatma Ko\u00e7ak, Kenan K\u0131rkaya, Sad\u0131k Topalo\u011flu, Semiha Alanku\u015f, \u00c7a\u011fda\u015f Kaplan, \u00d6mer \u00c7elik, Zuhal Tekiner, Pervin Yerlikaya, Nilg\u00fcn Y\u0131ld\u0131z, Nahide Ermi\u015f, \u00d6mer \u00c7ift\u00e7i, Davut U\u00e7ar, H\u00fcseyin Deniz, \u0130smail Y\u0131ld\u0131z, Dilek Demirel, Sibel G\u00fcler, Ertu\u015f Bozkurt, Nevin Erdemir, Nurettin F\u0131rat, Ay\u015fe Oyman, Y\u00fcksel Gen\u00e7, Oktay Candemir, Ziya \u00c7i\u00e7ek\u00e7i, Haydar Tekin, Safiye Torman, Selahattin Aslan, \u0130rfan Bilgi\u00e7, Ali Fidan, M. Emin Y\u0131ld\u0131r\u0131m, \u00c7i\u011fdem Aslan, Cihan Albay, Saffet Orman.<\/p>\n<p style=\"text-align: justify;\"><a href=\"http:\/\/www.cnnturk.com\/2011\/turkiye\/12\/24\/36.gazeteci.tutuklandi\/641816.0\/index.html\" target=\"_blank\">Kaynak : CNN T\u00dcRK<\/a><\/p>\n","protected":false},"excerpt":{"rendered":"<p style=\"text-align: center;\">\n<p style=\"text-align: justify;\">KCK&#8217;ya y\u00f6nelik yap\u0131lan operasyon kapsam\u0131nda g\u00f6zalt\u0131na al\u0131nan, \u00e7o\u011funlu\u011funu gazetecilerin olu\u015fturdu\u011fu 36 ki\u015fi tutukland\u0131. Aralar\u0131nda Vatan ve Birg\u00fcn gazeteleri muhabirlerinin de bulundu\u011fu tutuklanan gazeteciler, &#8220;KCK&#8217;n\u0131n talimat\u0131yla haber yapmakla&#8221; su\u00e7land\u0131. <\/p>\n","protected":false},"author":1,"featured_media":0,"comment_status":"open","ping_status":"open","sticky":false,"template":"","format":"standard","meta":{"footnotes":""},"categories":[105],"tags":[],"class_list":["post-45161","post","type-post","status-publish","format-standard","hentry","category-gundem","odd"],"_links":{"self":[{"href":"http:\/\/www.korhanyilmaz.com\/index.php?rest_route=\/wp\/v2\/posts\/45161","targetHints":{"allow":["GET"]}}],"collection":[{"href":"http:\/\/www.korhanyilmaz.com\/index.php?rest_route=\/wp\/v2\/posts"}],"about":[{"href":"http:\/\/www.korhanyilmaz.com\/index.php?rest_route=\/wp\/v2\/types\/post"}],"author":[{"embeddable":true,"href":"http:\/\/www.korhanyilmaz.com\/index.php?rest_route=\/wp\/v2\/users\/1"}],"replies":[{"embeddable":true,"href":"http:\/\/www.korhanyilmaz.com\/index.php?rest_route=%2Fwp%2Fv2%2Fcomments&post=45161"}],"version-history":[{"count":0,"href":"http:\/\/www.korhanyilmaz.com\/index.php?rest_route=\/wp\/v2\/posts\/45161\/revisions"}],"wp:attachment":[{"href":"http:\/\/www.korhanyilmaz.com\/index.php?rest_route=%2Fwp%2Fv2%2Fmedia&parent=45161"}],"wp:term":[{"taxonomy":"category","embeddable":true,"href":"http:\/\/www.korhanyilmaz.com\/index.php?rest_route=%2Fwp%2Fv2%2Fcategories&post=45161"},{"taxonomy":"post_tag","embeddable":true,"href":"http:\/\/www.korhanyilmaz.com\/index.php?rest_route=%2Fwp%2Fv2%2Ftags&post=45161"}],"curies":[{"name":"wp","href":"https:\/\/api.w.org\/{rel}","templated":true}]}}