{"id":45153,"date":"2011-12-24T14:15:53","date_gmt":"2011-12-24T12:15:53","guid":{"rendered":"http:\/\/www.korhanyilmaz.com\/?p=45153"},"modified":"2011-12-24T18:45:23","modified_gmt":"2011-12-24T16:45:23","slug":"teroru-sigara-kacakciligina-benzetti","status":"publish","type":"post","link":"http:\/\/www.korhanyilmaz.com\/?p=45153","title":{"rendered":"Ter\u00f6r\u00fc, sigara ka\u00e7ak\u00e7\u0131l\u0131\u011f\u0131na benzetti"},"content":{"rendered":"<p style=\"text-align: center;\"><a href=\"http:\/\/www.korhanyilmaz.com\/wp-content\/uploads\/2011\/12\/8740.jpg\"  class=\"lightview\"><img loading=\"lazy\" decoding=\"async\" class=\" wp-image-45154  aligncenter\" src=\"http:\/\/www.korhanyilmaz.com\/wp-content\/uploads\/2011\/12\/8740.jpg\" alt=\"\" width=\"300\" height=\"230\" \/><\/a><\/p>\n<p style=\"text-align: justify;\">\u0130\u00e7i\u015fleri Bakan\u0131 \u0130dris Naim \u015eahin, ter\u00f6rle m\u00fccadelede yak\u0131n tarihe g\u00f6re umutlu ve \u00f6nemli bir noktaya gelindi\u011fini belirterek, &#8220;Ter\u00f6r belas\u0131, art\u0131k sigara ka\u00e7ak\u00e7\u0131l\u0131\u011f\u0131 gibi bu \u00fclkenin normal sorunlar\u0131 aras\u0131na gelmi\u015ftir, gelmek \u00fczeredir. Ter\u00f6r belas\u0131n\u0131 defedece\u011fiz&#8221; dedi.\u00a0<!--more--><\/p>\n<p style=\"text-align: justify;\">\u0130\u00e7i\u015fleri Bakan\u0131 \u0130dris Naim \u015eahin, Afyonkarahisar Korel Termal Otel&#8217;de d\u00fczenlenen Emniyet Genel M\u00fcd\u00fcrl\u00fc\u011f\u00fc Ka\u00e7ak\u00e7\u0131l\u0131k ve Organize Su\u00e7larla M\u00fccadele Daire Ba\u015fkanl\u0131\u011f\u0131 Merkez ve \u0130l Stratejik Ara\u015ft\u0131rmalar Kurulu&#8217;nun 45&#8217;inci toplant\u0131s\u0131na kat\u0131ld\u0131. Toplant\u0131ya, Bakan \u015eahin&#8217;in yan\u0131 s\u0131ra Afyonkarahisar Valisi \u0130rfan Balkanl\u0131o\u011flu, Emniyet Genel M\u00fcd\u00fcr\u00fc Mehmet K\u0131l\u0131\u00e7lar, Emniyet Genel M\u00fcd\u00fcrl\u00fc\u011f\u00fc Ka\u00e7ak\u00e7\u0131l\u0131k ve Organize Su\u00e7larla M\u00fccadele Daire Ba\u015fkan\u0131 Mehmet Ye\u015filkaya, Afyonkarahisar Emniyet M\u00fcd\u00fcr\u00fc \u0130smail T\u00fcrkmenli kat\u0131ld\u0131.<\/p>\n<p style=\"text-align: justify;\">Toplant\u0131da konu\u015fan Bakan \u015eahin, g\u00fcvenlik g\u00fc\u00e7lerinin su\u00e7la m\u00fccadelede g\u00f6revini yerine getirirken su\u00e7lu ile su\u00e7suzu ay\u0131rt etmesi gerekti\u011fini s\u00f6yledi. Bakan \u015eahin, &#8220;Bu m\u00fccadelede iyi yurtta\u015f ile su\u00e7a kar\u0131\u015fm\u0131\u015f yurtta\u015f\u0131 ay\u0131rt etmenin \u00e7ok b\u00fcy\u00fck \u00f6nemi vard\u0131r. Su\u00e7lu ile su\u00e7suzu ay\u0131rt etme noktas\u0131nda yap\u0131lacak olan hatalar, insanlar\u0131m\u0131z\u0131 rahats\u0131z edebilir. Bu da bizi amac\u0131m\u0131zdan uzakla\u015ft\u0131rabilir. Bunlar\u0131 takip etmek, delillendirmek ve vicdan\u0131m\u0131z\u0131 rahatlatmak g\u00f6revimiz olmal\u0131d\u0131r. Ac\u0131sak da, istemesek de su\u00e7lular\u0131 kanun ad\u0131na, devlet ad\u0131na yarg\u0131ya teslim etmeliyiz. Bu yakla\u015f\u0131m sayesinde emniyet ve jandarma te\u015fkilat\u0131 son zamanlar toplumumuzun en g\u00fcvenilir s\u0131ralamas\u0131nda ba\u015fta yer al\u0131yor&#8221; diye konu\u015ftu.<\/p>\n<p style=\"text-align: justify;\"><strong>&#8220;Ter\u00f6rle m\u00fccadelemiz devam edecek&#8221;\u00a0<\/strong><\/p>\n<p style=\"text-align: justify;\">Konu\u015fmas\u0131nda ter\u00f6rle m\u00fccadele konusunda y\u00fcr\u00fct\u00fclen \u00e7al\u0131\u015fmalara da yer veren Bakan \u015eahin, bu konuda yak\u0131n tarihe g\u00f6re umutlu ve \u00f6nemli bir noktaya gelindi\u011fini kaydetti. Bu ba\u015far\u0131 \u00e7izgisinin yar\u0131n, bug\u00fcne g\u00f6re daha da y\u00fckselerek devam edece\u011fine inand\u0131\u011f\u0131n\u0131 belirten \u015eahin, \u015funlar\u0131 s\u00f6yledi:<\/p>\n<p style=\"text-align: justify;\">&#8220;Ter\u00f6r belas\u0131n\u0131 yok etmeye y\u00f6nelik \u00e7al\u0131\u015fmalar\u0131m\u0131z s\u00fcrecek. Hepimiz o belan\u0131n defedilmesini istiyoruz. Ter\u00f6r belas\u0131, art\u0131k sigara ka\u00e7ak\u00e7\u0131l\u0131\u011f\u0131 gibi bu \u00fclkenin normal sorunlar\u0131 aras\u0131na gelmi\u015ftir, gelmek \u00fczeredir. Ter\u00f6r belas\u0131n\u0131 defedece\u011fiz. Bu konuya odaklanm\u0131\u015fken g\u00f6z\u00fcm\u00fcz, kula\u011f\u0131m\u0131z, dikkatimiz di\u011fer taraftan da \u00fclkenin genel asayi\u015fine y\u00f6nelik yap\u0131lamayan konulara a\u00e7\u0131k olmak durumunda. Vatanda\u015f, &#8216;Benim polisim, benim korucum, bek\u00e7im var&#8217; diyecek. Kendisini g\u00fcvende hissedecek. Bu \u00e7al\u0131\u015fmay\u0131 ortaya koymal\u0131y\u0131z.&#8221;<\/p>\n<p style=\"text-align: justify;\"><strong>&#8220;\u00c7eteler \u00e7\u00f6kertildi&#8221;\u00a0<\/strong><\/p>\n<p style=\"text-align: justify;\">H\u00fck\u00fcmet olarak \u00e7etelerin ve karanl\u0131k odaklar\u0131n \u00fczerine gittiklerini ifade eden Bakan \u015eahin, s\u00f6zlerini s\u00f6yle tamamlad\u0131:<\/p>\n<p style=\"text-align: justify;\">&#8220;Hi\u00e7 \u00e7ekinmeden b\u00fct\u00fcn su\u00e7 odaklar\u0131n\u0131n \u00fczerine gittik ve gitmeye devam edece\u011fiz. \u00c7ete, mafyala\u015fmalar \u00f6nemli \u00f6l\u00e7\u00fcde \u00e7\u00f6kertilmi\u015ftir. Baz\u0131 su\u00e7lar i\u015flenmeden \u00f6nlenmi\u015ftir. Su\u00e7un artmas\u0131n\u0131n aksine su\u00e7 i\u015flenmesi \u00f6nlenmi\u015ftir.&#8221;<\/p>\n<p style=\"text-align: justify;\"><strong>Yelek giydi, selam verdi\u00a0<\/strong><\/p>\n<p style=\"text-align: justify;\">Toplant\u0131n\u0131n sonunda Emniyet Genel M\u00fcd\u00fcr\u00fc Mehmet K\u0131l\u0131\u00e7lar ile Ka\u00e7ak\u00e7\u0131l\u0131k ve Organize Su\u00e7larla M\u00fccadele Daire Ba\u015fkan\u0131 Mehmet Ye\u015filkaya, Bakan \u015eahin&#8217;e polis yele\u011fi ve \u015fapkas\u0131 hediye etti. Yelek giyip, \u015fapkay\u0131 takan Bakan \u015eahin, salondakilere polis selam\u0131 verdi.<\/p>\n<p style=\"text-align: justify;\"><a href=\"http:\/\/www.cnnturk.com\/2011\/turkiye\/12\/24\/teroru.sigara.kacakciligina.benzetti\/641849.0\/index.html\" target=\"_blank\">Kaynak : CNN T\u00dcRK<\/a><\/p>\n","protected":false},"excerpt":{"rendered":"<p style=\"text-align: center;\">\n<p style=\"text-align: justify;\">\u0130\u00e7i\u015fleri Bakan\u0131 \u0130dris Naim \u015eahin, ter\u00f6rle m\u00fccadelede yak\u0131n tarihe g\u00f6re umutlu ve \u00f6nemli bir noktaya gelindi\u011fini belirterek, &#8220;Ter\u00f6r belas\u0131, art\u0131k sigara ka\u00e7ak\u00e7\u0131l\u0131\u011f\u0131 gibi bu \u00fclkenin normal sorunlar\u0131 aras\u0131na gelmi\u015ftir, gelmek \u00fczeredir. Ter\u00f6r belas\u0131n\u0131 defedece\u011fiz&#8221; dedi. <\/p>\n","protected":false},"author":1,"featured_media":0,"comment_status":"open","ping_status":"open","sticky":false,"template":"","format":"standard","meta":{"footnotes":""},"categories":[105],"tags":[],"class_list":["post-45153","post","type-post","status-publish","format-standard","hentry","category-gundem","odd"],"_links":{"self":[{"href":"http:\/\/www.korhanyilmaz.com\/index.php?rest_route=\/wp\/v2\/posts\/45153","targetHints":{"allow":["GET"]}}],"collection":[{"href":"http:\/\/www.korhanyilmaz.com\/index.php?rest_route=\/wp\/v2\/posts"}],"about":[{"href":"http:\/\/www.korhanyilmaz.com\/index.php?rest_route=\/wp\/v2\/types\/post"}],"author":[{"embeddable":true,"href":"http:\/\/www.korhanyilmaz.com\/index.php?rest_route=\/wp\/v2\/users\/1"}],"replies":[{"embeddable":true,"href":"http:\/\/www.korhanyilmaz.com\/index.php?rest_route=%2Fwp%2Fv2%2Fcomments&post=45153"}],"version-history":[{"count":0,"href":"http:\/\/www.korhanyilmaz.com\/index.php?rest_route=\/wp\/v2\/posts\/45153\/revisions"}],"wp:attachment":[{"href":"http:\/\/www.korhanyilmaz.com\/index.php?rest_route=%2Fwp%2Fv2%2Fmedia&parent=45153"}],"wp:term":[{"taxonomy":"category","embeddable":true,"href":"http:\/\/www.korhanyilmaz.com\/index.php?rest_route=%2Fwp%2Fv2%2Fcategories&post=45153"},{"taxonomy":"post_tag","embeddable":true,"href":"http:\/\/www.korhanyilmaz.com\/index.php?rest_route=%2Fwp%2Fv2%2Ftags&post=45153"}],"curies":[{"name":"wp","href":"https:\/\/api.w.org\/{rel}","templated":true}]}}