{"id":45149,"date":"2011-12-24T14:11:45","date_gmt":"2011-12-24T12:11:45","guid":{"rendered":"http:\/\/www.korhanyilmaz.com\/?p=45149"},"modified":"2011-12-24T14:29:19","modified_gmt":"2011-12-24T12:29:19","slug":"chpli-dibekten-basbakana-gizli-anlasma-sorusu","status":"publish","type":"post","link":"http:\/\/www.korhanyilmaz.com\/?p=45149","title":{"rendered":"CHP&#8217;li Dibek&#8217;ten Ba\u015fbakan&#8217;a &#8216;gizli anla\u015fma&#8217; sorusu"},"content":{"rendered":"<p style=\"text-align: center;\"><a href=\"http:\/\/www.korhanyilmaz.com\/wp-content\/uploads\/2011\/12\/8739.jpg\"  class=\"lightview\"><img loading=\"lazy\" decoding=\"async\" class=\"aligncenter  wp-image-45150\" src=\"http:\/\/www.korhanyilmaz.com\/wp-content\/uploads\/2011\/12\/8739.jpg\" alt=\"\" width=\"290\" height=\"217\" \/><\/a><\/p>\n<p style=\"text-align: justify;\">CHP K\u0131rklareli Milletvekili Turgut Dibek, Ba\u015fbakan Recep Tayyip Erdo\u011fan&#8217;a, Cumhurba\u015fkan\u0131 Abdullah G\u00fcl ile aras\u0131nda bir yaz\u0131l\u0131 anla\u015fma olup olmad\u0131\u011f\u0131n\u0131 sordu.<\/p>\n<p style=\"text-align: justify;\">Ankara- CHP K\u0131rklareli Milletvekili Turgut Dibek, TBMM Ba\u015fkanl\u0131\u011f\u0131&#8217;na, Ba\u015fbakan Recep Tayyip Erdo\u011fan&#8217;\u0131n yan\u0131tlamas\u0131 istemiyle soru \u00f6nergesi verdi.\u00a0<!--more--><\/p>\n<p style=\"text-align: justify;\">Dibek, \u015f\u00f6yle dedi:<\/p>\n<p style=\"text-align: justify;\">&#8220;Abdullah G\u00fcl&#8217;\u00fcn Ba\u015fbakanl\u0131\u011f\u0131 d\u00f6nemindeki Ba\u015f Dan\u0131\u015fmanl\u0131\u011f\u0131n\u0131 yapan Say\u0131n Ahmet Takan, 13 Aral\u0131k 2011 tarihli Yeni \u00c7a\u011f gazetesindeki k\u00f6\u015fe yaz\u0131s\u0131nda &#8216;Ba\u015fbakanl\u0131k koltu\u011funu Erdo\u011fan&#8217;a b\u0131rakmak i\u00e7in hi\u00e7 de hevesli de\u011fildi. Tamam, aralar\u0131nda, benim de \u015fahit oldu\u011fum hem yaz\u0131l\u0131 hem de s\u00f6zl\u00fc bir anla\u015fma yap\u0131lm\u0131\u015ft\u0131&#8217; demi\u015ftir.&#8221;<\/p>\n<p style=\"text-align: justify;\">&#8220;Yap\u0131lan yaz\u0131l\u0131 anla\u015fmay\u0131 a\u00e7\u0131klayacak m\u0131s\u0131n\u0131z?&#8221; diyen Dibek, \u015fu sorular\u0131 y\u00f6neltti:<\/p>\n<p style=\"text-align: justify;\">&#8220;D\u00f6nemin Ba\u015fbakan\u0131 Say\u0131n Abdullah G\u00fcl&#8217;\u00fcn, Ba\u015fbakan Say\u0131n Recep Tayyip Erdo\u011fan taraf\u0131ndan 2007 y\u0131l\u0131nda AKP&#8217;nin Cumhurba\u015fkan\u0131 aday\u0131 olarak ilan edilmesinin nedeni bu anla\u015fma m\u0131d\u0131r? Say\u0131n G\u00fcl ile Say\u0131n Erdo\u011fan aras\u0131nda imzalanan ve Ba\u015fbakan Ba\u015f Dan\u0131\u015fman\u0131n \u015fahit oldu\u011fu anla\u015fmada ba\u015fka ne maddeler vard\u0131r?&#8221;<\/p>\n<p style=\"text-align: justify;\"><a href=\"http:\/\/www.cumhuriyet.com.tr\/?hn=302810\" target=\"_blank\">Kaynak : Cumhuriyet Haber Portal\u0131<\/a><\/p>\n","protected":false},"excerpt":{"rendered":"<p style=\"text-align: center;\">\n<p style=\"text-align: justify;\">CHP K\u0131rklareli Milletvekili Turgut Dibek, Ba\u015fbakan Recep Tayyip Erdo\u011fan&#8217;a, Cumhurba\u015fkan\u0131 Abdullah G\u00fcl ile aras\u0131nda bir yaz\u0131l\u0131 anla\u015fma olup olmad\u0131\u011f\u0131n\u0131 sordu.<\/p>\n<p style=\"text-align: justify;\">Ankara- CHP K\u0131rklareli Milletvekili Turgut Dibek, TBMM Ba\u015fkanl\u0131\u011f\u0131&#8217;na, Ba\u015fbakan Recep Tayyip Erdo\u011fan&#8217;\u0131n yan\u0131tlamas\u0131 istemiyle soru \u00f6nergesi verdi. <\/p>\n","protected":false},"author":1,"featured_media":0,"comment_status":"open","ping_status":"open","sticky":false,"template":"","format":"standard","meta":{"footnotes":""},"categories":[105],"tags":[],"class_list":["post-45149","post","type-post","status-publish","format-standard","hentry","category-gundem","odd"],"_links":{"self":[{"href":"http:\/\/www.korhanyilmaz.com\/index.php?rest_route=\/wp\/v2\/posts\/45149","targetHints":{"allow":["GET"]}}],"collection":[{"href":"http:\/\/www.korhanyilmaz.com\/index.php?rest_route=\/wp\/v2\/posts"}],"about":[{"href":"http:\/\/www.korhanyilmaz.com\/index.php?rest_route=\/wp\/v2\/types\/post"}],"author":[{"embeddable":true,"href":"http:\/\/www.korhanyilmaz.com\/index.php?rest_route=\/wp\/v2\/users\/1"}],"replies":[{"embeddable":true,"href":"http:\/\/www.korhanyilmaz.com\/index.php?rest_route=%2Fwp%2Fv2%2Fcomments&post=45149"}],"version-history":[{"count":0,"href":"http:\/\/www.korhanyilmaz.com\/index.php?rest_route=\/wp\/v2\/posts\/45149\/revisions"}],"wp:attachment":[{"href":"http:\/\/www.korhanyilmaz.com\/index.php?rest_route=%2Fwp%2Fv2%2Fmedia&parent=45149"}],"wp:term":[{"taxonomy":"category","embeddable":true,"href":"http:\/\/www.korhanyilmaz.com\/index.php?rest_route=%2Fwp%2Fv2%2Fcategories&post=45149"},{"taxonomy":"post_tag","embeddable":true,"href":"http:\/\/www.korhanyilmaz.com\/index.php?rest_route=%2Fwp%2Fv2%2Ftags&post=45149"}],"curies":[{"name":"wp","href":"https:\/\/api.w.org\/{rel}","templated":true}]}}