{"id":45123,"date":"2011-12-23T14:01:34","date_gmt":"2011-12-23T12:01:34","guid":{"rendered":"http:\/\/www.korhanyilmaz.com\/?p=45123"},"modified":"2011-12-24T02:06:16","modified_gmt":"2011-12-24T00:06:16","slug":"kilicdaroglundan-kubilaya-kirmizi-karanfil","status":"publish","type":"post","link":"http:\/\/www.korhanyilmaz.com\/?p=45123","title":{"rendered":"K\u0131l\u0131\u00e7daro\u011flu&#8217;ndan Kubilay&#8217;a k\u0131rm\u0131z\u0131 karanfil"},"content":{"rendered":"<p style=\"text-align: center;\"><a href=\"http:\/\/www.korhanyilmaz.com\/wp-content\/uploads\/2011\/12\/8735.jpg\"  class=\"lightview\"><img loading=\"lazy\" decoding=\"async\" class=\"aligncenter  wp-image-45126\" src=\"http:\/\/www.korhanyilmaz.com\/wp-content\/uploads\/2011\/12\/8735.jpg\" alt=\"\" width=\"405\" height=\"154\" \/><\/a><\/p>\n<p style=\"text-align: justify;\"><strong>\u015eehir Aste\u011fmen Kubilay 81 y\u0131l sonra an\u0131ld\u0131.<\/strong><\/p>\n<p style=\"text-align: justify;\">Devrim \u015fehidi Aste\u011fmen Mustafa Fehmi Kubilay, gericiler taraf\u0131ndan \u015fehit edili\u015finin 81&#8217;inci y\u0131l\u0131nda \u0130zmir&#8217;in Menemen \u0130l\u00e7esi&#8217;nde t\u00f6renle an\u0131ld\u0131. CHP Genel Ba\u015fkan\u0131 Kemal K\u0131l\u0131\u00e7daro\u011flu&#8217;nun ilk kez kat\u0131ld\u0131\u011f\u0131 anma t\u00f6reninde zaman zaman izdiham ya\u015fand\u0131. Ya\u011fmur alt\u0131nda ger\u00e7ekle\u015fen t\u00f6rene TBMM Ba\u015fkan\u0131 Cemil \u00c7i\u00e7ek&#8217;in g\u00f6nderdi\u011fi mesaj\u0131 okunurken baz\u0131 kat\u0131l\u0131mc\u0131lar protestoda bulundu.<!--more--><\/p>\n<p style=\"text-align: justify;\">Anma t\u00f6renleri, saat 09.30&#8217;da, Menemen Tren Gar\u0131&#8217;nda toplanan gruplar\u0131n, &#8216;Demokrasi ve Laiklik&#8217; y\u00fcr\u00fcy\u00fc\u015f\u00fcyle ba\u015flad\u0131. Menemen Belediye Bandosu&#8217;nun mar\u015flar\u0131yla e\u015flik etti\u011fi y\u00fcr\u00fcy\u00fc\u015fe, CHP Genel Ba\u015fkan\u0131 Kemal K\u0131l\u0131\u00e7daro\u011flu, yard\u0131mc\u0131lar\u0131 G\u00fcrsel Tekin, Birg\u00fcl Ayman G\u00fcler, G\u00f6khan G\u00fcnayd\u0131n, CHP Genel Sekreteri Bihlun Tamayl\u0131gil, \u0130zmir B\u00fcy\u00fck\u015fehir Belediye Ba\u015fkan\u0131 CHP&#8217;li Aziz Kocao\u011flu, \u0130zmir Vali Yard\u0131mc\u0131s\u0131 Ardahan Totuk, Ege Ordusu Komutan\u0131 Orgeneral Abdullah Atay, CHP \u0130zmir milletvekilleri, il\u00e7e belediye ba\u015fkanlar\u0131, Atat\u00fcrk\u00e7\u00fc D\u00fc\u015f\u00fcnce Derne\u011fi (ADD) Genel Ba\u015fkan\u0131 Tansel \u00c7\u00f6la\u015fan, Menemen Kaymakam\u0131 Turgut Suba\u015f\u0131, Kubilay&#8217;\u0131n torunlar\u0131 Vedat, Bircan, Kemal, Ayten, Aktu\u011f ve Mustafa Kubilay, vatanda\u015flar, subaylar ve yakla\u015f\u0131k 3 bin ki\u015fi kat\u0131ld\u0131.<\/p>\n<p style=\"text-align: justify;\">Menemen Belediyesi&#8217;nin 5 bin T\u00fcrk bayra\u011f\u0131 ve Kubilay&#8217;\u0131n rozetini da\u011f\u0131tt\u0131\u011f\u0131 y\u00fcr\u00fcy\u00fc\u015fe ve t\u00f6rene, CHP Genel Ba\u015fkan\u0131 Kemal K\u0131l\u0131\u00e7daro\u011flu&#8217;nun ilk kez kat\u0131lmas\u0131, ilgiyi art\u0131rd\u0131, zaman zaman izdiham ya\u015fand\u0131. Y\u00fcr\u00fcy\u00fc\u015fe kat\u0131lanlar, yakalar\u0131nda devrim \u015fehidinin resmini, ellerinde Atat\u00fcrk posterlerini ve T\u00fcrk bayraklar\u0131n\u0131 ta\u015f\u0131rken, &#8216;T\u00fcrkiye laiktir laik kalacak&#8217;, &#8216;Mustafa Kemal&#8217;in askerleriyiz&#8217;, &#8216;Ne Mutlu T\u00fcrk\u00fcm diyene&#8217; sloganlar\u0131 att\u0131. Kortejin sonunda gen\u00e7ler, Menemen Belediyesi taraf\u0131ndan yapt\u0131r\u0131lan yakla\u015f\u0131k 300 metre uzunlu\u011fundaki T\u00fcrk bayra\u011f\u0131n\u0131 a\u00e7t\u0131. Kortejde, &#8216;Fransa \u015fa\u015f\u0131rma, sabr\u0131m\u0131z\u0131 ta\u015f\u0131ma&#8217; yaz\u0131l\u0131 pankartlar da dikkat \u00e7ekti.<\/p>\n<p style=\"text-align: justify;\">Kortej, Y\u0131ld\u0131ztepe&#8217;ki Kubilay An\u0131t\u0131&#8217;na y\u00fcr\u00fcrken, CHP, \u0130\u015f\u00e7i Partisi, ADD, E\u011fitim-\u0130\u015f, Cumhuriyet Kad\u0131nlar\u0131 Derne\u011fi, T\u00fcrkiye Gen\u00e7lik Birli\u011fi, Muharip Gaziler Derne\u011fi, Dokuz Eyl\u00fcl \u00dcniversitesi Cumhuriyet\u00e7i D\u00fc\u015f\u00fcnce Toplulu\u011fu, Ege \u00dcniversitesi Atat\u00fcrk\u00e7\u00fc D\u00fc\u015f\u00fcnce Toplulu\u011fu, izci gruplar\u0131 da e\u015flik etti. Askeri b\u00f6lge i\u00e7indeki an\u0131t\u0131n bulundu\u011fu Y\u0131ld\u0131ztepe&#8217;ye giri\u015fte ise askerler, siyasi i\u00e7erikli pankart ve d\u00f6vizleri toplad\u0131. Y\u0131ld\u0131ztepe&#8217;deki an\u0131tta d\u00fczenlenen t\u00f6rende ise \u00e7elenk konuldu, sayg\u0131 duru\u015funda bulunulup \u0130stiklal Mar\u015f\u0131 okundu, sayg\u0131 at\u0131\u015f\u0131 yap\u0131ld\u0131.<\/p>\n<p style=\"text-align: justify;\"><strong>BA\u015eKAN KOCAO\u011eLU \u0130LE SOHBET\u00a0<\/strong><\/p>\n<p style=\"text-align: justify;\">Kemal K\u0131l\u0131\u00e7daro\u011flu&#8217;nun alana giri\u015fi s\u0131ras\u0131nda vatanda\u015flar sevgi g\u00f6sterisinde bulunurken, CHP Lideri&#8217;nin B\u00fcy\u00fck\u015fehir Belediye Ba\u015fkan\u0131 Kocao\u011flu ile uzun s\u00fcre sohbet etti\u011fi g\u00f6r\u00fcld\u00fc. K\u0131l\u0131\u00e7daro\u011flu ile trib\u00fcnde yan\u0131na oturmadan \u00f6nce tokala\u015fmak isteyen Ege Ordu Komutan\u0131 Orgeneral Atay ise ya\u011f\u0131\u015f nedeniyle kayganla\u015fan zeminde aya\u011f\u0131 kay\u0131nca sendeledi.<\/p>\n<p style=\"text-align: justify;\">An\u0131ttaki t\u00f6rende konu\u015fmalara ge\u00e7ildi\u011fi s\u0131rada TBMM Ba\u015fkan\u0131 Cemil \u00c7i\u00e7ek&#8217;in g\u00f6nderdi\u011fi mesaj okunurken, alan\u0131 dolduranlar\u0131n baz\u0131lar\u0131ndan tepkiler y\u00fckseldi, &#8216;AKP halka hesap verecek&#8217; slogan\u0131 at\u0131ld\u0131. Cumhurba\u015fkan\u0131 Abdullah G\u00fcl ve Ba\u015fbakan Recep Tayyip Erdo\u011fan ise t\u00f6rene mesaj g\u00f6ndermedi.<\/p>\n<p style=\"text-align: justify;\"><strong>&#8220;CUMHUR\u0130YET\u0130 KARANLI\u011eA G\u00d6T\u00dcREMEYECEKS\u0130N\u0130Z&#8221;\u00a0<\/strong><\/p>\n<p style=\"text-align: justify;\">Menemen Belediye Ba\u015fkan\u0131 Tahir \u015eahin, konu\u015fmas\u0131nda, h\u00fck\u00fcmetin politikalar\u0131n\u0131 sert bir dille ele\u015ftirerek, \u015funlar\u0131 s\u00f6yledi:<\/p>\n<p style=\"text-align: justify;\">&#8220;Siz isterseniz hilafeti bile geri getirebilirsiniz. 3- 5 oy u\u011fruna verilen tavizlere mi, alt \u00fcst kimlik tart\u0131\u015fmalar\u0131na, c\u00fcppeli hocalar\u0131n alk\u0131\u015fland\u0131\u011f\u0131na m\u0131, deniz fenerlerine mi \u00fcz\u00fclece\u011fiz? Generallerimize utanmadan laf s\u00f6yleyen, PKK yanl\u0131s\u0131 milletvekillerine mi \u00fcz\u00fclece\u011fiz? Bu d\u00fc\u015f\u00fcnceye verilen tavizler saymakla bitmiyor. Asla ama asla heveslenmeyin, d\u00fcn nas\u0131l bu \u00fclkeden bir kar\u0131\u015f toprak alamad\u0131ysan\u0131z bug\u00fcn de alamayacaks\u0131n\u0131z. Atat\u00fcrk&#8217;\u00fcn kurdu\u011fu T\u00fcrkiye Cumhuriyeti&#8217;ni bir milim bile karanl\u0131\u011fa g\u00f6t\u00fcremeyeceksiniz. Bunu b\u00f6yle bilin.&#8221;<\/p>\n<p style=\"text-align: justify;\"><strong>&#8220;CUMHUR\u0130YET\u0130 VE ATAT\u00dcRK DEVR\u0130MLER\u0130N\u0130 K\u0130MSE YIKAMAZ&#8221;\u00a0<\/strong><\/p>\n<p style=\"text-align: justify;\">Askerler ad\u0131na Top\u00e7u Binba\u015f\u0131 Y\u00fcksel Tosun konu\u015fma yapt\u0131. Kubilay&#8217;\u0131n millet ve cumhuriyet de\u011ferleri u\u011fruna can\u0131n\u0131 feda etti\u011fini belirten Binba\u015f\u0131 Y\u00fcksel Tosun, &#8220;\u015eehit Kubilay, kalbi vatan sevgisiyle dolu bir idealistti&#8221; dedi. Binba\u015f\u0131 Tosun, konu\u015fmas\u0131nda \u015funlar\u0131 s\u00f6yledi:<\/p>\n<p style=\"text-align: justify;\">&#8220;Cumhuriyet tarihimizin ibret sayfalar\u0131na kaydedilen bu olay, cumhuriyetimizin \u00fczerinde y\u00fckseldi\u011fi temel de\u011ferleri kavram\u0131\u015f nesilleri, bu de\u011ferleri ya\u015fatma kararl\u0131l\u0131\u011f\u0131n\u0131 da ortaya koymu\u015ftur. Onlar rahat uyusunlar. Onlar\u0131n bize emaneti olan Cumhuriyeti ve Atat\u00fcrk devrimlerini kimse y\u0131kamaz. \u00c7\u00fcnk\u00fc Kubilay gibi, i\u00e7inde milyonlarca ferdi bulunan bir Cumhuriyet gen\u00e7li\u011fi vard\u0131r.&#8221;<\/p>\n<p style=\"text-align: justify;\"><strong>&#8220;CUMHUR\u0130YET\u0130 AYAKTA TUTAN M\u0130LLET\u0130N KEND\u0130S\u0130D\u0130R&#8221;\u00a0<\/strong><\/p>\n<p style=\"text-align: justify;\">Menemen Kaymakam\u0131 Turgut Suba\u015f\u0131 da &#8220;T\u00fcrkiye Cumhuriyeti etnik k\u00f6keni ne olursa olsun, dini inanc\u0131 ne olursa olsun, vatanda\u015f\u0131n\u0131 koruyan bir anlay\u0131\u015fla kurulmu\u015ftur. Cumhuriyeti ayakta tutan yegane zihniyet milletin kendisidir. Millete dayanan, milletten g\u00fc\u00e7 alan kimse ma\u011flup olmam\u0131\u015ft\u0131r. Toplumsal huzurumuza kast eden hi\u00e7bir giri\u015fim birlik ve beraberli\u011fimize g\u00f6lge d\u00fc\u015f\u00fcremeyecektir. T\u00fcrk K\u00fcrt, alevi s\u00fcnni, sa\u011fc\u0131 solcu, laik antilaik kayg\u0131s\u0131 olmadan birlikte ya\u015faca\u011f\u0131z&#8221; dedi.<\/p>\n<p style=\"text-align: justify;\">Ard\u0131ndan Kubilay \u0130lk\u00f6\u011fretim Okulu \u00f6\u011frencisi Ece Sakall\u0131, &#8216;Kubilay Destan\u0131&#8217; adl\u0131 \u015fiiri okudu.<\/p>\n<p style=\"text-align: justify;\">Daha sonra Atat\u00fcrk&#8217;\u00fcn gen\u00e7li\u011fe hitab\u0131 ve gen\u00e7li\u011fin cevab\u0131 t\u00fcm \u00f6\u011frenciler taraf\u0131ndan okundu.<\/p>\n<p style=\"text-align: justify;\"><strong>KUB\u0130LAY A\u0130LES\u0130YLE HATIRA FOTO\u011eRAFI\u00a0<\/strong><\/p>\n<p style=\"text-align: justify;\">\u0130zmir B\u00fcy\u00fck\u015fehir Belediyesi taraf\u0131ndan \u015eehit Aste\u011fmen Kubilay ad\u0131na d\u00fczenlenen &#8216;Cumhuriyet \u015eehitleri Ulusal Ko\u015fusu&#8217;nda dereceye girenlere \u00f6d\u00fclleri verildi. CHP Genel Ba\u015fkan\u0131 Kemal K\u0131l\u0131\u00e7daro\u011flu da &#8216;Halk\u0131n gururu K\u0131l\u0131\u00e7daro\u011flu&#8217; sloganlar\u0131 e\u015fli\u011finde \u00f6d\u00fcl verdi. T\u00f6ren, \u0130zmir Vali Yard\u0131mc\u0131s\u0131 Ardahan Totuk ve Ege Ordusu Komutan\u0131 Orgeneral Abdullah Atay&#8217;\u0131n, An\u0131t \u00d6zel Defteri&#8217;ni imzalamas\u0131 ve Kubilay ailesiyle birlikte hat\u0131ra foto\u011fraf\u0131 \u00e7ektirmesiyle son buldu. T\u00f6rene kat\u0131lan protokol daha sonra Kubilay \u015eehitli\u011fi&#8217;ndeki askerlerin mezarlar\u0131na karanfil b\u0131rakt\u0131.<\/p>\n<p>\u00d6te yandan Vali Cahit K\u0131ra\u00e7, \u0130zmir&#8217;de g\u00f6rev yapt\u0131\u011f\u0131 be\u015finci y\u0131l\u0131nda da t\u00f6rene kat\u0131lmad\u0131. Son be\u015f y\u0131lda Valili\u011fi hep bir vali yard\u0131mc\u0131s\u0131 t\u00f6renlerde temsil etti.<\/p>\n<p><a href=\"http:\/\/muhalifgazete.com\/28215-Kilicdaroglu-ndan--Kubilay-a-kirmizi-karanfil.htm\" target=\"_blank\">Kaynak : Muhalif Gazete<\/a><\/p>\n","protected":false},"excerpt":{"rendered":"<p style=\"text-align: center;\">\n<p style=\"text-align: justify;\">\u015eehir Aste\u011fmen Kubilay 81 y\u0131l sonra an\u0131ld\u0131.<\/p>\n<p style=\"text-align: justify;\">Devrim \u015fehidi Aste\u011fmen Mustafa Fehmi Kubilay, gericiler taraf\u0131ndan \u015fehit edili\u015finin 81&#8217;inci y\u0131l\u0131nda \u0130zmir&#8217;in Menemen \u0130l\u00e7esi&#8217;nde t\u00f6renle an\u0131ld\u0131. CHP Genel Ba\u015fkan\u0131 Kemal K\u0131l\u0131\u00e7daro\u011flu&#8217;nun ilk kez kat\u0131ld\u0131\u011f\u0131 anma t\u00f6reninde zaman zaman izdiham ya\u015fand\u0131. Ya\u011fmur alt\u0131nda ger\u00e7ekle\u015fen t\u00f6rene TBMM Ba\u015fkan\u0131 Cemil \u00c7i\u00e7ek&#8217;in g\u00f6nderdi\u011fi mesaj\u0131 <\/p>\n","protected":false},"author":1,"featured_media":0,"comment_status":"open","ping_status":"open","sticky":false,"template":"","format":"standard","meta":{"footnotes":""},"categories":[105],"tags":[],"class_list":["post-45123","post","type-post","status-publish","format-standard","hentry","category-gundem","odd"],"_links":{"self":[{"href":"http:\/\/www.korhanyilmaz.com\/index.php?rest_route=\/wp\/v2\/posts\/45123","targetHints":{"allow":["GET"]}}],"collection":[{"href":"http:\/\/www.korhanyilmaz.com\/index.php?rest_route=\/wp\/v2\/posts"}],"about":[{"href":"http:\/\/www.korhanyilmaz.com\/index.php?rest_route=\/wp\/v2\/types\/post"}],"author":[{"embeddable":true,"href":"http:\/\/www.korhanyilmaz.com\/index.php?rest_route=\/wp\/v2\/users\/1"}],"replies":[{"embeddable":true,"href":"http:\/\/www.korhanyilmaz.com\/index.php?rest_route=%2Fwp%2Fv2%2Fcomments&post=45123"}],"version-history":[{"count":0,"href":"http:\/\/www.korhanyilmaz.com\/index.php?rest_route=\/wp\/v2\/posts\/45123\/revisions"}],"wp:attachment":[{"href":"http:\/\/www.korhanyilmaz.com\/index.php?rest_route=%2Fwp%2Fv2%2Fmedia&parent=45123"}],"wp:term":[{"taxonomy":"category","embeddable":true,"href":"http:\/\/www.korhanyilmaz.com\/index.php?rest_route=%2Fwp%2Fv2%2Fcategories&post=45123"},{"taxonomy":"post_tag","embeddable":true,"href":"http:\/\/www.korhanyilmaz.com\/index.php?rest_route=%2Fwp%2Fv2%2Ftags&post=45123"}],"curies":[{"name":"wp","href":"https:\/\/api.w.org\/{rel}","templated":true}]}}