{"id":45119,"date":"2011-12-23T18:31:33","date_gmt":"2011-12-23T16:31:33","guid":{"rendered":"http:\/\/www.korhanyilmaz.com\/?p=45119"},"modified":"2011-12-24T01:59:29","modified_gmt":"2011-12-23T23:59:29","slug":"kubilay-icin-mesaj-yayimladi","status":"publish","type":"post","link":"http:\/\/www.korhanyilmaz.com\/?p=45119","title":{"rendered":"Kubilay i\u00e7in mesaj yay\u0131mlad\u0131"},"content":{"rendered":"<p style=\"text-align: center;\"><a href=\"http:\/\/www.korhanyilmaz.com\/wp-content\/uploads\/2011\/12\/8734.jpg\"  class=\"lightview\"><img loading=\"lazy\" decoding=\"async\" class=\"aligncenter  wp-image-45120\" src=\"http:\/\/www.korhanyilmaz.com\/wp-content\/uploads\/2011\/12\/8734.jpg\" alt=\"\" width=\"396\" height=\"180\" \/><\/a><\/p>\n<p style=\"text-align: justify;\">Ba\u015fbakan Recep Tayyip Erdo\u011fan, Aste\u011fmen Kubilay&#8217;\u0131n \u015fehit edili\u015finin 81&#8217;inci y\u0131l d\u00f6n\u00fcm\u00fc dolay\u0131s\u0131yla bir mesaj yay\u0131mlad\u0131.<\/p>\n<p style=\"text-align: justify;\">ANKARA &#8211; Menemen olay\u0131n\u0131n yak\u0131n tarihin en trajik hadiselerinden biri oldu\u011funu belirten Ba\u015fbakan Erdo\u011fan, &#8220;Aziz milletimiz d\u00fcn oldu\u011fu gibi bug\u00fcn de toplumsal huzurumuza kasteden odaklara kar\u015f\u0131 birlik ve b\u00fct\u00fcnl\u00fck i\u00e7inde hareket ederek en g\u00fczel cevab\u0131 vermektedir&#8221; dedi.\u00a0<!--more--><\/p>\n<p style=\"text-align: justify;\"><span style=\"text-decoration: underline;\">Ba\u015fbakan Erdo\u011fan&#8217;\u0131n yay\u0131nlad\u0131\u011f\u0131 mesaj \u015f\u00f6yle<\/span>:<\/p>\n<p style=\"text-align: justify;\">&#8220;Menemen Olay\u0131 olarak bilinen ve Aste\u011fmen Kubilay ile birlikte iki bek\u00e7inin \u015fehit edilmesine sebep olan menfur sald\u0131r\u0131y\u0131, y\u0131ld\u00f6n\u00fcm\u00fcnde bir kez daha k\u0131n\u0131yor ve esefle an\u0131yoruz. Menemen Olay\u0131, hi\u00e7 \u015f\u00fcphe yok ki yak\u0131n tarihimizin en karanl\u0131k, en vahim, en trajik hadiselerinden biridir. Ne var ki bu provokatif sald\u0131r\u0131y\u0131 ger\u00e7ekle\u015ftirmek suretiyle milletimizin birlik ve beraberli\u011fini hedef alanlar, kirli emellerine ula\u015famam\u0131\u015f, milletimizin sa\u011fduyusu sayesinde, kurulan tuzaklar bozulmu\u015ftur. Aziz milletimiz d\u00fcn oldu\u011fu gibi bug\u00fcn de toplumsal huzurumuza kasteden odaklara kar\u015f\u0131 birlik ve b\u00fct\u00fcnl\u00fck i\u00e7inde hareket ederek en g\u00fczel cevab\u0131 vermektedir. \u0130nan\u0131yorum ki milletimiz akliselim ve sa\u011fduyu ile hareket ettik\u00e7e, hi\u00e7bir tehdit, hi\u00e7bir provokasyon, hi\u00e7bir odak karde\u015fli\u011fimize, birli\u011fimize, beraberli\u011fimize halel getiremeyecek, ortak ideallerimize g\u00f6lge d\u00fc\u015f\u00fcremeyecektir. Bu d\u00fc\u015f\u00fcncelerle, Menemen\u2019deki menfur sald\u0131r\u0131y\u0131 bir kez daha esefle k\u0131n\u0131yor, Aste\u011fmen Mustafa Fehmi Kubilay\u2019\u0131 ve b\u00fct\u00fcn \u015fehitlerimizi rahmetle an\u0131yorum.&#8221;<\/p>\n<p style=\"text-align: justify;\"><a href=\"http:\/\/www.gazeteport.com.tr\/haber\/69988\/kubilay_icin_mesaj_yayimladi\" target=\"_blank\">Kaynak :GAZETEPORT<\/a><\/p>\n","protected":false},"excerpt":{"rendered":"<p style=\"text-align: center;\">\n<p style=\"text-align: justify;\">Ba\u015fbakan Recep Tayyip Erdo\u011fan, Aste\u011fmen Kubilay&#8217;\u0131n \u015fehit edili\u015finin 81&#8217;inci y\u0131l d\u00f6n\u00fcm\u00fc dolay\u0131s\u0131yla bir mesaj yay\u0131mlad\u0131.<\/p>\n<p style=\"text-align: justify;\">ANKARA &#8211; Menemen olay\u0131n\u0131n yak\u0131n tarihin en trajik hadiselerinden biri oldu\u011funu belirten Ba\u015fbakan Erdo\u011fan, &#8220;Aziz milletimiz d\u00fcn oldu\u011fu gibi bug\u00fcn de toplumsal huzurumuza kasteden odaklara kar\u015f\u0131 birlik ve b\u00fct\u00fcnl\u00fck i\u00e7inde hareket ederek en <\/p>\n","protected":false},"author":1,"featured_media":0,"comment_status":"open","ping_status":"open","sticky":false,"template":"","format":"standard","meta":{"footnotes":""},"categories":[105],"tags":[],"class_list":["post-45119","post","type-post","status-publish","format-standard","hentry","category-gundem","odd"],"_links":{"self":[{"href":"http:\/\/www.korhanyilmaz.com\/index.php?rest_route=\/wp\/v2\/posts\/45119","targetHints":{"allow":["GET"]}}],"collection":[{"href":"http:\/\/www.korhanyilmaz.com\/index.php?rest_route=\/wp\/v2\/posts"}],"about":[{"href":"http:\/\/www.korhanyilmaz.com\/index.php?rest_route=\/wp\/v2\/types\/post"}],"author":[{"embeddable":true,"href":"http:\/\/www.korhanyilmaz.com\/index.php?rest_route=\/wp\/v2\/users\/1"}],"replies":[{"embeddable":true,"href":"http:\/\/www.korhanyilmaz.com\/index.php?rest_route=%2Fwp%2Fv2%2Fcomments&post=45119"}],"version-history":[{"count":0,"href":"http:\/\/www.korhanyilmaz.com\/index.php?rest_route=\/wp\/v2\/posts\/45119\/revisions"}],"wp:attachment":[{"href":"http:\/\/www.korhanyilmaz.com\/index.php?rest_route=%2Fwp%2Fv2%2Fmedia&parent=45119"}],"wp:term":[{"taxonomy":"category","embeddable":true,"href":"http:\/\/www.korhanyilmaz.com\/index.php?rest_route=%2Fwp%2Fv2%2Fcategories&post=45119"},{"taxonomy":"post_tag","embeddable":true,"href":"http:\/\/www.korhanyilmaz.com\/index.php?rest_route=%2Fwp%2Fv2%2Ftags&post=45119"}],"curies":[{"name":"wp","href":"https:\/\/api.w.org\/{rel}","templated":true}]}}