{"id":45107,"date":"2011-12-23T17:05:18","date_gmt":"2011-12-23T15:05:18","guid":{"rendered":"http:\/\/www.korhanyilmaz.com\/?p=45107"},"modified":"2011-12-24T02:15:17","modified_gmt":"2011-12-24T00:15:17","slug":"necdet-ozel-astegmen-kubilayin-sehit-olusunun-yil-donumu-nedeniyle-bir-mesaj-yayimladi","status":"publish","type":"post","link":"http:\/\/www.korhanyilmaz.com\/?p=45107","title":{"rendered":"Necdet \u00d6zel, aste\u011fmen Kubilay&#8217;\u0131n \u015fehit olu\u015funun y\u0131l d\u00f6n\u00fcm\u00fc nedeniyle bir mesaj yay\u0131mlad\u0131."},"content":{"rendered":"<p style=\"text-align: center;\"><a href=\"http:\/\/www.korhanyilmaz.com\/wp-content\/uploads\/2011\/12\/8732.jpg\"  class=\"lightview\"><img loading=\"lazy\" decoding=\"async\" class=\"aligncenter  wp-image-45108\" src=\"http:\/\/www.korhanyilmaz.com\/wp-content\/uploads\/2011\/12\/8732.jpg\" alt=\"\" width=\"282\" height=\"214\" \/><\/a><\/p>\n<p style=\"text-align: justify;\">Genelkurmay Ba\u015fkan\u0131 Orgeneral Necdet \u00d6zel, aste\u011fmen Kubilay&#8217;\u0131n \u015fehit olu\u015funun y\u0131l d\u00f6n\u00fcm\u00fc nedeniyle bir mesaj yay\u0131mlad\u0131.<\/p>\n<p style=\"text-align: justify;\"><span style=\"text-decoration: underline;\">Mesajda \u015fu ifadelere yer verildi<\/span>;<\/p>\n<p style=\"text-align: justify;\">&#8220;T\u00fcrk Silahl\u0131 Kuvvetlerinin De\u011ferli Mensuplar\u0131,<\/p>\n<p style=\"text-align: justify;\">Bug\u00fcn, y\u00fcce T\u00fcrk milletinin \u00e7a\u011fda\u015fla\u015fma ve ayd\u0131nlanma iradesini simgeleyen Cumhuriyetimiz ile onun \u00e7a\u011fda\u015f kazan\u0131mlar\u0131n\u0131 yok etmeyi hedefleyen ak\u0131l ve sa\u011fduyudan yoksun bir grubun Aste\u011fmen Kubilay ile Hasan ve \u015eevki adl\u0131 iki bek\u00e7imizi \u015fehit etmelerinin 81&#8217;inci y\u0131l d\u00f6n\u00fcm\u00fcd\u00fcr.\u00a0<!--more--><\/p>\n<p style=\"text-align: justify;\">\u015eehit Aste\u011fmen Kubilay ve arkada\u015flar\u0131, Gazi Mustafa Kemal ATAT\u00dcRK&#8217;\u00fcn belirtti\u011fi gibi, &#8220;Cumhuriyet&#8217;in hayatiyetini tazeleyen ve kuvvetlendiren&#8221; bir simge olarak milletimizin g\u00f6nl\u00fcnde \u00f6l\u00fcms\u00fczle\u015fmi\u015ftir. T\u00fcrkiye Cumhuriyeti&#8217;nin varl\u0131\u011f\u0131na, laik ve demokratik yap\u0131s\u0131na y\u00f6nelik bu gibi menfur eylemler, milletimizin Cumhuriyet&#8217;e, ATAT\u00dcRK ilke ve devrimlerine olan sars\u0131lmaz inanc\u0131 ve sa\u011fduyusu sayesinde ba\u015far\u0131l\u0131 olamam\u0131\u015ft\u0131r.<\/p>\n<p style=\"text-align: justify;\">Ge\u00e7en s\u00fcre zarf\u0131nda Cumhuriyet, Y\u00fcce ATAT\u00dcRK&#8217;\u00fcn i\u015faret etti\u011fi ak\u0131l ve bilimin rehberli\u011finde ilerlemesini ve geli\u015fmesini devam ettirerek b\u00f6lgesinde \u00f6rnek al\u0131nan bir model, istikrar ve g\u00fc\u00e7 unsuru h\u00e2line gelmi\u015ftir.<\/p>\n<p style=\"text-align: justify;\">Anayasa ile tan\u0131mlanan Cumhuriyet&#8217;in temel niteliklerine y\u00fcrekten ba\u011fl\u0131 Kahraman T\u00fcrk Silahl\u0131 Kuvvetleri, asil T\u00fcrk milletinden alm\u0131\u015f oldu\u011fu g\u00fc\u00e7, sars\u0131lmaz azim, irade ve kararl\u0131l\u0131k ile Gazi Mustafa Kemal ATAT\u00dcRK&#8217;\u00fcn i\u015faret etti\u011fi \u00e7a\u011fda\u015f uygarl\u0131k hedefinin ilerisine do\u011fru y\u00fcr\u00fcmeye devam edecektir.<\/p>\n<p style=\"text-align: justify;\">Bu duygu ve d\u00fc\u015f\u00fcncelerle, T\u00fcrkiye Cumhuriyeti&#8217;ni ve onun temel niteliklerini korumak u\u011fruna canlar\u0131n\u0131 feda etmekten \u00e7ekinmeyen \u015fehitlerimizi rahmet, minnet ve \u015f\u00fckranla an\u0131yor, aziz hat\u0131ralar\u0131 \u00f6n\u00fcnde sayg\u0131yla e\u011filiyorum.&#8221;<\/p>\n<p style=\"text-align: justify;\"><a href=\"http:\/\/www.tsk.tr\/10_ARSIV\/10_1_Basin_Yayin_Faaliyetleri\/10_1_8_Mesajlar\/2011\/kubilayi_anma_mesaji_23122011.htm\" target=\"_blank\">Kaynak :\u00a0http:\/\/www.tsk.tr<\/a><\/p>\n","protected":false},"excerpt":{"rendered":"<p style=\"text-align: center;\">\n<p style=\"text-align: justify;\">Genelkurmay Ba\u015fkan\u0131 Orgeneral Necdet \u00d6zel, aste\u011fmen Kubilay&#8217;\u0131n \u015fehit olu\u015funun y\u0131l d\u00f6n\u00fcm\u00fc nedeniyle bir mesaj yay\u0131mlad\u0131.<\/p>\n<p style=\"text-align: justify;\">Mesajda \u015fu ifadelere yer verildi;<\/p>\n<p style=\"text-align: justify;\">&#8220;T\u00fcrk Silahl\u0131 Kuvvetlerinin De\u011ferli Mensuplar\u0131,<\/p>\n<p style=\"text-align: justify;\">Bug\u00fcn, y\u00fcce T\u00fcrk milletinin \u00e7a\u011fda\u015fla\u015fma ve ayd\u0131nlanma iradesini simgeleyen Cumhuriyetimiz ile onun \u00e7a\u011fda\u015f kazan\u0131mlar\u0131n\u0131 yok etmeyi hedefleyen ak\u0131l ve <\/p>\n","protected":false},"author":1,"featured_media":0,"comment_status":"open","ping_status":"open","sticky":false,"template":"","format":"standard","meta":{"footnotes":""},"categories":[105],"tags":[],"class_list":["post-45107","post","type-post","status-publish","format-standard","hentry","category-gundem","odd"],"_links":{"self":[{"href":"http:\/\/www.korhanyilmaz.com\/index.php?rest_route=\/wp\/v2\/posts\/45107","targetHints":{"allow":["GET"]}}],"collection":[{"href":"http:\/\/www.korhanyilmaz.com\/index.php?rest_route=\/wp\/v2\/posts"}],"about":[{"href":"http:\/\/www.korhanyilmaz.com\/index.php?rest_route=\/wp\/v2\/types\/post"}],"author":[{"embeddable":true,"href":"http:\/\/www.korhanyilmaz.com\/index.php?rest_route=\/wp\/v2\/users\/1"}],"replies":[{"embeddable":true,"href":"http:\/\/www.korhanyilmaz.com\/index.php?rest_route=%2Fwp%2Fv2%2Fcomments&post=45107"}],"version-history":[{"count":0,"href":"http:\/\/www.korhanyilmaz.com\/index.php?rest_route=\/wp\/v2\/posts\/45107\/revisions"}],"wp:attachment":[{"href":"http:\/\/www.korhanyilmaz.com\/index.php?rest_route=%2Fwp%2Fv2%2Fmedia&parent=45107"}],"wp:term":[{"taxonomy":"category","embeddable":true,"href":"http:\/\/www.korhanyilmaz.com\/index.php?rest_route=%2Fwp%2Fv2%2Fcategories&post=45107"},{"taxonomy":"post_tag","embeddable":true,"href":"http:\/\/www.korhanyilmaz.com\/index.php?rest_route=%2Fwp%2Fv2%2Ftags&post=45107"}],"curies":[{"name":"wp","href":"https:\/\/api.w.org\/{rel}","templated":true}]}}