{"id":45104,"date":"2011-12-23T16:52:49","date_gmt":"2011-12-23T14:52:49","guid":{"rendered":"http:\/\/www.korhanyilmaz.com\/?p=45104"},"modified":"2011-12-24T00:47:33","modified_gmt":"2011-12-23T22:47:33","slug":"cudide-27-pkkli-terorist-olduruldu","status":"publish","type":"post","link":"http:\/\/www.korhanyilmaz.com\/?p=45104","title":{"rendered":"Cudi&#8217;de 27 PKK&#8217;l\u0131 ter\u00f6rist \u00f6ld\u00fcr\u00fcld\u00fc"},"content":{"rendered":"<p style=\"text-align: center;\"><a href=\"http:\/\/www.korhanyilmaz.com\/wp-content\/uploads\/2011\/12\/8731.jpg\"  class=\"lightview\"><img loading=\"lazy\" decoding=\"async\" class=\"aligncenter  wp-image-45105\" src=\"http:\/\/www.korhanyilmaz.com\/wp-content\/uploads\/2011\/12\/8731.jpg\" alt=\"\" width=\"324\" height=\"220\" \/><\/a><\/p>\n<p style=\"text-align: justify;\">\u015e\u0131rnak Valili\u011finden yap\u0131lan a\u00e7\u0131klamada, Cudi Da\u011f\u0131\u2019nda d\u00fczenlenen son operasyonlarda 27\u2019si \u00f6l\u00fc 32 ter\u00f6ristin silahlar\u0131yla ele ge\u00e7irildi\u011fi bildirildi.<\/p>\n<p style=\"text-align: justify;\">Cudi Da\u011f\u0131\u2019nda yap\u0131lan son operasyonlarda 27\u2019si \u00f6l\u00fc 32 ter\u00f6ristin silahlar\u0131yla ele ge\u00e7irildi\u011fi bildirildi.<\/p>\n<p style=\"text-align: justify;\">\u015e\u0131rnak Valili\u011finden yap\u0131lan a\u00e7\u0131klamada, 10 Aral\u0131k\u2019tan itibaren ger\u00e7ekle\u015ftirilen de\u011ferlendirmeler neticesinde Cudi Da\u011f\u0131\u2019nda bar\u0131nd\u0131\u011f\u0131 tespit edilen ter\u00f6ristlere y\u00f6nelik operasyon plan\u0131 haz\u0131rland\u0131\u011f\u0131, sonuncusu 18 Aral\u0131k\u2019ta ba\u015flamak \u00fczere iki a\u015famal\u0131 harekat icra edildi\u011fi belirtildi.<!--more--><\/p>\n<p style=\"text-align: justify;\">A\u00e7\u0131klamada, b\u00f6lgedeki son operasyonlarda 27\u2019si \u00f6l\u00fc, 32 ter\u00f6ristin silahlar\u0131yla ele ge\u00e7irildi\u011fi kaydedildi.<\/p>\n<p style=\"text-align: justify;\"><strong>B\u00d6LGE SORUMLUSUNUN \u00dcZER\u0130NDEN C\u0130NAYET B\u0130LG\u0130LER\u0130 \u00c7IKTI\u00a0<\/strong><\/p>\n<p style=\"text-align: justify;\">Cehennem Deresi&#8217;nde g\u00fcvenlik g\u00fc\u00e7leriyle girdi\u011fi \u00e7at\u0131\u015fmada \u00f6ld\u00fcr\u00fclen PKK&#8217;n\u0131n b\u00f6lge sorumlusu Agit Batman&#8217; kod adl\u0131 Yusuf Aktara&#8217;n\u0131n \u00fczerinden \u0130dil \u0130l\u00e7esi&#8217;nde daha \u00f6nce i\u015flenen baz\u0131 cinayetlere ili\u015fkin bilgi notlar\u0131 ve belgeler \u00e7\u0131kt\u0131. G\u00fcvenlik g\u00f6revlilileri, bu belge ve bilgiler \u00fczerine cinayet dosyalar\u0131n\u0131 yeniden a\u00e7arken, bir \u00e7ok cinayetin ayd\u0131nlat\u0131labilece\u011fi belirtildi. \u00dczerinde iki ayr\u0131 sahte kimlik bulunan PKK&#8217;l\u0131 Aktara&#8217;n\u0131n cebinden de yakla\u015f\u0131k 10 bin lira \u00e7\u0131kt\u0131.<\/p>\n<p style=\"text-align: justify;\"><strong>AYAK \u0130ZLER\u0130NDEN BULUNDU\u00a0<\/strong><\/p>\n<p style=\"text-align: justify;\">B\u00f6lge sorumlusu Aktara&#8217;n\u0131n etkisiz hale getirilmesiyle ilgili detaylarda ortaya \u00e7\u0131kt\u0131. B\u00f6lgede daha \u00f6nce teslim olan PKK&#8217;l\u0131lar\u0131n verdi\u011fi bilgiler \u00fczerine Cehennem Deresi&#8217;nde yakla\u015f\u0131k 80 kadar Jandarma ve Polis \u00d6zel Harekat Timi operasyon d\u00fczenledi. Operasyorda yakla\u015f\u0131k 50 ma\u011fara tek tek arand\u0131. G\u00fcvenlik g\u00fc\u00e7leri zeminin \u0131slak olmas\u0131 \u00fczerine bir ayak izini takip etti. Ayak izlerinin bir ma\u011faraya girdi\u011fini belirleyen g\u00fcvenlik g\u00fc\u00e7leri, PKK&#8217;l\u0131n\u0131n da i\u00e7eride bulundu\u011funu tespit etti. Ma\u011faran\u0131n giri\u015finde &#8216;Teslim ol&#8217; \u00e7a\u011fr\u0131s\u0131na Aktara&#8217;n\u0131n ate\u015fle kar\u015f\u0131l\u0131k vermesi \u00fczerine \u00e7at\u0131\u015fma \u00e7\u0131kt\u0131. \u00c7at\u0131\u015fmada PKK&#8217;l\u0131 \u00f6l\u00fc olarak ele ge\u00e7irildi. PKK&#8217;l\u0131 Aktara&#8217;n\u0131n cesedi otopsi yap\u0131lmak \u00fczere Malatya Adli T\u0131p Kurumu&#8217;na g\u00f6nderildi.<\/p>\n<p style=\"text-align: justify;\"><a href=\"http:\/\/gundem.milliyet.com.tr\/cudi-de-27-pkk-li-terorist-olduruldu\/gundem\/gundemdetay\/23.12.2011\/1479577\/default.htm\" target=\"_blank\">Kaynak : Milliyet.com.tr<\/a><\/p>\n","protected":false},"excerpt":{"rendered":"<p style=\"text-align: center;\">\n<p style=\"text-align: justify;\">\u015e\u0131rnak Valili\u011finden yap\u0131lan a\u00e7\u0131klamada, Cudi Da\u011f\u0131\u2019nda d\u00fczenlenen son operasyonlarda 27\u2019si \u00f6l\u00fc 32 ter\u00f6ristin silahlar\u0131yla ele ge\u00e7irildi\u011fi bildirildi.<\/p>\n<p style=\"text-align: justify;\">Cudi Da\u011f\u0131\u2019nda yap\u0131lan son operasyonlarda 27\u2019si \u00f6l\u00fc 32 ter\u00f6ristin silahlar\u0131yla ele ge\u00e7irildi\u011fi bildirildi.<\/p>\n<p style=\"text-align: justify;\">\u015e\u0131rnak Valili\u011finden yap\u0131lan a\u00e7\u0131klamada, 10 Aral\u0131k\u2019tan itibaren ger\u00e7ekle\u015ftirilen de\u011ferlendirmeler neticesinde Cudi Da\u011f\u0131\u2019nda bar\u0131nd\u0131\u011f\u0131 tespit edilen ter\u00f6ristlere <\/p>\n","protected":false},"author":1,"featured_media":0,"comment_status":"open","ping_status":"open","sticky":false,"template":"","format":"standard","meta":{"footnotes":""},"categories":[105],"tags":[],"class_list":["post-45104","post","type-post","status-publish","format-standard","hentry","category-gundem","odd"],"_links":{"self":[{"href":"http:\/\/www.korhanyilmaz.com\/index.php?rest_route=\/wp\/v2\/posts\/45104","targetHints":{"allow":["GET"]}}],"collection":[{"href":"http:\/\/www.korhanyilmaz.com\/index.php?rest_route=\/wp\/v2\/posts"}],"about":[{"href":"http:\/\/www.korhanyilmaz.com\/index.php?rest_route=\/wp\/v2\/types\/post"}],"author":[{"embeddable":true,"href":"http:\/\/www.korhanyilmaz.com\/index.php?rest_route=\/wp\/v2\/users\/1"}],"replies":[{"embeddable":true,"href":"http:\/\/www.korhanyilmaz.com\/index.php?rest_route=%2Fwp%2Fv2%2Fcomments&post=45104"}],"version-history":[{"count":0,"href":"http:\/\/www.korhanyilmaz.com\/index.php?rest_route=\/wp\/v2\/posts\/45104\/revisions"}],"wp:attachment":[{"href":"http:\/\/www.korhanyilmaz.com\/index.php?rest_route=%2Fwp%2Fv2%2Fmedia&parent=45104"}],"wp:term":[{"taxonomy":"category","embeddable":true,"href":"http:\/\/www.korhanyilmaz.com\/index.php?rest_route=%2Fwp%2Fv2%2Fcategories&post=45104"},{"taxonomy":"post_tag","embeddable":true,"href":"http:\/\/www.korhanyilmaz.com\/index.php?rest_route=%2Fwp%2Fv2%2Ftags&post=45104"}],"curies":[{"name":"wp","href":"https:\/\/api.w.org\/{rel}","templated":true}]}}