{"id":45095,"date":"2011-12-23T23:05:52","date_gmt":"2011-12-23T21:05:52","guid":{"rendered":"http:\/\/www.korhanyilmaz.com\/?p=45095"},"modified":"2011-12-23T23:59:06","modified_gmt":"2011-12-23T21:59:06","slug":"asil-bir-ailenin-evladiydi-siyasette-iz-birakti","status":"publish","type":"post","link":"http:\/\/www.korhanyilmaz.com\/?p=45095","title":{"rendered":"&#8216;Asil bir ailenin evlad\u0131yd\u0131, siyasette iz b\u0131rakt\u0131&#8217;"},"content":{"rendered":"<p style=\"text-align: justify;\">\n<p style=\"text-align: center;\"><a href=\"http:\/\/www.korhanyilmaz.com\/wp-content\/uploads\/2011\/12\/87301.jpg\"  class=\"lightview\"><img loading=\"lazy\" decoding=\"async\" class=\"aligncenter  wp-image-45097\" src=\"http:\/\/www.korhanyilmaz.com\/wp-content\/uploads\/2011\/12\/87301.jpg\" alt=\"\" width=\"396\" height=\"180\" \/><\/a><\/p>\n<p style=\"text-align: justify;\">Ayd\u0131n Menderes&#8217;in \u00f6l\u00fcm\u00fcn\u00fcn ard\u0131ndan Ba\u015fbakan Yard\u0131mc\u0131s\u0131 B\u00fclent Ar\u0131n\u00e7 ve 9. Cumhurba\u015fkan\u0131 S\u00fcleyman Demirel konu\u015ftu. Ar\u0131n\u00e7: Asil bir ailenin evlad\u0131yd\u0131, siyasette iz b\u0131rakt\u0131. Demirel: Bizim i\u00e7in karde\u015f mesafesindedir. Ba\u015f\u0131ndan sonuna kadar aziz babas\u0131n\u0131n hat\u0131ralar\u0131yla doluydu.<\/p>\n<p style=\"text-align: justify;\">\u0130STANBUL &#8211; Eski ba\u015fbakanlardan Adnan Menderes&#8217;in o\u011flu ve eski milletvekili Ayd\u0131n Menderes&#8217;in vefat\u0131 birlikte siyaset yapt\u0131\u011f\u0131 insanlar\u0131 da derinden \u00fczd\u00fc.<!--more--><\/p>\n<p style=\"text-align: justify;\">NTV canl\u0131 yay\u0131n\u0131na telefonla kat\u0131lan Refah Partisi&#8217;nde birlikte \u00e7al\u0131\u015ft\u0131\u011f\u0131 Ba\u015fbakan Yard\u0131mc\u0131s\u0131 B\u00fclent Ar\u0131n\u00e7 ve 9. Cumhurba\u015fkan\u0131 S\u00fcleyman Demirel, Menderes&#8217;in ard\u0131ndan \u015funlar\u0131 s\u00f6yledi:<\/p>\n<p style=\"text-align: justify;\"><span style=\"text-decoration: underline;\">Ba\u015fbakan Yard\u0131mc\u0131s\u0131 B\u00fclent Ar\u0131n\u00e7:<\/span><\/p>\n<p style=\"text-align: justify;\">Allah rahmet eylesin, Allah cennetine koysun. Son zamanlarda Ankara Atat\u00fcrk Hastanesi\u2019nde yatt\u0131\u011f\u0131n\u0131 biliyordum ama k\u0131smet olmad\u0131 ziyaret edemedim. Yurtd\u0131\u015f\u0131 gezim ve b\u00fct\u00e7e g\u00f6r\u00fc\u015fmeleri nedeniyle. Haberi ald\u0131m, \u00e7ok \u00fczg\u00fcn\u00fcz. Bizden daha ya\u015f\u00e7a b\u00fcy\u00fck, siyasi tecr\u00fcbe bak\u0131m\u0131ndan \u00e7ok daha g\u00fc\u00e7l\u00fcyd\u00fc. G\u00fczel bir ailenin, g\u00fczel bir evlad\u0131yd\u0131. Demokrasi \u015fehidi de diyebiliriz. T\u00fcrk halk\u0131n\u0131n g\u00f6nl\u00fcnde taht kuran ve zulmen idam edilen bir ba\u015fbakan\u0131n o\u011fluydu.<\/p>\n<p style=\"text-align: justify;\"><strong>&#8216;MECL\u0130S BA\u015eKANLI\u011eINA ADAY G\u00d6STERD\u0130K&#8217;<\/strong><\/p>\n<p style=\"text-align: justify;\">Siyasi \u00e7al\u0131\u015fmalar\u0131na d\u0131\u015far\u0131dan \u015fahit oluyordum, takip ediyordum ama onunla arkada\u015fl\u0131\u011f\u0131m\u0131z, yan yana \u00e7al\u0131\u015fmam\u0131z 24 Aral\u0131k 1995 se\u00e7imlerinde milletvekilli\u011fi se\u00e7ilmemizle ba\u015flad\u0131. Parlamentoda \u00e7ok iyi bir beraberli\u011fimiz oldu. Kendisine hep sayg\u0131 duyduk. Kibar, \u00e7ok onurlu bir insand\u0131. Yak\u0131n siyasi tarihi \u00e7ok iyi biliyordu, \u00e7ok iyi tahlilleri vard\u0131. Rahmetli Erbakan Hoca da kendisine \u00e7ok sayg\u0131 ve sevgi duyard\u0131. 24 Aral\u0131k 1995&#8217;te parlamentoya girdik ama ard\u0131ndan Do\u011fru Yol ve Anavatan Partisi h\u00fck\u00fcmeti kuruldu. Biz onu Meclis Ba\u015fkanl\u0131\u011f\u0131&#8217;na aday g\u00f6stermi\u015ftik. Belki de ilk s\u00fckutu hayale o zaman u\u011frad\u0131k. Hepimiz d\u00fc\u015f\u00fcn\u00fcyorduk ki; Menderes gibi bir baban\u0131n evlad\u0131na DYP ve ANAP\u2019l\u0131 vekillerde mutlaka oy verecekler. Menderes\u2019in o\u011flunun Meclis Ba\u015fkan\u0131 olmas\u0131n\u0131n da ayr\u0131ca bir anlam\u0131 vard\u0131. Ama yaz\u0131k ki oylar\u0131n\u0131 vermediler. H\u00fck\u00fcmet program\u0131 \u00fczerine muhte\u015fem bir konu\u015fma yapm\u0131\u015ft\u0131. \u00c7ok k\u0131sa s\u00fcren bir koalisyon h\u00fck\u00fcmetinin program\u0131n\u0131 ele\u015ftirdi. H\u00fck\u00fcmet g\u00fcvenoyu ald\u0131.<\/p>\n<p style=\"text-align: justify;\">Refah Partisi olarak milletvekilleriyle Antalya&#8217;da bir toplant\u0131 yapacakt\u0131k. Hepimiz sabah yola \u00e7\u0131km\u0131\u015ft\u0131k. Afyon\u2019da mola verdik. Onlar biz hareket ediyoruz dediler, biz de sonra kahvalt\u0131m\u0131z\u0131 bitirdik. Sand\u0131kl\u0131&#8217;ya geldi\u011fimizde o kalabal\u0131\u011f\u0131 g\u00f6r\u00fcnce dediler ki; \u201cSay\u0131n Ayd\u0131n Menderes\u2019in arac\u0131 kaza yapt\u0131.\u201d Fel\u00e7li haline ra\u011fmen yaz\u0131 yazan, konu\u015fma yapan, T\u00fcrkiye&#8217;nin meselelerine uzak kalmayan bir insand\u0131. G\u00fczel hat\u0131ralar\u0131m\u0131z vard\u0131. Asil bir ailenin evlad\u0131yd\u0131, siyasette iz b\u0131rakt\u0131.<\/p>\n<p style=\"text-align: justify;\"><strong>&#8216;B\u0130Z\u0130M \u0130\u00c7\u0130N KARDE\u015e MESAFES\u0130NDED\u0130R&#8217;<\/strong><\/p>\n<p style=\"text-align: justify;\"><span style=\"text-decoration: underline;\">9. Cumhurba\u015fkan\u0131 S\u00fcleyman Demirel:<\/span><\/p>\n<p style=\"text-align: justify;\">Kendisiyle konu\u015fanlar\u0131n hepsi kendisinden bir sa\u011fduyu insan\u0131 olarak bahseder. Nihayet akl\u0131selimi temsil eden bir insand\u0131r. Tabii ki onun da \u0131zd\u0131raplar\u0131 vard\u0131r. T\u00fcrkiye\u2019de \u00e7ok talihsiz bir zamanda yap\u0131lan siyaset kendisini \u00fczen hususlar ihtiva ediyordu. Ama \u00e7ok d\u00fczg\u00fcn, temiz, g\u00fczel bir insand\u0131. Bizim i\u00e7in karde\u015f mesafesindedir. Ba\u015f\u0131ndan sonuna kadar aziz babas\u0131n\u0131n hat\u0131ralar\u0131yla doluydu. Kendisiyle de biz s\u00fcre siyaset yapma imkan\u0131 buldum. Allah rahmet eylesin.<\/p>\n<p style=\"text-align: justify;\"><strong>\u00c7\u0130\u00c7EK: \u00c7\u0130LEL\u0130 B\u0130R A\u0130LEN\u0130N \u00c7\u0130LE \u00c7EKM\u0130\u015e B\u0130R EVLADIYDI<\/strong><\/p>\n<p style=\"text-align: justify;\">TBMM Ba\u015fkan\u0131 Cemil \u00c7i\u00e7ek, Menderes&#8217;in hayat\u0131n\u0131 kaybetti\u011fi Ankara Atat\u00fcrk E\u011fitim ve Ara\u015ft\u0131rma Hastanesi&#8217;ne geldi.<\/p>\n<p style=\"text-align: justify;\">\u00c7\u0131k\u0131\u015fta gazetecilere a\u00e7\u0131klama yapan \u00c7i\u00e7ek, &#8221;Rahmetli Ayd\u0131n Menderes, vatan\u0131 ve milleti i\u00e7in, \u00fclkemizin ve insan\u0131m\u0131z\u0131n mutlulu\u011fu ve refah\u0131 i\u00e7in hizmet etmi\u015f ve kar\u015f\u0131l\u0131\u011f\u0131nda da bedelini idam sehpas\u0131yla \u00f6demi\u015f \u00e7ileli bir baban\u0131n; e\u015finin, \u00e7ocuklar\u0131n\u0131n ac\u0131s\u0131n\u0131 uzun y\u0131llar \u00e7ekmi\u015f y\u00fcre\u011finde hissetmi\u015f yine \u00e7ileli bir annenin ve ailenin ve ayn\u0131 \u015fekilde uzun y\u0131llar \u00e7ile \u00e7ekmi\u015f bir evlad\u0131yd\u0131&#8221; diye konu\u015ftu.<\/p>\n<p style=\"text-align: justify;\">Menderes&#8217;e Allah&#8217;tan rahmet dileyen \u00c7i\u00e7ek, \u015funlar\u0131 s\u00f6yledi:<\/p>\n<p style=\"text-align: justify;\">&#8221;Kendini yakinen tan\u0131yoruz. Uzun y\u0131llar hukukumuz da oldu. Ger\u00e7ekten ismi gibi ayd\u0131n ve ayd\u0131nl\u0131k fikirlerin sahibiydi. \u00c7ok de\u011ferli bir siyaset adam\u0131yd\u0131. \u0130n\u015fallah Allah ailesiyle beraber, babas\u0131yla, annesiyle, karde\u015fiyle beraber onu cennetinde bulu\u015fturur. Cenab\u0131 Hak&#8217;tan bunu temenni ediyorum. Mekan\u0131 cennet olsun. Milletimizin, ailesinin ve sevenlerinin ba\u015f\u0131 sa\u011folsun, s\u00f6ylenecek budur. Onun Fatihalarla in\u015fallah yar\u0131n \u00f6\u011fleyin Hac\u0131bayram Camii&#8217;nde namaz\u0131n\u0131 k\u0131laca\u011f\u0131z. Pazar g\u00fcn\u00fc de \u00f6\u011fle namaz\u0131nda Fatih Camii&#8217;nde cenaze namaz\u0131 k\u0131l\u0131nacak. Hakk\u0131n rahmetine b\u00f6ylece u\u011furlam\u0131\u015f olaca\u011f\u0131z. Allah rahmet eylesin, hepimizin ba\u015f\u0131 sa\u011folsun.&#8221;<\/p>\n<p style=\"text-align: justify;\">&#8221;Menderes&#8217;in \u00f6l\u00fcm nedeniyle ilgili bir bilgi al\u0131p almad\u0131\u011f\u0131n\u0131n&#8221; sorulmas\u0131 \u00fczerine \u00c7i\u00e7ek, &#8221;Sebebinin bir \u00f6nemi yok art\u0131k bu saatten sonra, hay\u0131r dua etmekten ba\u015fka&#8230;&#8221; dedi.<\/p>\n<p style=\"text-align: justify;\">\u00c7i\u00e7ek, &#8221;\u00d6l\u00fcm\u00fcnden \u00f6nce Menderes ile g\u00f6r\u00fc\u015fme f\u0131rsat\u0131n\u0131n olup olmad\u0131\u011f\u0131n\u0131n&#8221; sorulmas\u0131na kar\u015f\u0131l\u0131k ise &#8221;Sizin haberiniz olmadan geldim, daha evvel buraya ba\u015fhekim bilir. Biraz b\u00f6yle i\u015fleri kapal\u0131 g\u00f6t\u00fcr\u00fcyoruz. O zaman da zaten s\u0131k\u0131nt\u0131 \u00e7ekiyordu. Hakk\u0131n takdiri budur, buna raz\u0131 olmak ve hay\u0131r dua etmek laz\u0131m. Hay\u0131rla yad etmek laz\u0131m. Allah rahmet eylesin&#8221; diye konu\u015ftu.<\/p>\n<p style=\"text-align: justify;\">&#8221;Cenaze t\u00f6renine kat\u0131l\u0131p kat\u0131lmayaca\u011f\u0131n\u0131n&#8221; sorulmas\u0131 \u00fczerine de \u00c7i\u00e7ek, cenazeye kat\u0131laca\u011f\u0131n\u0131 kaydetti.<\/p>\n<p style=\"text-align: justify;\"><a href=\"http:\/\/www.gazeteport.com.tr\/haber\/70005\/asil_bir_ailenin_evladiydi_siyasette_iz_birakti\" target=\"_blank\">Kaynak : GAZETEPORT<\/a><\/p>\n","protected":false},"excerpt":{"rendered":"<p style=\"text-align: justify;\">\n<p style=\"text-align: center;\">\n<p style=\"text-align: justify;\">Ayd\u0131n Menderes&#8217;in \u00f6l\u00fcm\u00fcn\u00fcn ard\u0131ndan Ba\u015fbakan Yard\u0131mc\u0131s\u0131 B\u00fclent Ar\u0131n\u00e7 ve 9. Cumhurba\u015fkan\u0131 S\u00fcleyman Demirel konu\u015ftu. Ar\u0131n\u00e7: Asil bir ailenin evlad\u0131yd\u0131, siyasette iz b\u0131rakt\u0131. Demirel: Bizim i\u00e7in karde\u015f mesafesindedir. Ba\u015f\u0131ndan sonuna kadar aziz babas\u0131n\u0131n hat\u0131ralar\u0131yla doluydu.<\/p>\n<p style=\"text-align: justify;\">\u0130STANBUL &#8211; Eski ba\u015fbakanlardan Adnan Menderes&#8217;in o\u011flu ve eski milletvekili Ayd\u0131n <\/p>\n","protected":false},"author":1,"featured_media":0,"comment_status":"open","ping_status":"open","sticky":false,"template":"","format":"standard","meta":{"footnotes":""},"categories":[105],"tags":[584],"class_list":["post-45095","post","type-post","status-publish","format-standard","hentry","category-gundem","tag-aydin-menderes","odd"],"_links":{"self":[{"href":"http:\/\/www.korhanyilmaz.com\/index.php?rest_route=\/wp\/v2\/posts\/45095","targetHints":{"allow":["GET"]}}],"collection":[{"href":"http:\/\/www.korhanyilmaz.com\/index.php?rest_route=\/wp\/v2\/posts"}],"about":[{"href":"http:\/\/www.korhanyilmaz.com\/index.php?rest_route=\/wp\/v2\/types\/post"}],"author":[{"embeddable":true,"href":"http:\/\/www.korhanyilmaz.com\/index.php?rest_route=\/wp\/v2\/users\/1"}],"replies":[{"embeddable":true,"href":"http:\/\/www.korhanyilmaz.com\/index.php?rest_route=%2Fwp%2Fv2%2Fcomments&post=45095"}],"version-history":[{"count":0,"href":"http:\/\/www.korhanyilmaz.com\/index.php?rest_route=\/wp\/v2\/posts\/45095\/revisions"}],"wp:attachment":[{"href":"http:\/\/www.korhanyilmaz.com\/index.php?rest_route=%2Fwp%2Fv2%2Fmedia&parent=45095"}],"wp:term":[{"taxonomy":"category","embeddable":true,"href":"http:\/\/www.korhanyilmaz.com\/index.php?rest_route=%2Fwp%2Fv2%2Fcategories&post=45095"},{"taxonomy":"post_tag","embeddable":true,"href":"http:\/\/www.korhanyilmaz.com\/index.php?rest_route=%2Fwp%2Fv2%2Ftags&post=45095"}],"curies":[{"name":"wp","href":"https:\/\/api.w.org\/{rel}","templated":true}]}}