{"id":45082,"date":"2011-12-23T21:32:38","date_gmt":"2011-12-23T19:32:38","guid":{"rendered":"http:\/\/www.korhanyilmaz.com\/?p=45082"},"modified":"2011-12-24T00:01:46","modified_gmt":"2011-12-23T22:01:46","slug":"aydin-menderes-vefat-etti","status":"publish","type":"post","link":"http:\/\/www.korhanyilmaz.com\/?p=45082","title":{"rendered":"Ayd\u0131n Menderes vefat etti"},"content":{"rendered":"<p style=\"text-align: justify;\"><a href=\"http:\/\/www.korhanyilmaz.com\/wp-content\/uploads\/2011\/12\/8729.jpg\"  class=\"lightview\"><img loading=\"lazy\" decoding=\"async\" class=\"aligncenter size-full wp-image-45083\" title=\"\" src=\"http:\/\/www.korhanyilmaz.com\/wp-content\/uploads\/2011\/12\/8729.jpg\" alt=\"\" width=\"313\" height=\"214\" \/><\/a><\/p>\n<p style=\"text-align: justify;\">Eski ba\u015fbakanlardan Adnan Menderes&#8217;in o\u011flu Ayd\u0131n Menderes&#8217;in, ba\u011f\u0131\u015f\u0131kl\u0131k sistemindeki sorunlar nedeniyle tedavi alt\u0131nda oldu\u011fu hastanede ya\u015fam\u0131n\u0131 yitirdi\u011fi bildirildi.<\/p>\n<p style=\"text-align: justify;\">AA muhabirinin edindi\u011fi bilgiye g\u00f6re, ba\u011f\u0131\u015f\u0131kl\u0131k sistemindeki sorunlar nedeniyle 25 Kas\u0131m&#8217;da Atat\u00fcrk E\u011fitim ve Ara\u015ft\u0131rma Hastanesinde tedavi alt\u0131na al\u0131nan Ayd\u0131n Menderes, ak\u015fam saatlerinde hayat\u0131n\u0131 kaybetti.\u00a0<!--more--><\/p>\n<p style=\"text-align: justify;\">Ankara Atat\u00fcrk E\u011fitim ve Ara\u015ft\u0131rma Hastanesi Ba\u015fhekimi Prof. Dr. Murat Bozkurt, Ayd\u0131n Menderes&#8217;in saat 20.30&#8217;da yo\u011fun bak\u0131m \u00fcnitesinde vefat etti\u011fini bildirdi.<\/p>\n<p style=\"text-align: justify;\">Sa\u011fl\u0131k Bakanl\u0131\u011f\u0131ndan yap\u0131lan yaz\u0131l\u0131 a\u00e7\u0131klamada, Ba\u015fhekim Bozkurt&#8217;un Ayd\u0131n Menderes&#8217;in vefat\u0131na ili\u015fkin de\u011ferlendirmesine yer verildi.<\/p>\n<p style=\"text-align: justify;\">Bozkurt, Menderes&#8217;in 34 g\u00fcn \u00f6nce di\u011fer bir hastaneden akci\u011fer enfeksiyonu \u00f6n tan\u0131s\u0131yla Ankara Atat\u00fcrk E\u011fitim ve Ara\u015ft\u0131rma Hastanesine kabul edildi\u011fini belirtti.<\/p>\n<p style=\"text-align: justify;\">Yap\u0131lan ilk tetkik ve de\u011ferlendirme sonucunda, derin ven trombozu, pulmoner tromboemboli, pn\u00f6moni ve buna ba\u011fl\u0131 solunum yetmezli\u011fi tan\u0131lar\u0131 konan Menderes&#8217;in takip ve tedavi alt\u0131na al\u0131nd\u0131\u011f\u0131n\u0131 belirten Bozkurt, \u015funlar\u0131 kaydetti:<\/p>\n<p style=\"text-align: justify;\">&#8220;Solunum kaslar\u0131nda yetmezlik nedeniyle solunum cihaz\u0131na ba\u011flanm\u0131\u015f ve daha sonraki takiplerinde geli\u015fen \u00e7oklu organ yetmezli\u011fi ve bunlara ilaveten septik \u015fok tablosuyla Say\u0131n Ayd\u0131n Menderes, 23 Aral\u0131k 2011 tarihinde saat 20.30&#8217;da yo\u011fun bak\u0131m \u00fcnitesinde vefat etmi\u015ftir.&#8221;<\/p>\n<p style=\"text-align: justify;\"><strong>\u0130ki ayr\u0131 cenaze namaz\u0131\u00a0<\/strong><\/p>\n<p style=\"text-align: justify;\">Al\u0131nan bilgiye g\u00f6re Menderes i\u00e7in iki ayr\u0131 cenaze namaz\u0131 k\u0131l\u0131nacak.<\/p>\n<p style=\"text-align: justify;\">Yar\u0131n Hac\u0131bayram Camii&#8217;nde \u00f6\u011fle namaz\u0131na m\u00fctakip k\u0131l\u0131nacak cenaze namaz\u0131n\u0131n ard\u0131ndan Menderes&#8217;in naa\u015f\u0131 \u0130stanbul&#8217;a g\u00f6t\u00fcr\u00fclecek.<\/p>\n<p style=\"text-align: justify;\">Menderes, pazar g\u00fcn\u00fc Fatih Camii&#8217;nde \u00f6\u011flen namaz\u0131na m\u00fctakiben k\u0131l\u0131nacak cenaze namaz\u0131n\u0131n ard\u0131ndan Topkap\u0131&#8217;daki an\u0131t mezara defnedilecek.<\/p>\n<p style=\"text-align: justify;\">\u0130stanbul&#8217;da k\u0131l\u0131nacak cenaze namaz\u0131na Ba\u015fbakan Recep Tayyip Erdo\u011fan&#8217;\u0131n kat\u0131laca\u011f\u0131 bildirildi.<\/p>\n<p style=\"text-align: justify;\"><strong>Menderes&#8217;in \u00f6zge\u00e7mi\u015fi\u00a0<\/strong><\/p>\n<p style=\"text-align: justify;\">Ankara&#8217;da 1946 y\u0131l\u0131nda do\u011fan Ayd\u0131n Menderes, Ankara Kolejini bitirdikten sonra y\u00fcksek \u00f6\u011frenimini Ankara \u0130ktisadi ve Ticari \u0130limler Akademisi&#8217;nde 1968 y\u0131l\u0131nda tamamlad\u0131.<\/p>\n<p style=\"text-align: justify;\">Siyasete 1970 y\u0131l\u0131nda Ayd\u0131n&#8217;da Demokratik Parti&#8217;nin il ba\u015fkan\u0131 olarak giren Menderes, 1977 y\u0131l\u0131nda Adalet Partisi Konya Milletvekili ve 1978 y\u0131l\u0131nda ayn\u0131 partinin genel idare kurulu \u00fcyesi oldu.<\/p>\n<p style=\"text-align: justify;\">Menderes, 1993 y\u0131l\u0131nda kurucusu oldu\u011fu B\u00fcy\u00fck De\u011fi\u015fim Partisi&#8217;nde genel ba\u015fkanl\u0131\u011f\u0131na se\u00e7ildi. 1994 y\u0131l\u0131nda bu partiyle birle\u015fen Demokrat Parti&#8217;de genel ba\u015fkan oldu. 1995 y\u0131l\u0131nda Refah Partisi&#8217;nden \u0130stanbul milletvekili se\u00e7ilen Menderes, 1996&#8217;da ayn\u0131 partinin genel ba\u015fkan yard\u0131mc\u0131l\u0131\u011f\u0131na getirildi.<\/p>\n<p style=\"text-align: justify;\">Fazilet Partisi&#8217;nden 1999&#8217;da \u0130stanbul milletvekili olan Menderes, ayn\u0131 y\u0131l partisinden istifa etti. 3 Kas\u0131m 2002&#8217;de DYP&#8217;den Ayd\u0131n milletvekili aday\u0131 olan Menderes, DYP&#8217;nin 3 Kas\u0131m 2002 se\u00e7imlerinde baraj\u0131 a\u015famamas\u0131 \u00fczerine parti genel ba\u015fkanl\u0131\u011f\u0131n\u0131 ve siyaseti b\u0131rakt\u0131.<\/p>\n<p style=\"text-align: justify;\">Eski ba\u015fbakanlardan Adnan Menderes&#8217;in o\u011flu olan Ayd\u0131n Menderes, ge\u00e7irdi\u011fi trafik kazas\u0131n\u0131n ard\u0131ndan hayati tehlikeyi atlatm\u0131\u015f ancak kol ve bacaklar\u0131nda fel\u00e7 olu\u015fmu\u015ftu.<\/p>\n<p style=\"text-align: justify;\"><strong>K\u0130M NE DED\u0130?\u00a0<\/strong><\/p>\n<p style=\"text-align: justify;\">Ba\u015fbakan Yard\u0131mc\u0131s\u0131 B\u00fclent Ar\u0131n\u00e7, Twitter&#8217;daki hesab\u0131 arac\u0131l\u0131\u011f\u0131yla yapt\u0131\u011f\u0131 a\u00e7\u0131klamalarda, Ayd\u0131n Menderes&#8217;in hakk\u0131n rahmetine kavu\u015ftu\u011funu \u00f6\u011frendi\u011fini ve \u00e7ok \u00fcz\u00fcld\u00fc\u011f\u00fcn\u00fc belirtti. &#8220;Kendisi ile k\u0131sa s\u00fcreli de olsa ayn\u0131 \u00e7at\u0131 alt\u0131nda siyaset yapma imkan\u0131m oldu&#8221; diyen Ar\u0131n\u00e7, &#8220;Her \u015feyden \u00f6nce milletinin g\u00f6nl\u00fcnde taht kurmu\u015f asil bir baban\u0131n o\u011fluydu. Babas\u0131na lay\u0131k bir evlat oldu\u011funu t\u00fcm ya\u015fam\u0131 boyunca b\u00fcy\u00fck bir vakarla g\u00f6sterdi&#8221; ifadelerini kulland\u0131.<\/p>\n<p style=\"text-align: justify;\">DSP Genel Ba\u015fkan\u0131 Masum T\u00fcrker, yapt\u0131\u011f\u0131 a\u00e7\u0131klamada, Ayd\u0131n Menderes&#8217;in vefat\u0131n\u0131 b\u00fcy\u00fck bir \u00fcz\u00fcnt\u00fcyle \u00f6\u011frendi\u011fini belirtti. Masum T\u00fcrker, &#8220;Say\u0131n Menderes, siyaset d\u00fcnyam\u0131z\u0131n d\u00fcr\u00fcst, sayg\u0131n ve \u00f6nemli ki\u015filiklerinden birisi olarak daima \u00f6nemle an\u0131lacakt\u0131r. Menderes&#8217;e rahmet, ailesine ve sevenlerine de ba\u015fsa\u011fl\u0131\u011f\u0131 ve sab\u0131r diliyorum&#8221; dedi.<\/p>\n<p style=\"text-align: justify;\">CHP Genel Ba\u015fkan\u0131 Kemal K\u0131l\u0131\u00e7daro\u011flu, \u0130zmir d\u00f6n\u00fc\u015f\u00fc beraberindeki Genel Ba\u015fkan Yard\u0131mc\u0131s\u0131 G\u00fcrsel Tekin ile Menderes&#8217;in hayat\u0131n\u0131 kaybetti\u011fi, Ankara Atat\u00fcrk E\u011fitim ve Ara\u015ft\u0131rma Hastanesi&#8217;ne geldi. Menderes&#8217;in e\u015fi \u00dcmran Menderes ile g\u00f6r\u00fc\u015fen ve ba\u015fsa\u011fl\u0131\u011f\u0131 dileyen K\u0131l\u0131\u00e7daro\u011flu, hastaneden ayr\u0131l\u0131rken yapt\u0131\u011f\u0131 a\u00e7\u0131klamada ise &#8220;Rahmetli Menderes&#8217;in T\u00fcrk siyaset d\u00fcnyas\u0131n\u0131n \u00f6nemli bir ismi&#8221; oldu\u011funu s\u00f6yledi.<\/p>\n<p style=\"text-align: justify;\">Do\u011fru Yol Partisi Genel Ba\u015fkan\u0131 \u00c7etin \u00d6za\u00e7\u0131kg\u00f6z, Ayd\u0131n Menderes&#8217;in vefat\u0131na ili\u015fkin olarak, &#8220;Rahmetli babas\u0131 gibi, t\u00fcm aile mensuplar\u0131 ac\u0131l\u0131 ve beklenmedik \u015fekilde vefat etmi\u015flerdir&#8221; de\u011ferlendirmesinde bulundu.<\/p>\n<p style=\"text-align: justify;\">TBMM Ba\u015fkan\u0131 Cemil \u00c7i\u00e7ek, Ayd\u0131n Menderes&#8217;in vefat\u0131na ili\u015fkin, &#8220;Ger\u00e7ekten ismi gibi ayd\u0131n ve ayd\u0131nl\u0131k fikirlerin sahibiydi. \u00c7ok de\u011ferli bir siyaset adam\u0131yd\u0131&#8221; dedi. \u00c7i\u00e7ek, Ayd\u0131n Menderes&#8217;in hayat\u0131n\u0131 kaybetti\u011fi Ankara Atat\u00fcrk E\u011fitim ve Ara\u015ft\u0131rma Hastanesi&#8217;ne geldi. Hastanede, Ba\u015fhekim Prof. Dr. Murat Bozkurt&#8217;tan bilgi alan \u00c7i\u00e7ek, Menderes&#8217;in ailesiyle de g\u00f6r\u00fc\u015ferek ba\u015fsa\u011fl\u0131\u011f\u0131 dile\u011finde bulundu. \u00c7\u0131k\u0131\u015fta gazetecilere a\u00e7\u0131klama yapan \u00c7i\u00e7ek, &#8220;Rahmetli Ayd\u0131n Menderes, vatan\u0131 ve milleti i\u00e7in, \u00fclkemizin ve insan\u0131m\u0131z\u0131n mutlulu\u011fu ve refah\u0131 i\u00e7in hizmet etmi\u015f ve kar\u015f\u0131l\u0131\u011f\u0131nda da bedelini idam sehpas\u0131yla \u00f6demi\u015f \u00e7ileli bir baban\u0131n; e\u015finin, \u00e7ocuklar\u0131n\u0131n ac\u0131s\u0131n\u0131 uzun y\u0131llar \u00e7ekmi\u015f y\u00fcre\u011finde hissetmi\u015f yine \u00e7ileli bir annenin ve ailenin ve ayn\u0131 \u015fekilde uzun y\u0131llar \u00e7ile \u00e7ekmi\u015f bir evlad\u0131yd\u0131&#8221; diye konu\u015ftu.<\/p>\n<p style=\"text-align: justify;\">9. Cumhurba\u015fkan\u0131 S\u00fcleyman Demirel, Ayd\u0131n Menderes&#8217;in e\u015fi \u00dcmran Menderes&#8217;e ba\u015fsa\u011fl\u0131\u011f\u0131 telgraf\u0131 g\u00f6nderdi. Demirel, \u00dcmran Menderes&#8217;e g\u00f6nderdi\u011fi telgrafta \u015funlar\u0131 kaydetti: &#8220;Say\u0131n \u00dcmran Menderes, de\u011ferli siyaset adam\u0131 Ayd\u0131n Menderes&#8217;in vefat\u0131n\u0131 b\u00fcy\u00fck bir teess\u00fcrle \u00f6\u011frendim. B\u00fcy\u00fck ac\u0131n\u0131z\u0131 payla\u015f\u0131r\u0131m. Milletimiz de\u011ferli bir evlad\u0131n\u0131 kaybetmi\u015ftir. Allah rahmet eylesin.&#8221;<\/p>\n<p style=\"text-align: justify;\"><a href=\"http:\/\/www.cnnturk.com\/2011\/turkiye\/12\/23\/aydin.menderes.vefat.etti\/641801.0\/index.html\" target=\"_blank\">Kaynak : CNN T\u00dcRK<\/a><\/p>\n","protected":false},"excerpt":{"rendered":"<p style=\"text-align: justify;\">\n<p style=\"text-align: justify;\">Eski ba\u015fbakanlardan Adnan Menderes&#8217;in o\u011flu Ayd\u0131n Menderes&#8217;in, ba\u011f\u0131\u015f\u0131kl\u0131k sistemindeki sorunlar nedeniyle tedavi alt\u0131nda oldu\u011fu hastanede ya\u015fam\u0131n\u0131 yitirdi\u011fi bildirildi.<\/p>\n<p style=\"text-align: justify;\">AA muhabirinin edindi\u011fi bilgiye g\u00f6re, ba\u011f\u0131\u015f\u0131kl\u0131k sistemindeki sorunlar nedeniyle 25 Kas\u0131m&#8217;da Atat\u00fcrk E\u011fitim ve Ara\u015ft\u0131rma Hastanesinde tedavi alt\u0131na al\u0131nan Ayd\u0131n Menderes, ak\u015fam saatlerinde hayat\u0131n\u0131 kaybetti. <\/p>\n","protected":false},"author":1,"featured_media":0,"comment_status":"open","ping_status":"open","sticky":false,"template":"","format":"standard","meta":{"footnotes":""},"categories":[105],"tags":[584],"class_list":["post-45082","post","type-post","status-publish","format-standard","hentry","category-gundem","tag-aydin-menderes","odd"],"_links":{"self":[{"href":"http:\/\/www.korhanyilmaz.com\/index.php?rest_route=\/wp\/v2\/posts\/45082","targetHints":{"allow":["GET"]}}],"collection":[{"href":"http:\/\/www.korhanyilmaz.com\/index.php?rest_route=\/wp\/v2\/posts"}],"about":[{"href":"http:\/\/www.korhanyilmaz.com\/index.php?rest_route=\/wp\/v2\/types\/post"}],"author":[{"embeddable":true,"href":"http:\/\/www.korhanyilmaz.com\/index.php?rest_route=\/wp\/v2\/users\/1"}],"replies":[{"embeddable":true,"href":"http:\/\/www.korhanyilmaz.com\/index.php?rest_route=%2Fwp%2Fv2%2Fcomments&post=45082"}],"version-history":[{"count":0,"href":"http:\/\/www.korhanyilmaz.com\/index.php?rest_route=\/wp\/v2\/posts\/45082\/revisions"}],"wp:attachment":[{"href":"http:\/\/www.korhanyilmaz.com\/index.php?rest_route=%2Fwp%2Fv2%2Fmedia&parent=45082"}],"wp:term":[{"taxonomy":"category","embeddable":true,"href":"http:\/\/www.korhanyilmaz.com\/index.php?rest_route=%2Fwp%2Fv2%2Fcategories&post=45082"},{"taxonomy":"post_tag","embeddable":true,"href":"http:\/\/www.korhanyilmaz.com\/index.php?rest_route=%2Fwp%2Fv2%2Ftags&post=45082"}],"curies":[{"name":"wp","href":"https:\/\/api.w.org\/{rel}","templated":true}]}}