{"id":45075,"date":"2011-12-23T19:45:25","date_gmt":"2011-12-23T17:45:25","guid":{"rendered":"http:\/\/www.korhanyilmaz.com\/?p=45075"},"modified":"2011-12-23T21:18:28","modified_gmt":"2011-12-23T19:18:28","slug":"kckda-41-tutuklama-istemi","status":"publish","type":"post","link":"http:\/\/www.korhanyilmaz.com\/?p=45075","title":{"rendered":"KCK&#8217;da 41 tutuklama istemi"},"content":{"rendered":"<p style=\"text-align: center;\"><a href=\"http:\/\/www.korhanyilmaz.com\/wp-content\/uploads\/2011\/12\/8728.jpg\"  class=\"lightview\"><img loading=\"lazy\" decoding=\"async\" class=\"aligncenter  wp-image-45076\" src=\"http:\/\/www.korhanyilmaz.com\/wp-content\/uploads\/2011\/12\/8728.jpg\" alt=\"\" width=\"396\" height=\"180\" \/><\/a><\/p>\n<p style=\"text-align: justify;\">Be\u015fikta\u015f\u2019taki \u0130stanbul Adliyesine \u00e7\u0131kar\u0131lan 48 ki\u015fiden 41\u2019i, tutuklanmalar\u0131 istemiyle mahkemeye sevk edildi.<\/p>\n<p style=\"text-align: justify;\">\u0130STANBUL &#8211; Ter\u00f6r \u00f6rg\u00fct\u00fc PKK\u2019n\u0131n \u015fehir yap\u0131lanmas\u0131 KCK\u2019ya y\u00f6nelik operasyon kapsam\u0131nda adliyeye getirilen 48 \u015f\u00fcpheliden 7\u2019si savc\u0131l\u0131k sorgusunun ard\u0131ndan serbest b\u0131rak\u0131l\u0131rken 41\u2019i tutuklanma talebiyle mahkemeye sevk edildi.\u00a0<!--more--><\/p>\n<p style=\"text-align: justify;\">Operasyon kapsam\u0131nda g\u00f6zalt\u0131na al\u0131nan 48 \u015f\u00fcpheli sabah saatlerinde Be\u015fikta\u015f\u2019taki \u0130stanbul Adliyesi\u2019ne getirildi. \u015e\u00fcpheliler sa\u011fl\u0131k kontrol\u00fcn\u00fcn ard\u0131ndan 11 savc\u0131 taraf\u0131ndan sorguland\u0131. Savc\u0131l\u0131k sorgular\u0131n\u0131n ard\u0131ndan Evrim Kepenek, Celal Kaya, \u00dclfiye \u00d6zcan, Hamza S\u00fcmeli, Murat Erdo\u011fan, Hatice Bozkurt ve Mustafa \u00d6zer serbest b\u0131rak\u0131ld\u0131.<\/p>\n<p style=\"text-align: justify;\">41 zanl\u0131 ise tutuklanma talebiyle mahkemeye sevk edildi. Tutuklanmas\u0131 istenen \u015f\u00fcpheliler n\u00f6bet\u00e7i \u0130stanbul 9. A\u011f\u0131r Ceza Mahkemesi\u2019nde hakim kar\u015f\u0131s\u0131na \u00e7\u0131kacak. N\u00f6bet\u00e7i hakim Mustafa Boz\u2019a, mahkeme sorgusunda bir hakim daha yard\u0131m edecek.<\/p>\n<p style=\"text-align: justify;\"><a href=\"http:\/\/www.gazeteport.com\/haber\/69997\/kckda_41_tutuklama_istemi\" target=\"_blank\">Kaynak : GAZETEPORT<\/a><\/p>\n","protected":false},"excerpt":{"rendered":"<p style=\"text-align: center;\">\n<p style=\"text-align: justify;\">Be\u015fikta\u015f\u2019taki \u0130stanbul Adliyesine \u00e7\u0131kar\u0131lan 48 ki\u015fiden 41\u2019i, tutuklanmalar\u0131 istemiyle mahkemeye sevk edildi.<\/p>\n<p style=\"text-align: justify;\">\u0130STANBUL &#8211; Ter\u00f6r \u00f6rg\u00fct\u00fc PKK\u2019n\u0131n \u015fehir yap\u0131lanmas\u0131 KCK\u2019ya y\u00f6nelik operasyon kapsam\u0131nda adliyeye getirilen 48 \u015f\u00fcpheliden 7\u2019si savc\u0131l\u0131k sorgusunun ard\u0131ndan serbest b\u0131rak\u0131l\u0131rken 41\u2019i tutuklanma talebiyle mahkemeye sevk edildi. <\/p>\n","protected":false},"author":1,"featured_media":0,"comment_status":"open","ping_status":"open","sticky":false,"template":"","format":"standard","meta":{"footnotes":""},"categories":[105],"tags":[],"class_list":["post-45075","post","type-post","status-publish","format-standard","hentry","category-gundem","odd"],"_links":{"self":[{"href":"http:\/\/www.korhanyilmaz.com\/index.php?rest_route=\/wp\/v2\/posts\/45075","targetHints":{"allow":["GET"]}}],"collection":[{"href":"http:\/\/www.korhanyilmaz.com\/index.php?rest_route=\/wp\/v2\/posts"}],"about":[{"href":"http:\/\/www.korhanyilmaz.com\/index.php?rest_route=\/wp\/v2\/types\/post"}],"author":[{"embeddable":true,"href":"http:\/\/www.korhanyilmaz.com\/index.php?rest_route=\/wp\/v2\/users\/1"}],"replies":[{"embeddable":true,"href":"http:\/\/www.korhanyilmaz.com\/index.php?rest_route=%2Fwp%2Fv2%2Fcomments&post=45075"}],"version-history":[{"count":0,"href":"http:\/\/www.korhanyilmaz.com\/index.php?rest_route=\/wp\/v2\/posts\/45075\/revisions"}],"wp:attachment":[{"href":"http:\/\/www.korhanyilmaz.com\/index.php?rest_route=%2Fwp%2Fv2%2Fmedia&parent=45075"}],"wp:term":[{"taxonomy":"category","embeddable":true,"href":"http:\/\/www.korhanyilmaz.com\/index.php?rest_route=%2Fwp%2Fv2%2Fcategories&post=45075"},{"taxonomy":"post_tag","embeddable":true,"href":"http:\/\/www.korhanyilmaz.com\/index.php?rest_route=%2Fwp%2Fv2%2Ftags&post=45075"}],"curies":[{"name":"wp","href":"https:\/\/api.w.org\/{rel}","templated":true}]}}