{"id":45072,"date":"2011-12-23T12:59:17","date_gmt":"2011-12-23T10:59:17","guid":{"rendered":"http:\/\/www.korhanyilmaz.com\/?p=45072"},"modified":"2011-12-23T21:14:53","modified_gmt":"2011-12-23T19:14:53","slug":"trt-genel-muduru-rojin-denen-asufte","status":"publish","type":"post","link":"http:\/\/www.korhanyilmaz.com\/?p=45072","title":{"rendered":"TRT Genel M\u00fcd\u00fcr\u00fc: Rojin denen a\u015f\u00fcfte"},"content":{"rendered":"<p style=\"text-align: justify;\"><a href=\"http:\/\/www.korhanyilmaz.com\/wp-content\/uploads\/2011\/12\/8727.jpg\"  class=\"lightview\"><img loading=\"lazy\" decoding=\"async\" class=\"aligncenter size-full wp-image-45073\" title=\"\" src=\"http:\/\/www.korhanyilmaz.com\/wp-content\/uploads\/2011\/12\/8727.jpg\" alt=\"\" width=\"313\" height=\"240\" \/><\/a><\/p>\n<p style=\"text-align: justify;\">Ankara\u2019da \u00f6nceki ak\u015fam gazeteciler ve akademisyenlerle bir araya gelen TRT Genel M\u00fcd\u00fcr\u00fc \u0130brahim \u015eahin, iki y\u0131l \u00f6nce TRT \u015ee\u015f\u2019te program yapan Rojin i\u00e7in \u201ca\u015f\u00fcfte kad\u0131n\u201d deyince Taraf yazar\u0131 Orhan Miro\u011flu salonu terk etti.<\/p>\n<p style=\"text-align: justify;\">\u00d6nceki ak\u015fam Ankara\u2019da d\u00fczenlenen bir toplant\u0131da gazeteciler ve akademisyenlerle biraraya gelen TRT Genel M\u00fcd\u00fcr\u00fc \u0130brahim \u015eahin\u2019in sanat\u00e7\u0131 Rojin ile ilgili s\u00f6zleri tart\u0131\u015fmaya yaratt\u0131.\u00a0<!--more--><\/p>\n<p style=\"text-align: justify;\">Gazeteciler ve Yazarlar Vakf\u0131 taraf\u0131ndan periyodik olarak d\u00fczenlenen Ba\u015fkent Toplant\u0131lar\u0131\u2019n\u0131n \u00f6nceki ak\u015fam Ankara Swiss Hotel\u2019deki son toplant\u0131s\u0131n\u0131n konu\u011fu TRT Genel M\u00fcd\u00fcr\u00fc \u0130brahim \u015eahin\u2019di. Bas\u0131na kapal\u0131 olarak d\u00fczenlenen toplant\u0131ya aralar\u0131nda Taraf Yazar\u0131 Orhan Miro\u011flu akademisyen Yasin Aktay, Erol G\u00f6ka\u2019n\u0131n da oldu\u011fu gazeteciler, akademisyenler ve sanat\u00e7\u0131lar kat\u0131ld\u0131.<\/p>\n<p style=\"text-align: justify;\">Toplant\u0131n\u0131n soru cevap k\u0131sm\u0131nda s\u00f6z alan Taraf yazar\u0131 Orhan Miro\u011flu, \u015eahin&#8217;e TRT \u015ee\u015f ile ilgili bir soru sordu. \u015eahin bu soruya cevap verirken \u201cBurada kad\u0131n yok de\u011fil mi?\u201d diyerek s\u00f6z\u00fc iki y\u0131l \u00f6nce TRT \u015ee\u015f&#8217;te program yapan K\u00fcrt sanat\u00e7\u0131 Rojin&#8217;e getirdi. \u015eahin&#8217;in Rojin i\u00e7in kulland\u0131\u011f\u0131 \u201cA\u015f\u00fcfte kad\u0131n\u201d s\u00f6zleri salonun buz kesmesine neden oldu.<\/p>\n<p style=\"text-align: justify;\">Rojin ve ard\u0131ndan da BDP milletvekillerine y\u00f6nelik bu hakaretamiz s\u00f6zlere itiraz eden, Miro\u011flu&#8217;na \u201cBenim \u00fcslubum\u201d b\u00f6yle diyerek kendini savunan \u015eahin&#8217;in geri ad\u0131m atmamas\u0131 \u00fczerine Orhan Miro\u011flu toplant\u0131y\u0131 terk etti. Toplant\u0131ya kat\u0131lan di\u011fer isimler de diyaloglar\u0131 do\u011frularken, Taraf&#8217;a konu\u015fan Rojin, TRT Genel M\u00fcd\u00fcr\u00fc hakk\u0131nda dava a\u00e7aca\u011f\u0131n\u0131 s\u00f6yledi.<\/p>\n<p style=\"text-align: justify;\">Rojin, 2009&#8217;da bir s\u00fcre TRT \u015ee\u015f&#8217;te sabah program\u0131 yapm\u0131\u015f, b\u00fcy\u00fck ilgi uyand\u0131ran program nedeniyle PKK \u00e7evrelerinden tehditler alm\u0131\u015f, ihanetle su\u00e7lanm\u0131\u015ft\u0131.<\/p>\n<p style=\"text-align: justify;\"><a href=\"http:\/\/www.cnnturk.com\/2011\/guncel\/12\/23\/trt.genel.muduru.rojin.denen.asufte\/641706.0\/index.html\" target=\"_blank\">Kaynak : CNN T\u00dcRK<\/a><\/p>\n","protected":false},"excerpt":{"rendered":"<p style=\"text-align: justify;\">\n<p style=\"text-align: justify;\">Ankara\u2019da \u00f6nceki ak\u015fam gazeteciler ve akademisyenlerle bir araya gelen TRT Genel M\u00fcd\u00fcr\u00fc \u0130brahim \u015eahin, iki y\u0131l \u00f6nce TRT \u015ee\u015f\u2019te program yapan Rojin i\u00e7in \u201ca\u015f\u00fcfte kad\u0131n\u201d deyince Taraf yazar\u0131 Orhan Miro\u011flu salonu terk etti.<\/p>\n<p style=\"text-align: justify;\">\u00d6nceki ak\u015fam Ankara\u2019da d\u00fczenlenen bir toplant\u0131da gazeteciler ve akademisyenlerle biraraya gelen TRT Genel M\u00fcd\u00fcr\u00fc \u0130brahim <\/p>\n","protected":false},"author":1,"featured_media":0,"comment_status":"open","ping_status":"open","sticky":false,"template":"","format":"standard","meta":{"footnotes":""},"categories":[105],"tags":[],"class_list":["post-45072","post","type-post","status-publish","format-standard","hentry","category-gundem","odd"],"_links":{"self":[{"href":"http:\/\/www.korhanyilmaz.com\/index.php?rest_route=\/wp\/v2\/posts\/45072","targetHints":{"allow":["GET"]}}],"collection":[{"href":"http:\/\/www.korhanyilmaz.com\/index.php?rest_route=\/wp\/v2\/posts"}],"about":[{"href":"http:\/\/www.korhanyilmaz.com\/index.php?rest_route=\/wp\/v2\/types\/post"}],"author":[{"embeddable":true,"href":"http:\/\/www.korhanyilmaz.com\/index.php?rest_route=\/wp\/v2\/users\/1"}],"replies":[{"embeddable":true,"href":"http:\/\/www.korhanyilmaz.com\/index.php?rest_route=%2Fwp%2Fv2%2Fcomments&post=45072"}],"version-history":[{"count":0,"href":"http:\/\/www.korhanyilmaz.com\/index.php?rest_route=\/wp\/v2\/posts\/45072\/revisions"}],"wp:attachment":[{"href":"http:\/\/www.korhanyilmaz.com\/index.php?rest_route=%2Fwp%2Fv2%2Fmedia&parent=45072"}],"wp:term":[{"taxonomy":"category","embeddable":true,"href":"http:\/\/www.korhanyilmaz.com\/index.php?rest_route=%2Fwp%2Fv2%2Fcategories&post=45072"},{"taxonomy":"post_tag","embeddable":true,"href":"http:\/\/www.korhanyilmaz.com\/index.php?rest_route=%2Fwp%2Fv2%2Ftags&post=45072"}],"curies":[{"name":"wp","href":"https:\/\/api.w.org\/{rel}","templated":true}]}}