{"id":45069,"date":"2011-12-23T20:03:12","date_gmt":"2011-12-23T18:03:12","guid":{"rendered":"http:\/\/www.korhanyilmaz.com\/?p=45069"},"modified":"2011-12-23T21:08:34","modified_gmt":"2011-12-23T19:08:34","slug":"baba-sarkozyden-erdogana-cevap","status":"publish","type":"post","link":"http:\/\/www.korhanyilmaz.com\/?p=45069","title":{"rendered":"Baba Sarkozy&#8217;den Erdo\u011fan&#8217;a cevap"},"content":{"rendered":"<p style=\"text-align: center;\"><a href=\"http:\/\/www.korhanyilmaz.com\/wp-content\/uploads\/2011\/12\/8726.jpg\"  class=\"lightview\"><img loading=\"lazy\" decoding=\"async\" class=\"aligncenter  wp-image-45070\" src=\"http:\/\/www.korhanyilmaz.com\/wp-content\/uploads\/2011\/12\/8726.jpg\" alt=\"\" width=\"396\" height=\"180\" \/><\/a><\/p>\n<p style=\"text-align: justify;\">Fransa Cumhurba\u015fkan\u0131 Nicolas Sarkozy&#8217;nin Babas\u0131, Ba\u015fbakan Erdo\u011fan&#8217;\u0131n &#8216;Cezayir soyk\u0131r\u0131m\u0131ndaki rol\u00fcyle&#8217; ilgili iddialar\u0131n\u0131 &#8216;g\u00fcl\u00fcn\u00e7&#8217; olarak yorumlad\u0131.<\/p>\n<p style=\"text-align: justify;\">Baba Sarkozy&#8217;den Erdo\u011fan&#8217;a cevap Ba\u015fbakan Erdo\u011fan\u2019\u0131n bug\u00fcn \u201cM\u00fcsl\u00fcman Toplumlarda De\u011fi\u015fim ve Kad\u0131n\u0131n Rol\u00fc Konferans\u0131\u201dnda Fransa cumhurba\u015fkan\u0131 Nicolas Sarkazy\u2019nin babas\u0131 Pal Sarkozy ile ilgili s\u00f6zlerine cevap geldi.\u00a0<!--more--><\/p>\n<p style=\"text-align: justify;\">Erdo\u011fan\u2019\u0131n &#8220;Cezayir\u2019de 1945 y\u0131l\u0131ndan itibaren tahminen n\u00fcfusun y\u00fczde 15\u2019i orada Frans\u0131zlar\u0131n katliam\u0131na u\u011fram\u0131\u015ft\u0131. Bu bir soyk\u0131r\u0131md\u0131. Cezayirliler f\u0131r\u0131nlarda topluca yak\u0131ld\u0131. E\u011fer Fransa Cumhurba\u015fkan\u0131 Say\u0131n Sarkozy bu soykr\u0131m\u0131 bilmiyorsa, gitsin babas\u0131 Sarkozy\u2019ye sorsun. Babas\u0131, 1940\u2019larda Cezayir\u2019deki Frans\u0131z lejyonunda askerlik yapt\u0131. Eminim ki o\u011fluna katliam hakk\u0131nda s\u00f6yleyecek \u00e7ok s\u00f6z\u00fc vard\u0131r.&#8221; S\u00f6zleri \u00fczerine Frans\u0131z bas\u0131n\u0131na a\u00e7\u0131klama yapan baba Sarkozy, o d\u00f6nemde lejyoner oldu\u011funu kabul ederken Marsilya\u2019n\u0131n \u00f6tesine hi\u00e7 ge\u00e7medi\u011fini iddia etti.<\/p>\n<p style=\"text-align: justify;\">O d\u00f6nemle ilgili b\u00fct\u00fcn ger\u00e7ekleri belgeleriyle birlikte kitab\u0131nda anlatt\u0131\u011f\u0131n\u0131 s\u00f6yleyen Pal Sarkozy \u2018Lojyonda sadece 4 ay kald\u0131m. \u2018Tant de vie\u2019 kitab\u0131m\u0131 al\u0131n, orada t\u00fcm belgeler var.\u2019 dedi.<\/p>\n<p style=\"text-align: justify;\">Pal Sarkozy, Erdo\u011fan\u2019\u0131n iddialar\u0131n\u0131 da \u2018g\u00fcl\u00fcn\u00e7&#8217; olarak niteledi.<\/p>\n<p style=\"text-align: justify;\"><a href=\"http:\/\/www.gazeteport.com.tr\/haber\/69998\/baba_sarkozyden_erdogana_cevap\" target=\"_blank\">Kaynak : GAZETEPORT<\/a><\/p>\n","protected":false},"excerpt":{"rendered":"<p style=\"text-align: center;\">\n<p style=\"text-align: justify;\">Fransa Cumhurba\u015fkan\u0131 Nicolas Sarkozy&#8217;nin Babas\u0131, Ba\u015fbakan Erdo\u011fan&#8217;\u0131n &#8216;Cezayir soyk\u0131r\u0131m\u0131ndaki rol\u00fcyle&#8217; ilgili iddialar\u0131n\u0131 &#8216;g\u00fcl\u00fcn\u00e7&#8217; olarak yorumlad\u0131.<\/p>\n<p style=\"text-align: justify;\">Baba Sarkozy&#8217;den Erdo\u011fan&#8217;a cevap Ba\u015fbakan Erdo\u011fan\u2019\u0131n bug\u00fcn \u201cM\u00fcsl\u00fcman Toplumlarda De\u011fi\u015fim ve Kad\u0131n\u0131n Rol\u00fc Konferans\u0131\u201dnda Fransa cumhurba\u015fkan\u0131 Nicolas Sarkazy\u2019nin babas\u0131 Pal Sarkozy ile ilgili s\u00f6zlerine cevap geldi. <\/p>\n","protected":false},"author":1,"featured_media":0,"comment_status":"open","ping_status":"open","sticky":false,"template":"","format":"standard","meta":{"footnotes":""},"categories":[105],"tags":[],"class_list":["post-45069","post","type-post","status-publish","format-standard","hentry","category-gundem","odd"],"_links":{"self":[{"href":"http:\/\/www.korhanyilmaz.com\/index.php?rest_route=\/wp\/v2\/posts\/45069","targetHints":{"allow":["GET"]}}],"collection":[{"href":"http:\/\/www.korhanyilmaz.com\/index.php?rest_route=\/wp\/v2\/posts"}],"about":[{"href":"http:\/\/www.korhanyilmaz.com\/index.php?rest_route=\/wp\/v2\/types\/post"}],"author":[{"embeddable":true,"href":"http:\/\/www.korhanyilmaz.com\/index.php?rest_route=\/wp\/v2\/users\/1"}],"replies":[{"embeddable":true,"href":"http:\/\/www.korhanyilmaz.com\/index.php?rest_route=%2Fwp%2Fv2%2Fcomments&post=45069"}],"version-history":[{"count":0,"href":"http:\/\/www.korhanyilmaz.com\/index.php?rest_route=\/wp\/v2\/posts\/45069\/revisions"}],"wp:attachment":[{"href":"http:\/\/www.korhanyilmaz.com\/index.php?rest_route=%2Fwp%2Fv2%2Fmedia&parent=45069"}],"wp:term":[{"taxonomy":"category","embeddable":true,"href":"http:\/\/www.korhanyilmaz.com\/index.php?rest_route=%2Fwp%2Fv2%2Fcategories&post=45069"},{"taxonomy":"post_tag","embeddable":true,"href":"http:\/\/www.korhanyilmaz.com\/index.php?rest_route=%2Fwp%2Fv2%2Ftags&post=45069"}],"curies":[{"name":"wp","href":"https:\/\/api.w.org\/{rel}","templated":true}]}}