{"id":45056,"date":"2011-12-23T13:52:42","date_gmt":"2011-12-23T11:52:42","guid":{"rendered":"http:\/\/www.korhanyilmaz.com\/?p=45056"},"modified":"2011-12-23T19:55:25","modified_gmt":"2011-12-23T17:55:25","slug":"ihbar-mektubunu-savcilar-yazdi","status":"publish","type":"post","link":"http:\/\/www.korhanyilmaz.com\/?p=45056","title":{"rendered":"&#8220;\u0130hbar mektubunu savc\u0131lar yazd\u0131&#8221;"},"content":{"rendered":"<p style=\"text-align: center;\"><a href=\"http:\/\/www.korhanyilmaz.com\/wp-content\/uploads\/2011\/12\/8722.jpg\"  class=\"lightview\"><img loading=\"lazy\" decoding=\"async\" class=\"aligncenter  wp-image-45057\" src=\"http:\/\/www.korhanyilmaz.com\/wp-content\/uploads\/2011\/12\/8722.jpg\" alt=\"\" width=\"396\" height=\"180\" \/><\/a><\/p>\n<p style=\"text-align: justify;\">\u0130rtica \u0130le M\u00fccadele Eylem Plan\u0131&#8217;na ili\u015fkin ihbar mektubunu savc\u0131lar\u0131n da i\u00e7inde bulundu\u011fu bir grup taraf\u0131ndan yaz\u0131ld\u0131\u011f\u0131 iddia edildi.<\/p>\n<p style=\"text-align: justify;\">\u0130STANBUL &#8211; \u0130nternet And\u0131c\u0131 Davas\u0131&#8217;nda tutuklu san\u0131k Serdar \u00d6zt\u00fcrk, \u0130rtica \u0130le M\u00fccadele Eylem Plan\u0131&#8217;na ili\u015fkin ihbar mektubunu savc\u0131lar\u0131n da i\u00e7inde bulundu\u011fu bir grup taraf\u0131ndan yaz\u0131ld\u0131\u011f\u0131n\u0131 iddia etti.<!--more--><\/p>\n<p style=\"text-align: justify;\">\u00d6zt\u00fcrk&#8217;\u00fcn bu s\u00f6zleri \u00fczerine duru\u015fma savc\u0131s\u0131 Mehmet Ali Pekg\u00fczel, san\u0131k hakk\u0131nda tutuklama karar\u0131 verilmesini ve san\u0131k hakk\u0131nda su\u00e7 duyurusunda bulunulmas\u0131n\u0131 istedi. Davaya bakan 13. A\u011f\u0131r Ceza Mahkemesi, tutuklu san\u0131k Serdar \u00d6zt\u00fcrk&#8217;\u00fcn duru\u015fmada savc\u0131ya y\u00f6nelik sarf etti\u011fi s\u00f6zlerinden dolay\u0131 16 duru\u015fmadan men edilmesine ve hakk\u0131nda su\u00e7 duyurusunda bulunulmas\u0131na karar verdi.<\/p>\n<p style=\"text-align: justify;\">\u00a0\u0130rticayla M\u00fccadele Eylem Plan\u0131 Davas\u0131&#8217;yla birle\u015ftirilen \u0130nternet And\u0131c\u0131 Davas\u0131&#8217;n\u0131n 46. duru\u015fmas\u0131 gergin ba\u015flad\u0131. \u0130stanbul 13. A\u011f\u0131r Ceza Mahkemesi&#8217;ndeki duru\u015fmada, savc\u0131 Mehmet Ali Pekg\u00fczel, d\u00fcn savunmas\u0131n\u0131 yapan san\u0131k Genelkurmay Adli M\u00fc\u015faviri T\u00fcmgeneral H\u0131fz\u0131 \u00c7ubuklu&#8217;ya \u00e7apraz sorgusunda bir ka\u00e7 soru y\u00f6neltti. Pekg\u00fczel&#8217;in sorular\u0131 \u00fczerine \u00c7ubuklu \u0130stanbul Hukuk Fak\u00fcltesi&#8217;nde okudu\u011funu ve 16 Eyl\u00fcl 2004 y\u0131l\u0131ndan beri adli m\u00fc\u015favir olarak Genelkurmay Ba\u015fkanl\u0131\u011f\u0131&#8217;nda g\u00f6rev yapt\u0131\u011f\u0131n\u0131 s\u00f6yledi. Savc\u0131 Pekg\u00fczel&#8217;in &#8220;\u0130rtica \u0130le M\u00fccadele Eylem Plan\u0131&#8217;n\u0131 ilk kez ne zaman g\u00f6rd\u00fcn\u00fcz?&#8221; \u015feklindeki sorusuna san\u0131k H\u0131fz\u0131 \u00c7ubuklu, ilk defa 12 Haziran 2009&#8217;da sabah televizyonda gazete haberlerinin okunmas\u0131 s\u0131ras\u0131nda \u00f6\u011frendi\u011fini ifade etti. D\u00f6nemin Genelkurmay 2. Ba\u015fkan\u0131&#8217;n\u0131n yan\u0131na giderek soru\u015fturma a\u00e7\u0131lmas\u0131 konusunda g\u00f6r\u00fc\u015f\u00fcn\u00fc beyan etti\u011fini anlatan \u00c7ubuklu, ard\u0131ndan konuya ili\u015fkin soru\u015fturma emri verildi\u011fini s\u00f6yledi.<\/p>\n<p style=\"text-align: justify;\"><strong>SAVCI: GER\u00c7EKLER\u0130 SORUYORUM M\u00dcDAHALE ETMEY\u0130N<\/strong><\/p>\n<p style=\"text-align: justify;\">Duru\u015fma savc\u0131s\u0131 Pekg\u00fczel, \u0130rtica \u0130le M\u00fccadele Eylem Plan\u0131&#8217;na ili\u015fkin Cumhuriyet Ba\u015fsavc\u0131l\u0131\u011f\u0131&#8217;na g\u00f6nderilen ihbar mektubunu okuyarak, ihbarda, TSK&#8217;da \u0130rtica \u0130le M\u00fccadele Eylem Plan\u0131&#8217;n\u0131n sahte oldu\u011funu g\u00f6stermek i\u00e7in \u00e7al\u0131\u015fmalar yap\u0131ld\u0131\u011f\u0131n\u0131n iddia edildi\u011fini ifade etti. San\u0131k \u00c7ubuklu ise b\u00f6yle bir \u00e7al\u0131\u015fma yap\u0131lmas\u0131na \u015fahit olmad\u0131\u011f\u0131n\u0131 ve \u0130rtica \u0130le M\u00fccadele Eylem Plan\u0131&#8217;na ortaya \u00e7\u0131kmas\u0131n\u0131n ard\u0131ndan da soru\u015fturma emri verilmesi y\u00f6n\u00fcnde hukuki tavsiyede bulundu\u011funun alt\u0131n\u0131 \u00e7izdi. Savc\u0131 Pekg\u00fczel&#8217;in bu sorusuna H\u0131fz\u0131 \u00c7ubuklu&#8217;nun avukat\u0131 ve ayn\u0131 zamanda k\u0131z\u0131 olan Nazl\u0131 \u00c7ubuklu m\u00fcvekilline yoruma dayal\u0131 soruldu\u011fu gerek\u00e7esiyle itiraz etti. Savc\u0131 Pekg\u00fczel de &#8220;Ger\u00e7ekleri soruyorum m\u00fcdahale etmeyin l\u00fctfen&#8221; dedi. Davan\u0131n tutuklu san\u0131klar\u0131ndan Serdar \u00d6zt\u00fcrk ise ihbar mektubunun savc\u0131lar\u0131n da i\u00e7inde bulundu\u011fu bir grup taraf\u0131ndan yaz\u0131ld\u0131\u011f\u0131n\u0131 iddia ederek, bu konuyla ilgili HSYK&#8217;ya daha su\u00e7 \u00f6nce su\u00e7 duyurusunda bulundu\u011funu belittti.<\/p>\n<p style=\"text-align: justify;\"><strong>SAVCI, SERDAR \u00d6ZT\u00dcRK&#8217;\u00dcN TUTUKLANMASINI \u0130STED\u0130<\/strong><\/p>\n<p style=\"text-align: justify;\">Bunun \u00fczerine Savc\u0131 Pekg\u00fczel de &#8220;San\u0131\u011f\u0131n hemen tutuklanmas\u0131n\u0131 istiyorum. San\u0131kla ilgili hemen karar verilmesini istiyorum. Bug\u00fcne kadar sustuk ancak hakarete vard\u0131. Derhal san\u0131kla ilgili su\u00e7 duyurusunda bulunulmas\u0131n\u0131 ve tutuklanmas\u0131n\u0131 istiyorum. Talebimle ilgili ara karar verilene kadar soru sormayaca\u011f\u0131m&#8221; ifadelerini kulland\u0131. Bunun \u00fczerine mahkeme heyeti duru\u015fmaya 30 dakika ara verdi.<\/p>\n<p style=\"text-align: justify;\"><strong>SANIK \u00d6ZT\u00dcRK 16 DURU\u015eMADAN MEN ED\u0130LD\u0130<\/strong><\/p>\n<p style=\"text-align: justify;\">Aran\u0131n ard\u0131ndan karar\u0131n\u0131 a\u00e7\u0131klayan mahkeme heyeti, san\u0131k Serdar \u00d6zt\u00fcrk&#8217;\u00fcn iddianameyi haz\u0131rlayan savc\u0131lara ve duru\u015fma savc\u0131lar\u0131na y\u00f6nelik s\u00f6zlerinin su\u00e7 olu\u015fturacak mahiyette oldu\u011funu belirterek Silivri Cumhuriyet Savc\u0131l\u0131\u011f\u0131&#8217;na su\u00e7 duyusunda bulunulmas\u0131na h\u00fckmetti. San\u0131k \u00d6zt\u00fcrk&#8217;\u00fcn tutuklanmas\u0131 talebini reddeden mahkeme heyeti, \u00d6zt\u00fcrk&#8217;\u00fcn bug\u00fcnde de\u011fil 16 duru\u015fmadan men edilmesine karar verdi. Bunun \u00fczerine Serdar \u00d6zt\u00fcrk jandarma e\u015fli\u011finde duru\u015fma salonundan \u00e7\u0131kar\u0131ld\u0131.<\/p>\n<p style=\"text-align: justify;\">\n<p style=\"text-align: justify;\">&#8220;\u00c7\u0130\u00c7EK&#8217;\u0130N ADININ SEHVEN UNUTULDU\u011eUNU DE\u011eERLEND\u0130R\u0130YORUM&#8221;<\/p>\n<p style=\"text-align: justify;\">Savc\u0131 Mehmet Ali Pekg\u00fczel, san\u0131k \u00c7ubuklu&#8217;nun 4 Ekim 2010 tarihinde adli m\u00fc\u015favir olarak Genelkurmay&#8217;da \u00e7al\u0131\u015ft\u0131\u011f\u0131n\u0131 belirterek, dava konusu soru\u015fturmay\u0131 y\u00fcr\u00fcten \u0130stanbul Cumhuriyet Ba\u015fsavc\u0131l\u0131\u011f\u0131&#8217;n\u0131n Genelkurmay Ba\u015fkanl\u0131\u011f\u0131&#8217;na internet siteleriyle ilgili &#8220;Sitelerin kim taraf\u0131ndan, hangi tarihte, ne ama\u00e7la a\u00e7\u0131ld\u0131\u011f\u0131, faaliyet alanlar\u0131, y\u00f6neticileri&#8221; gibi konular\u0131n soruldu\u011funu belirtti. Pekg\u00fczel, gelen cevapta ise siteleri i\u015fleten personel listesinde Dursun \u00c7i\u00e7ek&#8217;in ad\u0131n\u0131n yer almad\u0131\u011f\u0131n\u0131 belirterek, &#8220;Daha sonra savc\u0131l\u0131\u011f\u0131n yazd\u0131\u011f\u0131 yaz\u0131ya verilen cevapta ise \u00c7i\u00e7ek&#8217;in ad\u0131n\u0131n yaz\u0131lmad\u0131\u011f\u0131 belirtiliyor. Bu normal bir g\u00f6zden ka\u00e7ma m\u0131d\u0131r? dedi. \u00c7ubuklu ise adli m\u00fc\u015favir olarak her\u015feyi bilemeyece\u011finin alt\u0131n\u0131 \u00e7izerek \u015funlar\u0131 s\u00f6yledi:<\/p>\n<p style=\"text-align: justify;\">\n<p style=\"text-align: justify;\">&#8220;Bize gelen yaz\u0131lar\u0131n hepsine vak\u0131f olmam m\u00fcmk\u00fcn de\u011fil. Gelen yaz\u0131lar\u0131 ilgili yerlere g\u00f6nderiyoruz. Sizin sordu\u011funuz yaz\u0131\u015fma konusu da hakikaten \u00e7ok manidar g\u00f6r\u00fcn\u00fcyor. Hakikaten anla\u015f\u0131l\u0131r gibi de\u011fil. Hatta bu konuda d\u00f6nemin Genelkurmay Ba\u015fkan\u0131 da &#8216;Nas\u0131l g\u00f6rmezsiniz, ne kadar dikkatsizsiniz&#8217; diyerek k\u0131zd\u0131. \u0130lgili komutanl\u0131klar\u0131 uyard\u0131. Sonra da bu durum d\u00fczeltildi. Bu soru\u015fturman\u0131n ard\u0131ndan Bilgi Destek Dairesi, Genelkurmay Ba\u015fkanl\u0131\u011f\u0131 Genel Sekreterli\u011fi&#8217;ne ba\u011fland\u0131 ve bir\u00e7ok personel de farkl\u0131 birliklere atand\u0131. Evraklar Genel Sekreterli\u011fe g\u00f6nderilmi\u015f. Ben bu durumun sehven oldu\u011funu de\u011ferlendiriyorum. Ba\u015fka bir anlam\u0131 da yok.&#8221;<\/p>\n<p style=\"text-align: justify;\"><a href=\"http:\/\/www.gazeteport.com.tr\/haber\/69937\/ihbar_mektubunu_savcilar_yazdi\" target=\"_blank\">Kaynak : GAZETEPORT<\/a><\/p>\n","protected":false},"excerpt":{"rendered":"<p style=\"text-align: center;\">\n<p style=\"text-align: justify;\">\u0130rtica \u0130le M\u00fccadele Eylem Plan\u0131&#8217;na ili\u015fkin ihbar mektubunu savc\u0131lar\u0131n da i\u00e7inde bulundu\u011fu bir grup taraf\u0131ndan yaz\u0131ld\u0131\u011f\u0131 iddia edildi.<\/p>\n<p style=\"text-align: justify;\">\u0130STANBUL &#8211; \u0130nternet And\u0131c\u0131 Davas\u0131&#8217;nda tutuklu san\u0131k Serdar \u00d6zt\u00fcrk, \u0130rtica \u0130le M\u00fccadele Eylem Plan\u0131&#8217;na ili\u015fkin ihbar mektubunu savc\u0131lar\u0131n da i\u00e7inde bulundu\u011fu bir grup taraf\u0131ndan yaz\u0131ld\u0131\u011f\u0131n\u0131 iddia etti.<\/p>\n","protected":false},"author":1,"featured_media":0,"comment_status":"open","ping_status":"open","sticky":false,"template":"","format":"standard","meta":{"footnotes":""},"categories":[105],"tags":[],"class_list":["post-45056","post","type-post","status-publish","format-standard","hentry","category-gundem","odd"],"_links":{"self":[{"href":"http:\/\/www.korhanyilmaz.com\/index.php?rest_route=\/wp\/v2\/posts\/45056","targetHints":{"allow":["GET"]}}],"collection":[{"href":"http:\/\/www.korhanyilmaz.com\/index.php?rest_route=\/wp\/v2\/posts"}],"about":[{"href":"http:\/\/www.korhanyilmaz.com\/index.php?rest_route=\/wp\/v2\/types\/post"}],"author":[{"embeddable":true,"href":"http:\/\/www.korhanyilmaz.com\/index.php?rest_route=\/wp\/v2\/users\/1"}],"replies":[{"embeddable":true,"href":"http:\/\/www.korhanyilmaz.com\/index.php?rest_route=%2Fwp%2Fv2%2Fcomments&post=45056"}],"version-history":[{"count":0,"href":"http:\/\/www.korhanyilmaz.com\/index.php?rest_route=\/wp\/v2\/posts\/45056\/revisions"}],"wp:attachment":[{"href":"http:\/\/www.korhanyilmaz.com\/index.php?rest_route=%2Fwp%2Fv2%2Fmedia&parent=45056"}],"wp:term":[{"taxonomy":"category","embeddable":true,"href":"http:\/\/www.korhanyilmaz.com\/index.php?rest_route=%2Fwp%2Fv2%2Fcategories&post=45056"},{"taxonomy":"post_tag","embeddable":true,"href":"http:\/\/www.korhanyilmaz.com\/index.php?rest_route=%2Fwp%2Fv2%2Ftags&post=45056"}],"curies":[{"name":"wp","href":"https:\/\/api.w.org\/{rel}","templated":true}]}}