{"id":45039,"date":"2011-12-23T10:01:50","date_gmt":"2011-12-23T08:01:50","guid":{"rendered":"http:\/\/www.korhanyilmaz.com\/?p=45039"},"modified":"2011-12-23T19:16:03","modified_gmt":"2011-12-23T17:16:03","slug":"gazeteciler-besiktas-adliyesinde","status":"publish","type":"post","link":"http:\/\/www.korhanyilmaz.com\/?p=45039","title":{"rendered":"Gazeteciler Be\u015fikta\u015f Adliyesi&#8217;nde"},"content":{"rendered":"<p style=\"text-align: center;\"><a href=\"http:\/\/www.korhanyilmaz.com\/wp-content\/uploads\/2011\/12\/8720.jpg\"  class=\"lightview\"><img loading=\"lazy\" decoding=\"async\" class=\"aligncenter  wp-image-45046\" src=\"http:\/\/www.korhanyilmaz.com\/wp-content\/uploads\/2011\/12\/8720.jpg\" alt=\"\" width=\"396\" height=\"178\" \/><\/a><\/p>\n<p style=\"text-align: justify;\">D\u0130HA, \u00d6zg\u00fcr G\u00fcndem, Demokratik Modernite, ANF, Etkin Haber Ajans\u0131, F\u0131rat Da\u011f\u0131t\u0131m\u2019a y\u00f6nelik ba\u015flat\u0131lan operasyonda g\u00f6zalt\u0131na al\u0131nan gazeteciler Be\u015fikta\u015f\u2019taki \u0130stanbul Adliyesi\u2019ne getirildi.<\/p>\n<p style=\"text-align: justify;\">\u0130stanbul Emniyet M\u00fcd\u00fcrl\u00fc\u011f\u00fc\u2019ndeki 72 saatlik bekleyi\u015fin ard\u0131ndan sabah 03:30 sular\u0131nda \u00fc\u00e7 polis otob\u00fcs\u00fcyle Yenibosna\u2019daki Adli T\u0131p Kurumu\u2019na getirilen gazeteciler, burada yap\u0131lan sa\u011fl\u0131k i\u015flemlerinin ard\u0131ndan sabah saat 05:00 sular\u0131nda Be\u015fikta\u015f\u2019taki \u0130stanbul Adliyesi\u2019ne getirildi. Gazeteciler, \u201c\u00d6zg\u00fcr bas\u0131n susturulamaz\u201d slogan\u0131n\u0131 atarken, \u201cBu krall\u0131k mutlaka son bulacakt\u0131r\u201d \u015feklindeki s\u00f6zleri dikkat \u00e7ekti.<!--more--><\/p>\n<p style=\"text-align: justify;\"><strong>\u00d6RG\u00dcT \u015eEMASI ZAMAN&#8217;DAN<\/strong><\/p>\n<p style=\"text-align: justify;\">30\u2019a yak\u0131n avukat\u0131n e\u015flik etti\u011fi ifadede savc\u0131lar\u0131n daha \u00f6nce Zaman Gazetesi\u2019nde yay\u0131nlanan KCK Bas\u0131n Konseyi \u015eemas\u0131 oldu\u011fu iddia edilen \u015fema \u00fczerinde durdu\u011fu \u00f6\u011frenildi. Sorular \u015fu \u015fekilde; KCK\u2019n\u0131n d\u00fczenledi\u011fi \u00e7e\u015fitli konferanslara kat\u0131lm\u0131\u015fs\u0131n\u0131z?, aramalarda ele ge\u00e7irilen baz\u0131 K\u00fcrt\u00e7e m\u00fczik CD\u2019leri ile ilgili, neden CD\u2019leri bulunduruyorsunuz?, PKK Lideri Abdullah \u00d6calan talimatlar\u0131 do\u011frultusunda haberler yap\u0131yor mu\u015fsunuz? Sizin \u00e7al\u0131\u015ft\u0131\u011f\u0131n\u0131z bas\u0131n yay\u0131n kurulu\u015funun yay\u0131n kurulu\u015fu nedir? avukatlardan al\u0131nan bilgiye g\u00f6re; haber takibi i\u00e7in eylemlerde, bas\u0131n a\u00e7\u0131klamalar\u0131nda bulunan gazetecilere foto\u011fraflar\u0131 g\u00f6sterilerek, eylemlere, bas\u0131n a\u00e7\u0131klamalar\u0131na kat\u0131ld\u0131n\u0131z m\u0131? \u015feklinde soru da soruldu. Bu arada \u00d6zg\u00fcr G\u00fcndem Gazetesi edit\u00f6r\u00fc Hatice Bozkurt, savc\u0131l\u0131k ifadesinin ard\u0131ndan serbest b\u0131rak\u0131ld\u0131\u011f\u0131 \u00f6\u011frenildi.<\/p>\n<p style=\"text-align: justify;\"><strong>&#8216;TOPLUMSAL V\u0130CDANIN KARARTILMASINA \u0130Z\u0130N VERMEYECE\u011e\u0130Z&#8217;<\/strong><\/p>\n<p style=\"text-align: justify;\">Gazetecilerin ifadesi al\u0131nd\u0131\u011f\u0131 s\u0131rada adliye \u00f6n\u00fcnde bir araya gelen bas\u0131n emek\u00e7ileri, g\u00f6zalt\u0131ndaki gazetecilerin aileleri ve bas\u0131n \u00f6rg\u00fctleri bas\u0131n a\u00e7\u0131klamas\u0131 yapt\u0131. \u201c\u00d6zg\u00fcr Bas\u0131n Susturulmaz\u201d, AKP elini \u00f6zg\u00fcr bas\u0131ndan \u00e7ek\u201d sloganlar\u0131 at\u0131ld\u0131. A\u00e7\u0131klamay\u0131 ETHA edit\u00f6r\u00fc Nadiye G\u00fcrb\u00fcz okudu. G\u00fcrb\u00fcz, ya\u015fanan g\u00f6zalt\u0131 ve tutuklamalar\u0131n hi\u00e7bir hukuki taraf\u0131n\u0131n olmad\u0131\u011f\u0131n\u0131, d\u00fczmece iddialarla, hukuki k\u0131l\u0131f uydurulmaya \u00e7al\u0131\u015f\u0131ld\u0131\u011f\u0131n\u0131 s\u00f6yledi. Bas\u0131n \u00f6zg\u00fcrl\u00fc\u011f\u00fcn\u00fcn muhalif sosyalist bas\u0131n\u0131n \u00f6zg\u00fcrl\u00fc\u011f\u00fc kadar oldu\u011funu ifade eden G\u00fcrb\u00fcz, \u201cMuhalif bas\u0131n sustu\u011funda toplumsal vicdan da karart\u0131l\u0131r. Toplum vicdan\u0131n\u0131n karart\u0131lmas\u0131na izin vermeyece\u011fiz\u201d dedi.<\/p>\n<p style=\"text-align: justify;\"><strong>\u2018TMK KALDIRILSIN\u2019<\/strong><\/p>\n<p style=\"text-align: justify;\">Bask\u0131lar, g\u00f6zalt\u0131lar ve tutuklamalar K\u00fcrt halk\u0131na hakl\u0131 ve me\u015fru talepleri i\u00e7in verdi\u011fi \u00f6zg\u00fcrl\u00fck m\u00fccadelesini \u00f6nlemek ama\u00e7l\u0131 oldu\u011funu belirten G\u00fcrb\u00fcz, zindanlardaki tutsaklar\u0131n sesleri bo\u011fulmak isteniliyor\u201d dedi. G\u00fcrb\u00fcz s\u00f6zlerini, K\u00fcrt halk\u0131n\u0131n, emek\u00e7ilerin sesi olan \u00f6zg\u00fcr bas\u0131na y\u00f6nelik g\u00f6zalt\u0131 sald\u0131r\u0131s\u0131 derhal son bulsun, Ter\u00f6rle M\u00fccadele Yasas\u0131 bir an \u00f6nce kald\u0131r\u0131ls\u0131n, \u00d6zel Yetkili Mahkemeler da\u011f\u0131t\u0131ls\u0131n talepleriyle sonland\u0131r\u0131ld\u0131.<\/p>\n<p style=\"text-align: justify;\">A\u00e7\u0131klamaya kat\u0131lanlar; BirG\u00fcn, Dicle Haber Ajans\u0131, \u00d6zg\u00fcr G\u00fcndem Gazetesi, At\u0131l\u0131m Gazetesi, M\u00fccadele Birli\u011fi Gazetesi, Eme\u011fin D\u00fcnyas\u0131 Gazetesi, K\u0131z\u0131l Bayrak, Yar\u0131n Gazetesi, Sendika.Org, Al\u0131n Teri, \u00d6zg\u00fcr Gelecek, \u00d6zg\u00fcr Radyo, Tutuklu Gazetecilerle Dayan\u0131\u015fma Platformu, Halk\u0131n G\u00fcnl\u00fc\u011f\u00fc.<\/p>\n\n\t\t\t\t\t\t\t<style type='text\/css'>\n\t\t\t\t\t\t\t\t#gallery-1 {\n\t\t\t\t\t\t\t\t\tmargin: auto;\n\t\t\t\t\t\t\t\t}\n\t\t\t\t\t\t\t\t#gallery-1 .gallery-item {\n\t\t\t\t\t\t\t\t\tfloat: left;\n\t\t\t\t\t\t\t\t\tmargin-top: 10px;\n\t\t\t\t\t\t\t\t\ttext-align: center;\n\t\t\t\t\t\t\t\t\twidth: 33%;\t\t\t}\n\t\t\t\t\t\t\t\t#gallery-1 img {\n\t\t\t\t\t\t\t\t\tborder: 2px solid #cfcfcf;\n\t\t\t\t\t\t\t\t}\n\t\t\t\t\t\t\t\t#gallery-1 .gallery-caption {\n\t\t\t\t\t\t\t\t\tmargin-left: 0;\n\t\t\t\t\t\t\t\t}\n\t\t\t\t\t\t\t<\/style>\n\t\t\t\t\t\t\t<!-- z-Lightview gallery shortcode, see http:\/\/www.zaikos.com\/wp-plugins\/z-lightview\/ -->\n\t\t\t\t\t\t\t<div id='gallery-1' class='gallery galleryid-45039'><dl class='gallery-item'>\n\t\t\t\t\t<dt class='gallery-icon'>\n\t\t\t\t\t\t<a href='http:\/\/www.korhanyilmaz.com\/wp-content\/uploads\/2011\/12\/8714.jpg'>8714<\/a>\n\t\t\t\t\t<\/dt><\/dl><dl class='gallery-item'>\n\t\t\t\t\t<dt class='gallery-icon'>\n\t\t\t\t\t\t<a href='http:\/\/www.korhanyilmaz.com\/wp-content\/uploads\/2011\/12\/8715.jpg'>8715<\/a>\n\t\t\t\t\t<\/dt><\/dl><dl class='gallery-item'>\n\t\t\t\t\t<dt class='gallery-icon'>\n\t\t\t\t\t\t<a href='http:\/\/www.korhanyilmaz.com\/wp-content\/uploads\/2011\/12\/8716.jpg'>8716<\/a>\n\t\t\t\t\t<\/dt><\/dl><br style=\"clear: both\" \/><dl class='gallery-item'>\n\t\t\t\t\t<dt class='gallery-icon'>\n\t\t\t\t\t\t<a href='http:\/\/www.korhanyilmaz.com\/wp-content\/uploads\/2011\/12\/8717.jpg'>8717<\/a>\n\t\t\t\t\t<\/dt><\/dl><dl class='gallery-item'>\n\t\t\t\t\t<dt class='gallery-icon'>\n\t\t\t\t\t\t<a href='http:\/\/www.korhanyilmaz.com\/wp-content\/uploads\/2011\/12\/8718.jpg'>8718<\/a>\n\t\t\t\t\t<\/dt><\/dl><dl class='gallery-item'>\n\t\t\t\t\t<dt class='gallery-icon'>\n\t\t\t\t\t\t<a href='http:\/\/www.korhanyilmaz.com\/wp-content\/uploads\/2011\/12\/8719.jpg'>8719<\/a>\n\t\t\t\t\t<\/dt><\/dl><br style=\"clear: both\" \/><dl class='gallery-item'>\n\t\t\t\t\t<dt class='gallery-icon'>\n\t\t\t\t\t\t<a href='http:\/\/www.korhanyilmaz.com\/wp-content\/uploads\/2011\/12\/8720.jpg'>8720<\/a>\n\t\t\t\t\t<\/dt><\/dl>\n\t\t\t\t\t<br style='clear: both;' \/>\n\t\t\t\t<\/div>\n\n<p><a href=\"http:\/\/www.birgun.net\/politics_index.php?news_code=1324641252&amp;year=2011&amp;month=12&amp;day=23\" target=\"_blank\">Kaynak :\u00a0EL\u00c7\u0130N YILDIRAL-AL\u0130 CEMAL KARABUDAK \/ B\u0130RG\u00dcN<\/a><\/p>\n","protected":false},"excerpt":{"rendered":"<p style=\"text-align: center;\">\n<p style=\"text-align: justify;\">D\u0130HA, \u00d6zg\u00fcr G\u00fcndem, Demokratik Modernite, ANF, Etkin Haber Ajans\u0131, F\u0131rat Da\u011f\u0131t\u0131m\u2019a y\u00f6nelik ba\u015flat\u0131lan operasyonda g\u00f6zalt\u0131na al\u0131nan gazeteciler Be\u015fikta\u015f\u2019taki \u0130stanbul Adliyesi\u2019ne getirildi.<\/p>\n<p style=\"text-align: justify;\">\u0130stanbul Emniyet M\u00fcd\u00fcrl\u00fc\u011f\u00fc\u2019ndeki 72 saatlik bekleyi\u015fin ard\u0131ndan sabah 03:30 sular\u0131nda \u00fc\u00e7 polis otob\u00fcs\u00fcyle Yenibosna\u2019daki Adli T\u0131p Kurumu\u2019na getirilen gazeteciler, burada yap\u0131lan sa\u011fl\u0131k i\u015flemlerinin ard\u0131ndan sabah saat 05:00 <\/p>\n","protected":false},"author":1,"featured_media":0,"comment_status":"open","ping_status":"open","sticky":false,"template":"","format":"standard","meta":{"footnotes":""},"categories":[105],"tags":[],"class_list":["post-45039","post","type-post","status-publish","format-standard","hentry","category-gundem","odd"],"_links":{"self":[{"href":"http:\/\/www.korhanyilmaz.com\/index.php?rest_route=\/wp\/v2\/posts\/45039","targetHints":{"allow":["GET"]}}],"collection":[{"href":"http:\/\/www.korhanyilmaz.com\/index.php?rest_route=\/wp\/v2\/posts"}],"about":[{"href":"http:\/\/www.korhanyilmaz.com\/index.php?rest_route=\/wp\/v2\/types\/post"}],"author":[{"embeddable":true,"href":"http:\/\/www.korhanyilmaz.com\/index.php?rest_route=\/wp\/v2\/users\/1"}],"replies":[{"embeddable":true,"href":"http:\/\/www.korhanyilmaz.com\/index.php?rest_route=%2Fwp%2Fv2%2Fcomments&post=45039"}],"version-history":[{"count":0,"href":"http:\/\/www.korhanyilmaz.com\/index.php?rest_route=\/wp\/v2\/posts\/45039\/revisions"}],"wp:attachment":[{"href":"http:\/\/www.korhanyilmaz.com\/index.php?rest_route=%2Fwp%2Fv2%2Fmedia&parent=45039"}],"wp:term":[{"taxonomy":"category","embeddable":true,"href":"http:\/\/www.korhanyilmaz.com\/index.php?rest_route=%2Fwp%2Fv2%2Fcategories&post=45039"},{"taxonomy":"post_tag","embeddable":true,"href":"http:\/\/www.korhanyilmaz.com\/index.php?rest_route=%2Fwp%2Fv2%2Ftags&post=45039"}],"curies":[{"name":"wp","href":"https:\/\/api.w.org\/{rel}","templated":true}]}}