{"id":45027,"date":"2011-12-23T16:45:28","date_gmt":"2011-12-23T14:45:28","guid":{"rendered":"http:\/\/www.korhanyilmaz.com\/?p=45027"},"modified":"2011-12-23T19:49:39","modified_gmt":"2011-12-23T17:49:39","slug":"gulenciler-ve-akp-cok-kizaracak","status":"publish","type":"post","link":"http:\/\/www.korhanyilmaz.com\/?p=45027","title":{"rendered":"2023 &#8211; Vampirlerin G\u00fcn\u00fc"},"content":{"rendered":"<p style=\"text-align: center;\"><a href=\"http:\/\/www.korhanyilmaz.com\/wp-content\/uploads\/2011\/12\/8713.jpg\"  class=\"lightview\"><img loading=\"lazy\" decoding=\"async\" class=\"aligncenter  wp-image-45028\" src=\"http:\/\/www.korhanyilmaz.com\/wp-content\/uploads\/2011\/12\/8713.jpg\" alt=\"\" width=\"377\" height=\"221\" \/><\/a><\/p>\n<p style=\"text-align: justify;\">Devrimden Sonra filminin y\u00f6netmeni bu defa G\u00fclencileri ve AKP\u2019yi \u00e7ok k\u0131zd\u0131racak bir film haz\u0131rl\u0131\u011f\u0131nda. 2023-Vampirlerin G\u00fcn\u00fc adl\u0131 filmin fragman\u0131n\u0131 k\u0131sa bir s\u00fcre \u00f6nce kamuoyu ile payla\u015fan Mustafa Kenan Aybast\u0131, filmin nisan ay\u0131nda g\u00f6sterime girmesini planl\u0131yor. Ba\u011f\u0131ms\u0131z Sinema Merkezi b\u00fcnyesinde gen\u00e7 ve geni\u015f bir ekiple \u00e7al\u0131\u015fmalar\u0131n\u0131 s\u00fcrd\u00fcren y\u00f6netmen Aybast\u0131, 2023 y\u0131l\u0131nda ge\u00e7en filmin konusunda, \u00fclkeyi y\u00f6neten vampirler \u00f6rg\u00fct\u00fc ile onlara kar\u015f\u0131 direnen gen\u00e7lerin hik\u00e2yesi anlat\u0131l\u0131yor. Daha \u00f6nce BirG\u00fcn\u2019de \u2018Devrimden Sonra\u2019 ve \u2018Lenin Belgeseli\u2019 i\u00e7in konu\u015ftu\u011fumuz Mustafa Aybast\u0131 ile \u20182023-Vampirler G\u00fcn\u00fc\u2019ne dair merak ettiklerimizi sorduk.\u00a0<!--more--><\/p>\n<p style=\"text-align: justify;\"><strong>&gt;&gt; \u20182023 \u2013 Vampirler G\u00fcn\u00fc&#8217;nde neyi anlat\u0131yorsunuz?<\/strong><\/p>\n<p style=\"text-align: justify;\">Filmin hik\u00e2yesinden s\u00f6z edersek, y\u0131l 2023\u2019t\u00fcr ve \u00fclkede fa\u015fist bir iktidar t\u00fcm alanlar\u0131 ele ge\u00e7irmi\u015f ve bask\u0131 k\u0131sa bir zaman \u00f6nce iktidar\u0131n baz\u0131 destek\u00e7ilerinin bile hayal edemeyece\u011fi seviyeye y\u00fckselmi\u015ftir. \u0130\u015f\u00e7ilerin haklar\u0131 neredeyse tamamen gasp edilmi\u015f, \u00fclkenin t\u00fcm de\u011ferlerine el konulmu\u015f, insanlar olmad\u0131k nedenlerle hapishanelere at\u0131lmakta ve en ufak bir direni\u015f, en ufak bir muhalefet dahi \u00e7ok sert bir \u015fekilde bast\u0131r\u0131lmaktad\u0131r. Bizim hik\u00e2yemiz b\u00f6yle bir \u00fclkede ge\u00e7iyor ve vampirlerin ellerinden kurtulan ve onlara direnen bir grup gencin hik\u00e2yesini izliyoruz. O gen\u00e7lerin fa\u015fist iktidarla vampirler \u00f6rg\u00fct\u00fcn\u00fcn nas\u0131l i\u015fbirli\u011fi i\u00e7erisinde \u00fclkeyi cehenneme \u00e7evirdiklerini fark etmelerini ve bu ikiliye kar\u015f\u0131 m\u00fccadelelerini anlat\u0131yoruz.<\/p>\n<p style=\"text-align: justify;\"><strong>&gt;&gt; Filmin fragman\u0131ndan AKP&#8217;nin 2023 vizyonunu ve cemaati dert edindi\u011finizi g\u00f6r\u00fcyoruz. \u00d6yle de\u011fil mi?<\/strong><\/p>\n<p style=\"text-align: justify;\">Birincisi filmden ba\u011f\u0131ms\u0131z olarak AKP ve Cemaat sadece bu \u00fclkenin derdi, hatta bug\u00fcn kimler bu \u00fclkenin kan\u0131n\u0131 emiyor derseniz fikri iktidar ve cemaat derim. Film i\u00e7in konu\u015facak olursak \u015f\u00f6yle diyelim, bu filmde yer alan hik\u00e2yelerin bir k\u0131sm\u0131 hayal \u00fcr\u00fcn\u00fc&#8230; Ama hangi k\u0131sm\u0131 hayal \u00fcr\u00fcn\u00fc oras\u0131 bizde kals\u0131n&#8230;<\/p>\n<p style=\"text-align: justify;\"><strong>&gt;&gt; Neden 2023&#8217;\u00fc se\u00e7tiniz?<\/strong><\/p>\n<p style=\"text-align: justify;\">Bence \u00f6nemli bir tarih. E\u011fer ben bir vampir iktidar\u0131n\u0131n ba\u015f\u0131nda olsayd\u0131m, insanlar\u0131n kan\u0131yla beslenseydim ve kendime bir milat se\u00e7ecek olsayd\u0131m kesinlikle o tarihi se\u00e7erdim. Birilerinin Cumhuriyet\u2019in y\u00fcz\u00fcnc\u00fc y\u0131l\u0131nda cumhuriyetin t\u00fcm ilerici de\u011ferlerini ve kazan\u0131mlar\u0131n\u0131 tamamen \u00e7\u00f6pe atma projesiyle denk gelmesi ise belki bir rastlant\u0131, belki de de\u011fil&#8230;<\/p>\n<p style=\"text-align: justify;\"><strong>\u2018S\u00d6Z\u00dcM\u00dcZ\u00dc SAKINMAYACA\u011eIZ\u2019<\/strong><\/p>\n<p style=\"text-align: justify;\"><strong>&gt;&gt; Nas\u0131l bir film bekliyor bizi?<\/strong><\/p>\n<p style=\"text-align: justify;\">Bu kez \u00e7ok girilmeyen alanlara girmeyi, ciddi aksiyon sahneleri \u00e7ekmeyi ve \u00f6zellikle gen\u00e7lerin sevece\u011fi bir film \u00e7\u0131karmay\u0131 ama\u00e7l\u0131yoruz. Olduk\u00e7a hareketli, keyifli ve s\u00f6z\u00fcn\u00fc sak\u0131nmayan bir film olacak.<\/p>\n<p style=\"text-align: justify;\"><strong>&gt;&gt; Filmde kimler oynuyor? Filmin b\u00fct\u00e7esi nedir? Ne zaman vizyona girecek?<\/strong><\/p>\n<p style=\"text-align: justify;\">Bu kez olduk\u00e7a gen\u00e7 bir kadro ile \u00e7al\u0131\u015f\u0131yoruz. Her zamanki gibi filmimizin t\u00fcm oyuncu kadrosu g\u00f6n\u00fcll\u00fc olarak filmde yer al\u0131yor. Filmin b\u00fct\u00e7esine gelince; filmimizin hali haz\u0131rda bir b\u00fct\u00e7esi yok. A\u00e7\u0131k\u00e7a s\u00f6yleyebiliriz, bizim param\u0131z yok. \u015eimdi bir\u00e7ok insan bulup bulu\u015fturup elimizden ne geliyorsa ortaya koyup bu filmi hayata ge\u00e7irmeye \u00e7al\u0131\u015faca\u011f\u0131z. Bizim bir yap\u0131mc\u0131m\u0131z yok, olmas\u0131n\u0131n imk\u00e2n\u0131 da yok. Biz ba\u015fka bir \u015feyi ba\u015farmaya \u00e7al\u0131\u015f\u0131yoruz ve bunu ba\u015faraca\u011f\u0131z.<\/p>\n<p style=\"text-align: justify;\"><strong>&gt;&gt; Bu filmden beklentiniz neler?<\/strong><\/p>\n<p style=\"text-align: justify;\">Bu film daha geni\u015f bir \u00e7al\u0131\u015fman\u0131n, s\u00fcrekli olarak ba\u011f\u0131ms\u0131z filmler \u00fcretebilen bir merkez kurma-olma \u00e7abas\u0131n\u0131n bir par\u00e7as\u0131. BSM olarak biz sermayeden, gericilikten, cemaatlerden, onlar\u0131n uzant\u0131lar\u0131ndan, emperyalist kurumlar\u0131n operasyonlar\u0131ndan, piyasac\u0131l\u0131ktan ve her t\u00fcrl\u00fc dogmatizmden, sans\u00fcrc\u00fcl\u00fckten ve k\u0131s\u0131tlamadan ba\u011f\u0131ms\u0131z, insanl\u0131\u011f\u0131n \u2018e\u015fitlik ve \u00f6zg\u00fcrl\u00fck\u2019 m\u00fccadelesine ise ba\u011fl\u0131 bir sinema i\u00e7in m\u00fccadele ediyoruz. Bu film de bu m\u00fccadelenin bir par\u00e7as\u0131.<\/p>\n<p style=\"text-align: justify;\"><strong>\u2018VAMP\u0130RLER\u0130N MEDYASI BU F\u0130LM\u0130 G\u00d6RMEZ\u2019\u00a0<\/strong><\/p>\n<p style=\"text-align: justify;\">&gt;&gt; Daha \u00f6nce \u2018Devrimden Sonra&#8217;y\u0131 \u00e7ektiniz. Medya taraf\u0131ndan \u00f6yle bir film yokmu\u015f gibi davran\u0131ld\u0131. \u015eimdi de bu ikinci film. \u0130kisini kar\u015f\u0131la\u015ft\u0131rman\u0131z\u0131 istesem ne s\u00f6ylersiniz?<\/p>\n<p style=\"text-align: justify;\">\u2018Devrimden Sonra\u2019 filminde medya az da olsa filmi g\u00f6rmek, hakk\u0131nda haber yapmak zorunda kald\u0131. Fakat bu kez 2023 filminde \u00f6nceki filme ay\u0131rd\u0131klar\u0131 kadar dahi yer ay\u0131rabileceklerini, buna cesaret edebileceklerini sanm\u0131yorum. Medyan\u0131n vampirlerle ili\u015fkisi olduk\u00e7a derin, vampirleri de\u015fifre eden bir filme vampirlerin medyas\u0131 neden yer versin. Biz filmimizi insanlara duyurmak i\u00e7in ba\u015fka yollar yarataca\u011f\u0131z. Yarat\u0131c\u0131 oldu\u011fumuz tek alan sinema de\u011fil ve bunu kullanaca\u011f\u0131z.<\/p>\n<p style=\"text-align: justify;\"><strong>&gt;&gt; Filmin yap\u0131mc\u0131s\u0131 olan Ba\u011f\u0131ms\u0131z Sinema Merkezi\u2019nden biraz s\u00f6z edersek neler yap\u0131yor BSM?<\/strong><\/p>\n<p style=\"text-align: justify;\">BSM, bir grup sinemac\u0131n\u0131n ger\u00e7ekten ba\u011f\u0131ms\u0131z i\u015fler ortaya koyabilmek i\u00e7in kurmaya \u00e7al\u0131\u015ft\u0131\u011f\u0131 bir merkez. Biz bir sinema filminin yap\u0131mdan da\u011f\u0131t\u0131ma kadar t\u00fcm s\u00fcre\u00e7lerini kendi merkezimiz \u00fczerinden kotarabilmeyi planl\u0131yoruz. Filmin t\u00fcm prod\u00fcksiyon ihtiya\u00e7lar\u0131n\u0131 kendi altyap\u0131m\u0131zdan kar\u015f\u0131layabilmeyi ve bu sayede maddi ve di\u011fer zorluklar\u0131n, da\u011f\u0131t\u0131m tekellerinin, korkun\u00e7 post prod\u00fcksiyon masraflar\u0131n \u00fcstesinden gelebilmeyi istiyoruz. \u0130\u015fe \u00e7ok k\u0131sa s\u00fcre \u00f6nce ba\u015flam\u0131\u015f olmam\u0131za ra\u011fmen \u015fimdiden \u00f6nemli bir yol ald\u0131\u011f\u0131m\u0131z\u0131 s\u00f6yleyebilirim. BSM kimsenin art\u0131 de\u011fer elde edemeyece\u011fi, \u00fcretilen filmlerin k\u0131sa s\u00fcre sonunda (ortalama bir y\u0131l) teliften d\u00fc\u015ferek \u201ci\u015f\u00e7i s\u0131n\u0131f\u0131n\u0131n mal\u0131\u201d olarak yoluna devam edece\u011fi bir \u00fcretim yolu-metodu \u00fczerine kafa yoruyor, bunu kurmaya \u00e7al\u0131\u015f\u0131yor. Yani hep birlikte filmler \u00fcretece\u011fiz ve o filmler hepimizin olacak.<\/p>\n<p style=\"text-align: justify;\"><span style=\"color: #800000;\">BSM internet sitesi<\/span>: <a href=\"http:\/\/bagimsizsinemamerkezi.org\/\" target=\"_blank\">www.bagimsizsinemamerkezi.org <\/a><\/p>\n<p style=\"text-align: justify;\"><span style=\"color: #800000;\">Film internet sitesi:<\/span> <a href=\"http:\/\/www.2023vampirleringunu.com\/\" target=\"_blank\">www.2023vampirleringunu.com<\/a><\/p>\n<p style=\"text-align: justify;\"><strong>K\u0130M NE DED\u0130?\u00a0<\/strong><\/p>\n<p style=\"text-align: justify;\"><strong>BERAN SOYSAL (Oyuncu)<\/strong>: Mustafa Kenan Aybast\u0131&#8217;yla bu film \u00fczerine ilk konu\u015ftu\u011fumuzda, bir vampir filminden s\u00f6z edince, insanin akl\u0131na ilk etapta daha \u00f6nce yap\u0131lm\u0131\u015f \u00f6rnekleri geliyor elbette. Fakat ondan hik\u00e2yeyi daha ayr\u0131nt\u0131l\u0131 dinledik\u00e7e, i\u015fin asl\u0131n\u0131n hi\u00e7 de \u00f6yle olmad\u0131\u011f\u0131n\u0131 anlad\u0131m. A\u00e7\u0131k\u00e7as\u0131 hem T\u00fcrkiye&#8217;de bir ilk olacak olmas\u0131, hem de b\u00fcy\u00fck prod\u00fcksiyonlarla st\u00fcdyolarda \u00e7ekilmi\u015f \u00f6rneklerinin \u00f6tesinde, \u0130stanbul gibi canl\u0131 bir \u015fehrin sokaklar\u0131nda aksiyon dolu sahnelerin bizleri bekliyor olmas\u0131 \u015fimdiden heyecan veriyor\u2026<\/p>\n<p style=\"text-align: justify;\"><strong>ERMAN \u00c7EL\u0130K (Oyuncu)<\/strong>: Ya\u015fad\u0131\u011f\u0131m\u0131z zaman\u0131n de\u011ferleriyle derdimiz var, ama oturup dertlenecek zaman\u0131m\u0131z yok. Dertlerimiz bizi yan yana getiriyor. \u2018Devrimden Sonra\u2019 filminin \u00e7eken ekiple bulu\u015fmam\u0131z da bu \u015fekilde oldu. Yeni filme gelirsek, vampir imgesi tarihte \u00e7ok defalar kullan\u0131lagelmi\u015f ama bizim anlataca\u011f\u0131m\u0131z hik\u00e2yeyi en iyi \u00f6zetleyebilecek ifadelerden birini tan\u0131d\u0131k bir sima kullanm\u0131\u015f: Marx\u2019\u0131n Kapital I\u2019de dedi\u011fi gibi \u201cSermaye, \u00f6l\u00fc emektir ancak vampir gibi canl\u0131 eme\u011fi emmekle ya\u015fayabilir ve ne kadar emek emerse o kadar \u00e7ok ya\u015far.\u201d \u0130\u015fte derdimiz budur.<\/p>\n<p style=\"text-align: justify;\"><strong>MUSTAFA K\u00d6KSALAN (Y\u00f6netmen Yard\u0131mc\u0131s\u0131):<\/strong> San\u0131lan\u0131n aksine e\u011flenceli bir film bekliyor bizi, T\u00fcrkiye Sinemas\u0131 80\u2019lerle hesapla\u015fmakla beraber g\u00fcncel siyasi konular hakk\u0131nda fikir y\u00fcr\u00fctmeyi daha cesurca yapmazsa yar\u0131n kendilerine ayr\u0131lm\u0131\u015f k\u00fc\u00e7\u00fck oyun alanlar\u0131n\u0131 da bulamayabilir. Bu sebepten \u00f6t\u00fcr\u00fc bu filmi \u00f6nemli buluyorum.<\/p>\n<p style=\"text-align: justify;\"><strong>FERHAT AKTA\u015e (Oyuncu):<\/strong> Kenan&#8217;\u0131n &#8220;Devrimden Sonra&#8221; adl\u0131 filminde, onun daha ilerde nas\u0131l bir y\u00f6netmen olaca\u011f\u0131n\u0131 ve hep bu yolda y\u00fcr\u00fcyece\u011fini, bir derdinin ve m\u00fccadelesinin oldu\u011funu bunu anlatma bi\u00e7iminin de kendi usul\u00fc ile doland\u0131rmadan anlataca\u011f\u0131 filmler \u00e7ekece\u011fini anlam\u0131\u015ft\u0131m.&#8221;2023- Vampirlerin G\u00fcn\u00fc&#8221; filmi de bu meselenin e\u011flenceli bir \u015fekilde ele al\u0131nmas\u0131d\u0131r. Hep beraber el ele verip birlikte iyi bir film \u00e7\u0131karaca\u011f\u0131m\u0131za inan\u0131yorum.<\/p>\n<p style=\"text-align: justify;\"><strong>TANER C\u0130NDORUK (Oyuncu):<\/strong> Bir oyuncu olarak \u2013bir filmde rol almak- mant\u0131\u011f\u0131yla bu i\u015fe giri\u015fmedim\u2026 Zaten -ortada oynanan bir oyun var- biz yaln\u0131zca alt\u0131n\u0131 \u00e7izmi\u015f olduk\u2026 Ge\u00e7en y\u0131l Mustafa Kenan\u2019la \u2018Devrimden Sonra\u2019 adl\u0131 filmde \u00e7al\u0131\u015fm\u0131\u015ft\u0131k. Hani \u015fu g\u00fclmek, bir halk g\u00fclebiliyorsa g\u00fclmektir hadisesi\u2026 Bu filmde de, ayn\u0131 \u00f6zveriyle sa\u011flam bir duygu b\u0131rakmak istiyoruz yery\u00fcz\u00fcne\u2026 Gayet soylu ve hakl\u0131 bir d\u00fc\u015f\u00fcnce. Umar\u0131m bu halk y\u00fcz\u00fcm\u00fcz\u00fc kara \u00e7\u0131karmaz\u2026 Bakal\u0131m, ne g\u00f6rece\u011fiz.<\/p>\n<p style=\"text-align: justify;\"><a href=\"http:\/\/www.birgun.net\/cultures_index.php?news_code=1324646313&amp;year=2011&amp;month=12&amp;day=23\" target=\"_blank\">Kaynak : Serbay Mansuro\u011flu &#8211; B\u0130RG\u00dcN<\/a><\/p>\n<hr \/>\n<p style=\"text-align: justify;\"><span style=\"color: #800000; font-size: medium;\"><strong>Filmin Fragman\u0131 :<\/strong><\/span><\/p>\n<p style=\"text-align: justify;\">[vimeo width=&#8221;600&#8243; height=&#8221;337&#8243;]http:\/\/vimeo.com\/33539957[\/vimeo]<\/p>\n","protected":false},"excerpt":{"rendered":"<p style=\"text-align: center;\">\n<p style=\"text-align: justify;\">Devrimden Sonra filminin y\u00f6netmeni bu defa G\u00fclencileri ve AKP\u2019yi \u00e7ok k\u0131zd\u0131racak bir film haz\u0131rl\u0131\u011f\u0131nda. 2023-Vampirlerin G\u00fcn\u00fc adl\u0131 filmin fragman\u0131n\u0131 k\u0131sa bir s\u00fcre \u00f6nce kamuoyu ile payla\u015fan Mustafa Kenan Aybast\u0131, filmin nisan ay\u0131nda g\u00f6sterime girmesini planl\u0131yor. Ba\u011f\u0131ms\u0131z Sinema Merkezi b\u00fcnyesinde gen\u00e7 ve geni\u015f bir ekiple \u00e7al\u0131\u015fmalar\u0131n\u0131 s\u00fcrd\u00fcren y\u00f6netmen Aybast\u0131, 2023 y\u0131l\u0131nda <\/p>\n","protected":false},"author":1,"featured_media":0,"comment_status":"open","ping_status":"open","sticky":false,"template":"","format":"standard","meta":{"footnotes":""},"categories":[105,8],"tags":[],"class_list":["post-45027","post","type-post","status-publish","format-standard","hentry","category-gundem","category-kultur-sanat","odd"],"_links":{"self":[{"href":"http:\/\/www.korhanyilmaz.com\/index.php?rest_route=\/wp\/v2\/posts\/45027","targetHints":{"allow":["GET"]}}],"collection":[{"href":"http:\/\/www.korhanyilmaz.com\/index.php?rest_route=\/wp\/v2\/posts"}],"about":[{"href":"http:\/\/www.korhanyilmaz.com\/index.php?rest_route=\/wp\/v2\/types\/post"}],"author":[{"embeddable":true,"href":"http:\/\/www.korhanyilmaz.com\/index.php?rest_route=\/wp\/v2\/users\/1"}],"replies":[{"embeddable":true,"href":"http:\/\/www.korhanyilmaz.com\/index.php?rest_route=%2Fwp%2Fv2%2Fcomments&post=45027"}],"version-history":[{"count":0,"href":"http:\/\/www.korhanyilmaz.com\/index.php?rest_route=\/wp\/v2\/posts\/45027\/revisions"}],"wp:attachment":[{"href":"http:\/\/www.korhanyilmaz.com\/index.php?rest_route=%2Fwp%2Fv2%2Fmedia&parent=45027"}],"wp:term":[{"taxonomy":"category","embeddable":true,"href":"http:\/\/www.korhanyilmaz.com\/index.php?rest_route=%2Fwp%2Fv2%2Fcategories&post=45027"},{"taxonomy":"post_tag","embeddable":true,"href":"http:\/\/www.korhanyilmaz.com\/index.php?rest_route=%2Fwp%2Fv2%2Ftags&post=45027"}],"curies":[{"name":"wp","href":"https:\/\/api.w.org\/{rel}","templated":true}]}}