{"id":45023,"date":"2011-12-23T13:15:53","date_gmt":"2011-12-23T11:15:53","guid":{"rendered":"http:\/\/www.korhanyilmaz.com\/?p=45023"},"modified":"2011-12-23T16:19:17","modified_gmt":"2011-12-23T14:19:17","slug":"dort-parti-anlasti-vekiller-baslarina-talih-kusu-kondurdu","status":"publish","type":"post","link":"http:\/\/www.korhanyilmaz.com\/?p=45023","title":{"rendered":"D\u00f6rt parti anla\u015ft\u0131&#8230; Vekiller ba\u015flar\u0131na talih ku\u015fu kondurdu"},"content":{"rendered":"<p style=\"text-align: center;\"><a href=\"http:\/\/www.korhanyilmaz.com\/wp-content\/uploads\/2011\/12\/8712.jpg\"  class=\"lightview\"><img loading=\"lazy\" decoding=\"async\" class=\"aligncenter  wp-image-45024\" src=\"http:\/\/www.korhanyilmaz.com\/wp-content\/uploads\/2011\/12\/8712.jpg\" alt=\"\" width=\"398\" height=\"223\" \/><\/a><\/p>\n<p style=\"text-align: justify;\">Vatanda\u015f\u0131n ila\u00e7 giderlerini art\u0131ran yasa, milletvekillerinin y\u00fcz\u00fcn\u00fc g\u00fcld\u00fcrd\u00fc. Aile hekimlerinin yazd\u0131\u011f\u0131 re\u00e7etelerden de 3 lira katk\u0131 pay\u0131 al\u0131nmas\u0131 ve 3 ila\u00e7tan sonra ilave 1 lira katk\u0131 al\u0131nmas\u0131n\u0131 \u00f6ng\u00f6ren yasa tasar\u0131s\u0131; emekli vekil maa\u015flar\u0131nda 3 ila 5 bin lira art\u0131\u015f sa\u011flad\u0131.\u00a0<!--more--><\/p>\n<p style=\"text-align: justify;\">D\u00f6rt partinin anla\u015fmas\u0131 sonucu; emekli vekil maa\u015flar\u0131 3 bin lira; daha \u00f6nce emekli olan ama halen milletvekilli\u011fi yapan vekil maa\u015f\u0131 ise 5 bin lira birden artt\u0131. Ayr\u0131ca yeni se\u00e7ilen milletvekillerinin, 2 y\u0131l vekillik yapmas\u0131 durumunda, milletvekili olarak emekli olmalar\u0131n\u0131n da \u00f6n\u00fc a\u00e7\u0131ld\u0131.<\/p>\n<p style=\"text-align: justify;\">TBMM Genel Kurulu&#8217;nda d\u00fcn g\u00f6r\u00fc\u015f\u00fclen yasa tasar\u0131s\u0131na AKP, CHP, MHP ve BDP&#8217;li t\u00fcm vekillerin ortak \u00f6nergesiyle bir dizi madde eklendi. Buna g\u00f6re emeklilik hakk\u0131n\u0131 elde eden ancak halen milletvekilli\u011fi yapan vekillerin maa\u015flar\u0131 5 bin lira artt\u0131. Ayr\u0131ca SSK ve Ba\u011f-Kur k\u00f6kenli milletvekillerine de iki y\u0131l \u00e7al\u0131\u015ft\u0131ktan sonra ayr\u0131cal\u0131kl\u0131 emeklilik hakk\u0131ndan yararlanma imkan\u0131 getirildi. B\u00f6ylece i\u015f\u00e7i k\u00f6kenli oldu\u011fu i\u00e7in milletvekili emeklisi olamayacak 220 vekil de 2 y\u0131l \u00e7al\u0131\u015ft\u0131ktan sonra 5 bin 628 lira emekli ayl\u0131\u011f\u0131 alma hakk\u0131 getirildi.<\/p>\n<p style=\"text-align: justify;\"><strong>EMEKL\u0130 VEK\u0130L MAA\u015eI 3 B\u0130N L\u0130RA ARTTI\u00a0<\/strong><\/p>\n<p style=\"text-align: justify;\">Maa\u015f ve emekli ayl\u0131klar\u0131 Ba\u015fbakanl\u0131k M\u00fcste\u015far\u0131n\u0131n maa\u015f\u0131na endeksli bulunan milletvekilleri, emeklilik hakk\u0131 bak\u0131m\u0131ndan Cumhurba\u015fkan\u0131n\u0131n emekli ayl\u0131\u011f\u0131na endekslendi. B\u00f6ylece, halen 5 bin lira olan emekli vekil ayl\u0131\u011f\u0131 8 bin liraya y\u00fckseldi.<\/p>\n<p style=\"text-align: justify;\"><strong>HEM EMEKL\u0130 HEM \u00c7ALI\u015eAN VEK\u0130LE 19 B\u0130N 300 L\u0130RA\u00a0<\/strong><\/p>\n<p style=\"text-align: justify;\">Ayr\u0131ca yeniden se\u00e7ilen emekli vekillerin ayl\u0131\u011f\u0131ndan yap\u0131lan kesintiler de kald\u0131r\u0131ld\u0131. Oysa mevcut emekliler, bir i\u015fte \u00e7al\u0131\u015fmalar\u0131 durumunda emekli maa\u015flar\u0131ndan y\u00fczde 15 oran\u0131nda &#8216;sosyal g\u00fcvenlik destek primi&#8217; kesiliyor. \u0130\u015fte emekli vekillerden yap\u0131lan bu kesintinin kald\u0131r\u0131lmas\u0131yla, milletvekilli\u011finden emekli oldu\u011fu halde, halen vekil olan yakla\u015f\u0131k 200 ki\u015finin maa\u015f\u0131nda 5 bin lira art\u0131\u015f olacak. B\u00f6ylece bu vekillerin ellerine ge\u00e7en ayl\u0131k tutar\u0131 14 bin 300 liradan 19 bin 300 liraya \u00e7\u0131kacak.<\/p>\n<p style=\"text-align: justify;\">Emekli Sand\u0131\u011f\u0131 Kanunu ile baz\u0131 kanunlarda de\u011fi\u015fiklik yapan yasan\u0131n milletvekillerine yeni y\u0131l piyangosu olurken; vatanda\u015f\u0131n ilaca katk\u0131 pay\u0131n\u0131 ise art\u0131rd\u0131. Buna g\u00f6re aile hekimlerinin yazd\u0131klar\u0131 re\u00e7eteler de dahil; ayakta tedavilerde yaz\u0131lan re\u00e7etelerde 3 ilaca kadar 3 lira al\u0131nmas\u0131 \u00f6ng\u00f6r\u00fcld\u00fc. \u0130lave her bir ila\u00e7 i\u00e7inse 1 lira katk\u0131 pay\u0131 al\u0131nacak.<\/p>\n<p style=\"text-align: justify;\">12 Haziran Se\u00e7imlerinde ilk kez se\u00e7ilen milletvekili maa\u015f\u0131: 11 bin 250 TL<\/p>\n<p style=\"text-align: justify;\">Emekli Milletvekili Ayl\u0131\u011f\u0131: 5 bin TL&#8217;den 8 bin TL&#8217;ye \u00e7\u0131kacak<\/p>\n<p style=\"text-align: justify;\">Emekli oldu\u011fu halde halen \u00e7al\u0131\u015fan milletvekilinin eline ge\u00e7en ise; 14 bin 300 TL&#8217;den 19 bin 300 TL&#8217;ye \u00e7\u0131kacak.<\/p>\n<p style=\"text-align: justify;\"><a href=\"http:\/\/www.hurriyet.com.tr\/ekonomi\/19525321.asp\" target=\"_blank\">Kaynak : Aysel Alp &#8211; H\u00fcrriyet.com.tr<\/a><\/p>\n","protected":false},"excerpt":{"rendered":"<p style=\"text-align: center;\">\n<p style=\"text-align: justify;\">Vatanda\u015f\u0131n ila\u00e7 giderlerini art\u0131ran yasa, milletvekillerinin y\u00fcz\u00fcn\u00fc g\u00fcld\u00fcrd\u00fc. Aile hekimlerinin yazd\u0131\u011f\u0131 re\u00e7etelerden de 3 lira katk\u0131 pay\u0131 al\u0131nmas\u0131 ve 3 ila\u00e7tan sonra ilave 1 lira katk\u0131 al\u0131nmas\u0131n\u0131 \u00f6ng\u00f6ren yasa tasar\u0131s\u0131; emekli vekil maa\u015flar\u0131nda 3 ila 5 bin lira art\u0131\u015f sa\u011flad\u0131. <\/p>\n","protected":false},"author":1,"featured_media":0,"comment_status":"open","ping_status":"open","sticky":false,"template":"","format":"standard","meta":{"footnotes":""},"categories":[7],"tags":[],"class_list":["post-45023","post","type-post","status-publish","format-standard","hentry","category-ekonomi","odd"],"_links":{"self":[{"href":"http:\/\/www.korhanyilmaz.com\/index.php?rest_route=\/wp\/v2\/posts\/45023","targetHints":{"allow":["GET"]}}],"collection":[{"href":"http:\/\/www.korhanyilmaz.com\/index.php?rest_route=\/wp\/v2\/posts"}],"about":[{"href":"http:\/\/www.korhanyilmaz.com\/index.php?rest_route=\/wp\/v2\/types\/post"}],"author":[{"embeddable":true,"href":"http:\/\/www.korhanyilmaz.com\/index.php?rest_route=\/wp\/v2\/users\/1"}],"replies":[{"embeddable":true,"href":"http:\/\/www.korhanyilmaz.com\/index.php?rest_route=%2Fwp%2Fv2%2Fcomments&post=45023"}],"version-history":[{"count":0,"href":"http:\/\/www.korhanyilmaz.com\/index.php?rest_route=\/wp\/v2\/posts\/45023\/revisions"}],"wp:attachment":[{"href":"http:\/\/www.korhanyilmaz.com\/index.php?rest_route=%2Fwp%2Fv2%2Fmedia&parent=45023"}],"wp:term":[{"taxonomy":"category","embeddable":true,"href":"http:\/\/www.korhanyilmaz.com\/index.php?rest_route=%2Fwp%2Fv2%2Fcategories&post=45023"},{"taxonomy":"post_tag","embeddable":true,"href":"http:\/\/www.korhanyilmaz.com\/index.php?rest_route=%2Fwp%2Fv2%2Ftags&post=45023"}],"curies":[{"name":"wp","href":"https:\/\/api.w.org\/{rel}","templated":true}]}}